{"id":1181,"date":"2023-05-10T08:03:16","date_gmt":"2023-05-10T08:03:16","guid":{"rendered":"https:\/\/blog.nordvillaspollensa.com\/?p=1181"},"modified":"2023-05-10T08:03:17","modified_gmt":"2023-05-10T08:03:17","slug":"beliebte-feste-in-pollensa","status":"publish","type":"post","link":"https:\/\/blog.nordvillaspollensa.com\/de\/beliebte-feste-in-pollensa\/","title":{"rendered":"Beliebte Feste in Pollensa"},"content":{"rendered":"\n<p>Denken Sie daran, einen <strong>Urlaub auf Mallorca<\/strong> zu verbringen? Dann sind wir \u00fcberzeugt, dass Sie einen sehr guten Geschmack haben.&nbsp;<\/p>\n\n\n\n<p>Unsere sch\u00f6ne Insel ist eines der beliebtesten Reiseziele im Mittelmeer. Sie ist bekannt f\u00fcr ihre herrlichen Str\u00e4nde mit <strong>kristallklarem Wasser<\/strong>, ihre reiche Geschichte und Kultur und ihr lebhaftes Nachtleben.<\/p>\n\n\n\n<p>Mit seinem warmen Klima und seinen traumhaften Landschaften zieht Mallorca Besucher aus der ganzen Welt an. Von spanischen Reisenden und Bewohnern der Nachbarinseln, aber auch von denen, die die Grenzen \u00fcberschreiten.&nbsp;<\/p>\n\n\n\n<p>Vom Entspannen an idyllischen Str\u00e4nden \u00fcber die Erkundung malerischer D\u00f6rfer bis hin zum Genie\u00dfen der lokalen Gastronomie &#8211; Mallorca ist die perfekte Insel, um Erlebnisse f\u00fcr jeden Geschmack zu kombinieren.&nbsp;<\/p>\n\n\n\n<p>Eine weitere wunderbare M\u00f6glichkeit, den Charme der Insel zu genie\u00dfen, sind ihre beliebten Veranstaltungen. Von lebhaften lokalen Fiestas bis hin zu internationalen Veranstaltungen, die Besucher aus der ganzen Welt anziehen.&nbsp;<\/p>\n\n\n\n<p>Auf Mallorca finden das ganze Jahr \u00fcber <strong>beliebte Veranstaltungen<\/strong> in den D\u00f6rfern statt, doch heute wollen wir uns auf das wichtigste Fest der Einwohner von Pollen\u00e7a konzentrieren, das Sie nicht verpassen sollten, wenn Sie Ihren Urlaub auf Mallorca verbringen.<\/p>\n\n\n\n<h2 class=\"wp-block-heading\">Feste in Pollensa<\/h2>\n\n\n\n<p>Pollensa, <strong>der Schatz Mallorcas<\/strong>, ist die ideale Region Mallorcas, um Ihren Urlaub zu verbringen, im Winter, im Sommer oder zu jeder Jahreszeit. Diese Region verf\u00fcgt \u00fcber privilegierte Orte, die Meer und Berge miteinander verbinden. Als Kuriosit\u00e4t sei erw\u00e4hnt, dass das Dorf w\u00e4hrend der katalanisch-christlichen Eroberung im 13. Jahrhundert gegr\u00fcndet wurde. Im heutigen Beitrag k\u00f6nnen Sie die beliebtesten Feste der Region entdecken.<\/p>\n\n\n\n<h3 class=\"wp-block-heading\">La Patrona&nbsp;<\/h3>\n\n\n\n<p>Merken Sie sich den zweiten Tag im August in Ihrem Terminkalender vor!&nbsp; Einer der wichtigsten Tage f\u00fcr die Einwohner von Pollensa. Die Stadt kleidet sich zu Ehren ihrer Schutzpatronin, <strong>Nuestra Se\u00f1ora de los \u00c1ngeles<\/strong>, in Wei\u00df und Farben und feiert die Geschichte und die Traditionen mit gro\u00dfer Begeisterung.&nbsp;<\/p>\n\n\n\n<p>W\u00e4hrend dieses Festes finden zahlreiche Veranstaltungen statt, denn es ist eine Woche voller Festlichkeiten. Das wichtigste und aufregendste Ereignis des<strong> Patronatsfestes<\/strong> ist jedoch zweifellos die Nachstellung der Schlacht zwischen<strong> Mauren und Christen.<\/strong><\/p>\n\n\n\n<p>Um dieses Fest in den richtigen Kontext zu stellen, muss man viele Jahrhunderte zur\u00fcckgehen. Jahrhundert zur\u00fcck, als die Pollencins (Christen) in der Nacht vom 30. auf den 31. Mai 1550 ihre Stadt gegen die sarazenischen Korsaren (Mauren) verteidigten. Eines der wichtigsten Elemente der Feierlichkeiten ist der Tanz der &#8222;cossiers&#8220;. Wussten Sie, dass er 1981 nach 71 Jahren Abwesenheit wieder eingef\u00fchrt wurde?<\/p>\n\n\n\n<h3 class=\"wp-block-heading\">Feier der Moros y Cristianos (Mauren und Christen)<\/h3>\n\n\n\n<p>Jedes Jahr am 2. August, w\u00e4hrend des Festes der <strong>Mare de D\u00e9u dels \u00c0ngels<\/strong>, der Schutzpatronin, finden verschiedene Feierlichkeiten statt, von denen das Fest der \u201c<strong>Moros y Cristianos<\/strong> <strong>in Pollensa\u201c <\/strong>&nbsp;besonders hervorzuheben ist. Hier wird eine spannende Schlacht nachgestellt, die 1550 gegen die Piraten gewonnen wurde. Die Nachstellung ist detailgetreu und realistisch, die Darsteller sind in wei\u00dfe Nachthemden gekleidet, als w\u00e4ren sie um Mitternacht gefangen worden, genau wie in der urspr\u00fcnglichen Schlacht.<\/p>\n\n\n\n<p>Die Auff\u00fchrung beginnt auf der <strong>\u201c<\/strong><strong>calle mayor<\/strong><strong>\u201c<\/strong> <strong>von Pollensa<\/strong>, wo die erste Konfrontation zwischen den Christen und den Piraten inszeniert wird. Der Kampf wird mit Leidenschaft, Choreographie und Spezialeffekten interpretiert, was die Zuschauer einl\u00e4dt, in die Atmosph\u00e4re der damaligen Zeit einzutauchen.&nbsp;<\/p>\n\n\n\n<p>Die n\u00e4chste Schlacht findet auf der Pla\u00e7a de Sant Jordi statt, wo die Spannung noch gesteigert wird, da die Schauspieler den Kampf gekonnt darstellen und sogar die Ger\u00e4usche der klirrenden Schwerter und die Schreie der K\u00e4mpfer nachahmen.&nbsp;<\/p>\n\n\n\n<p>Die letzte Schlacht findet auf dem Fu\u00dfballplatz statt, wo der H\u00f6hepunkt des Sieges der Christen \u00fcber die Piraten dargestellt wird. Sobald der Sieg errungen ist, wird ein beeindruckendes Feuerwerk von der Burg aus gez\u00fcndet. Die Farben und Lichter erhellen die Nacht und schaffen einen wahrhaft magischen Moment.&nbsp;<\/p>\n\n\n\n<p>Die Nachstellung dieser Schlacht w\u00e4hrend des <strong>Patronatsfestes<\/strong> ist f\u00fcr die Einwohner ein sehr aufregendes und spektakul\u00e4res Ereignis, da es eine gro\u00dfe Hommage an die Geschichte und die Tapferkeit ihrer Vorfahren aus dem XVI Jahrhundert ist.<\/p>\n\n\n\n<h2 class=\"wp-block-heading\">Ferienh\u00e4user auf Mallorca<\/h2>\n\n\n\n<p>Nach einer solchen Party ist es das Wichtigste, einen Ort zum Ausruhen zu haben. Deshalb laden wir Sie ein, den perfekten Ort f\u00fcr Ihren <strong>Urlaub auf Mallorca<\/strong> zu entdecken: <strong>Nord Villas Pollensa.<\/strong>&nbsp;<\/p>\n\n\n\n<p>Egal, ob Sie mit Freunden, der Familie oder mit Ihrem Partner einen romantischen Urlaub verbringen m\u00f6chten, bei <strong>Nord Villas Pollensa<\/strong> finden Sie die <strong>ideale Unterkunft<\/strong>. Wir haben uns auf <strong>Ferienh\u00e4user auf Mallorca <\/strong>spezialisiert, insbesondere im Norden der Insel, damit Sie Ihren Aufenthalt in vollen Z\u00fcgen genie\u00dfen k\u00f6nnen.&nbsp;<\/p>\n\n\n\n<p>Bei uns finden Sie die perfekte Villa mit allem Komfort, den Sie sich vorstellen k\u00f6nnen, und der Ihnen die n\u00f6tige Ruhe w\u00e4hrend Ihres Urlaubs garantiert. Wir haben eine unendliche Auswahl an Villen und Fincas und die entsprechende Erkl\u00e4rung in Bezug auf Gr\u00f6\u00dfe, Ausstattung, Annehmlichkeiten, so dass Sie diejenige finden k\u00f6nnen, die am besten zu Ihren Vorlieben und Bed\u00fcrfnissen passt.&nbsp;<\/p>\n\n\n\n<p>Komplette Unterkunft, Privatsph\u00e4re, Freiheit, Swimmingpool, Berge&#8230; K\u00f6nnen Sie sich eine bessere Art vorstellen, Ihren Urlaub zu genie\u00dfen? Unsere <strong>Ferienh\u00e4user auf Mallorca<\/strong> haben einen ganz besonderen Charme, der Ihnen in Erinnerung bleiben wird, das wissen wir!&nbsp;<\/p>\n\n\n\n<p>Wir bem\u00fchen uns jeden Tag darum, dass Sie immer wieder gerne zur\u00fcckkommen und Ihren Urlaub mit Ihren Liebsten genie\u00dfen. Lassen Sie Ihre einzige Sorge, wenn Sie in einer der Villen unseres Portals <strong>Nord Villas Pollensa<\/strong> wohnen, sein, Ihren Urlaub zu genie\u00dfen!&nbsp;<br>Wir von <strong>Nord Villas Pollensa<\/strong> freuen uns darauf, Sie kennenzulernen und Ihnen ein unvergessliches Erlebnis zu bieten. Machen Sie sich bereit f\u00fcr einen Traumurlaub!<\/p>\n","protected":false},"excerpt":{"rendered":"<p>Denken Sie daran, einen Urlaub auf Mallorca zu verbringen? Dann sind wir \u00fcberzeugt, dass Sie einen sehr guten Geschmack haben.&nbsp;&#8230;<\/p>\n","protected":false},"author":2,"featured_media":1176,"comment_status":"open","ping_status":"closed","sticky":false,"template":"","format":"standard","meta":{"footnotes":""},"categories":[2],"tags":[],"class_list":["post-1181","post","type-post","status-publish","format-standard","has-post-thumbnail","hentry","category-unkategorisiert"],"yoast_head":"<!-- This site is optimized with the Yoast SEO plugin v27.5 - https:\/\/yoast.com\/product\/yoast-seo-wordpress\/ -->\n<title>Beliebte Feste in Pollensa | Blog Nord Villas Pollensa<\/title>\n<meta name=\"description\" content=\"Auf Mallorca gibt es viele beliebte Veranstaltungen. Heute werden wir \u00fcber das wichtigste Fest f\u00fcr die Einwohner von Pollen\u00e7a sprechen.\" \/>\n<meta name=\"robots\" content=\"index, follow, max-snippet:-1, max-image-preview:large, max-video-preview:-1\" \/>\n<link rel=\"canonical\" href=\"https:\/\/blog.nordvillaspollensa.com\/de\/beliebte-feste-in-pollensa\/\" \/>\n<meta property=\"og:locale\" content=\"de_DE\" \/>\n<meta property=\"og:type\" content=\"article\" \/>\n<meta property=\"og:title\" content=\"Beliebte Feste in Pollensa | Blog Nord Villas Pollensa\" \/>\n<meta property=\"og:description\" content=\"Auf Mallorca gibt es viele beliebte Veranstaltungen. Heute werden wir \u00fcber das wichtigste Fest f\u00fcr die Einwohner von Pollen\u00e7a sprechen.\" \/>\n<meta property=\"og:url\" content=\"https:\/\/blog.nordvillaspollensa.com\/de\/beliebte-feste-in-pollensa\/\" \/>\n<meta property=\"og:site_name\" content=\"Blog\" \/>\n<meta property=\"article:published_time\" content=\"2023-05-10T08:03:16+00:00\" \/>\n<meta property=\"article:modified_time\" content=\"2023-05-10T08:03:17+00:00\" \/>\n<meta property=\"og:image\" content=\"https:\/\/blog.nordvillaspollensa.com\/wp-content\/uploads\/2023\/05\/Mantenimiento-Post-Quintana-5.jpg\" \/>\n\t<meta property=\"og:image:width\" content=\"1080\" \/>\n\t<meta property=\"og:image:height\" content=\"1080\" \/>\n\t<meta property=\"og:image:type\" content=\"image\/jpeg\" \/>\n<meta name=\"author\" content=\"nordvillaspollensa\" \/>\n<meta name=\"twitter:card\" content=\"summary_large_image\" \/>\n<meta name=\"twitter:label1\" content=\"Verfasst von\" \/>\n\t<meta name=\"twitter:data1\" content=\"nordvillaspollensa\" \/>\n\t<meta name=\"twitter:label2\" content=\"Gesch\u00e4tzte Lesezeit\" \/>\n\t<meta name=\"twitter:data2\" content=\"4\u00a0Minuten\" \/>\n<script type=\"application\/ld+json\" class=\"yoast-schema-graph\">{\"@context\":\"https:\\\/\\\/schema.org\",\"@graph\":[{\"@type\":\"Article\",\"@id\":\"https:\\\/\\\/blog.nordvillaspollensa.com\\\/de\\\/beliebte-feste-in-pollensa\\\/#article\",\"isPartOf\":{\"@id\":\"https:\\\/\\\/blog.nordvillaspollensa.com\\\/de\\\/beliebte-feste-in-pollensa\\\/\"},\"author\":{\"name\":\"nordvillaspollensa\",\"@id\":\"https:\\\/\\\/blog.nordvillaspollensa.com\\\/#\\\/schema\\\/person\\\/bc98f3f935de2b7ef2d8b3e674c7861d\"},\"headline\":\"Beliebte Feste in Pollensa\",\"datePublished\":\"2023-05-10T08:03:16+00:00\",\"dateModified\":\"2023-05-10T08:03:17+00:00\",\"mainEntityOfPage\":{\"@id\":\"https:\\\/\\\/blog.nordvillaspollensa.com\\\/de\\\/beliebte-feste-in-pollensa\\\/\"},\"wordCount\":945,\"commentCount\":0,\"image\":{\"@id\":\"https:\\\/\\\/blog.nordvillaspollensa.com\\\/de\\\/beliebte-feste-in-pollensa\\\/#primaryimage\"},\"thumbnailUrl\":\"https:\\\/\\\/blog.nordvillaspollensa.com\\\/wp-content\\\/uploads\\\/2023\\\/05\\\/Mantenimiento-Post-Quintana-5.jpg\",\"articleSection\":[\"Unkategorisiert\"],\"inLanguage\":\"de\",\"potentialAction\":[{\"@type\":\"CommentAction\",\"name\":\"Comment\",\"target\":[\"https:\\\/\\\/blog.nordvillaspollensa.com\\\/de\\\/beliebte-feste-in-pollensa\\\/#respond\"]}]},{\"@type\":\"WebPage\",\"@id\":\"https:\\\/\\\/blog.nordvillaspollensa.com\\\/de\\\/beliebte-feste-in-pollensa\\\/\",\"url\":\"https:\\\/\\\/blog.nordvillaspollensa.com\\\/de\\\/beliebte-feste-in-pollensa\\\/\",\"name\":\"Beliebte Feste in Pollensa | Blog Nord Villas Pollensa\",\"isPartOf\":{\"@id\":\"https:\\\/\\\/blog.nordvillaspollensa.com\\\/#website\"},\"primaryImageOfPage\":{\"@id\":\"https:\\\/\\\/blog.nordvillaspollensa.com\\\/de\\\/beliebte-feste-in-pollensa\\\/#primaryimage\"},\"image\":{\"@id\":\"https:\\\/\\\/blog.nordvillaspollensa.com\\\/de\\\/beliebte-feste-in-pollensa\\\/#primaryimage\"},\"thumbnailUrl\":\"https:\\\/\\\/blog.nordvillaspollensa.com\\\/wp-content\\\/uploads\\\/2023\\\/05\\\/Mantenimiento-Post-Quintana-5.jpg\",\"datePublished\":\"2023-05-10T08:03:16+00:00\",\"dateModified\":\"2023-05-10T08:03:17+00:00\",\"author\":{\"@id\":\"https:\\\/\\\/blog.nordvillaspollensa.com\\\/#\\\/schema\\\/person\\\/bc98f3f935de2b7ef2d8b3e674c7861d\"},\"description\":\"Auf Mallorca gibt es viele beliebte Veranstaltungen. Heute werden wir \u00fcber das wichtigste Fest f\u00fcr die Einwohner von Pollen\u00e7a sprechen.\",\"breadcrumb\":{\"@id\":\"https:\\\/\\\/blog.nordvillaspollensa.com\\\/de\\\/beliebte-feste-in-pollensa\\\/#breadcrumb\"},\"inLanguage\":\"de\",\"potentialAction\":[{\"@type\":\"ReadAction\",\"target\":[\"https:\\\/\\\/blog.nordvillaspollensa.com\\\/de\\\/beliebte-feste-in-pollensa\\\/\"]}]},{\"@type\":\"ImageObject\",\"inLanguage\":\"de\",\"@id\":\"https:\\\/\\\/blog.nordvillaspollensa.com\\\/de\\\/beliebte-feste-in-pollensa\\\/#primaryimage\",\"url\":\"https:\\\/\\\/blog.nordvillaspollensa.com\\\/wp-content\\\/uploads\\\/2023\\\/05\\\/Mantenimiento-Post-Quintana-5.jpg\",\"contentUrl\":\"https:\\\/\\\/blog.nordvillaspollensa.com\\\/wp-content\\\/uploads\\\/2023\\\/05\\\/Mantenimiento-Post-Quintana-5.jpg\",\"width\":1080,\"height\":1080,\"caption\":\"Moros y Cristianos\"},{\"@type\":\"BreadcrumbList\",\"@id\":\"https:\\\/\\\/blog.nordvillaspollensa.com\\\/de\\\/beliebte-feste-in-pollensa\\\/#breadcrumb\",\"itemListElement\":[{\"@type\":\"ListItem\",\"position\":1,\"name\":\"Home\",\"item\":\"https:\\\/\\\/blog.nordvillaspollensa.com\\\/\"},{\"@type\":\"ListItem\",\"position\":2,\"name\":\"Beliebte Feste in Pollensa\"}]},{\"@type\":\"WebSite\",\"@id\":\"https:\\\/\\\/blog.nordvillaspollensa.com\\\/#website\",\"url\":\"https:\\\/\\\/blog.nordvillaspollensa.com\\\/\",\"name\":\"Blog\",\"description\":\"\",\"potentialAction\":[{\"@type\":\"SearchAction\",\"target\":{\"@type\":\"EntryPoint\",\"urlTemplate\":\"https:\\\/\\\/blog.nordvillaspollensa.com\\\/?s={search_term_string}\"},\"query-input\":{\"@type\":\"PropertyValueSpecification\",\"valueRequired\":true,\"valueName\":\"search_term_string\"}}],\"inLanguage\":\"de\"},{\"@type\":\"Person\",\"@id\":\"https:\\\/\\\/blog.nordvillaspollensa.com\\\/#\\\/schema\\\/person\\\/bc98f3f935de2b7ef2d8b3e674c7861d\",\"name\":\"nordvillaspollensa\",\"image\":{\"@type\":\"ImageObject\",\"inLanguage\":\"de\",\"@id\":\"https:\\\/\\\/secure.gravatar.com\\\/avatar\\\/99197ff27043ec5d46dbc6d45891ee2769f2141cd226b537f17594ef60f82c55?s=96&d=mm&r=g\",\"url\":\"https:\\\/\\\/secure.gravatar.com\\\/avatar\\\/99197ff27043ec5d46dbc6d45891ee2769f2141cd226b537f17594ef60f82c55?s=96&d=mm&r=g\",\"contentUrl\":\"https:\\\/\\\/secure.gravatar.com\\\/avatar\\\/99197ff27043ec5d46dbc6d45891ee2769f2141cd226b537f17594ef60f82c55?s=96&d=mm&r=g\",\"caption\":\"nordvillaspollensa\"},\"url\":\"https:\\\/\\\/blog.nordvillaspollensa.com\\\/de\\\/author\\\/nordvillaspollensa\\\/\"}]}<\/script>\n<!-- \/ Yoast SEO plugin. -->","yoast_head_json":{"title":"Beliebte Feste in Pollensa | Blog Nord Villas Pollensa","description":"Auf Mallorca gibt es viele beliebte Veranstaltungen. Heute werden wir \u00fcber das wichtigste Fest f\u00fcr die Einwohner von Pollen\u00e7a sprechen.","robots":{"index":"index","follow":"follow","max-snippet":"max-snippet:-1","max-image-preview":"max-image-preview:large","max-video-preview":"max-video-preview:-1"},"canonical":"https:\/\/blog.nordvillaspollensa.com\/de\/beliebte-feste-in-pollensa\/","og_locale":"de_DE","og_type":"article","og_title":"Beliebte Feste in Pollensa | Blog Nord Villas Pollensa","og_description":"Auf Mallorca gibt es viele beliebte Veranstaltungen. Heute werden wir \u00fcber das wichtigste Fest f\u00fcr die Einwohner von Pollen\u00e7a sprechen.","og_url":"https:\/\/blog.nordvillaspollensa.com\/de\/beliebte-feste-in-pollensa\/","og_site_name":"Blog","article_published_time":"2023-05-10T08:03:16+00:00","article_modified_time":"2023-05-10T08:03:17+00:00","og_image":[{"width":1080,"height":1080,"url":"https:\/\/blog.nordvillaspollensa.com\/wp-content\/uploads\/2023\/05\/Mantenimiento-Post-Quintana-5.jpg","type":"image\/jpeg"}],"author":"nordvillaspollensa","twitter_card":"summary_large_image","twitter_misc":{"Verfasst von":"nordvillaspollensa","Gesch\u00e4tzte Lesezeit":"4\u00a0Minuten"},"schema":{"@context":"https:\/\/schema.org","@graph":[{"@type":"Article","@id":"https:\/\/blog.nordvillaspollensa.com\/de\/beliebte-feste-in-pollensa\/#article","isPartOf":{"@id":"https:\/\/blog.nordvillaspollensa.com\/de\/beliebte-feste-in-pollensa\/"},"author":{"name":"nordvillaspollensa","@id":"https:\/\/blog.nordvillaspollensa.com\/#\/schema\/person\/bc98f3f935de2b7ef2d8b3e674c7861d"},"headline":"Beliebte Feste in Pollensa","datePublished":"2023-05-10T08:03:16+00:00","dateModified":"2023-05-10T08:03:17+00:00","mainEntityOfPage":{"@id":"https:\/\/blog.nordvillaspollensa.com\/de\/beliebte-feste-in-pollensa\/"},"wordCount":945,"commentCount":0,"image":{"@id":"https:\/\/blog.nordvillaspollensa.com\/de\/beliebte-feste-in-pollensa\/#primaryimage"},"thumbnailUrl":"https:\/\/blog.nordvillaspollensa.com\/wp-content\/uploads\/2023\/05\/Mantenimiento-Post-Quintana-5.jpg","articleSection":["Unkategorisiert"],"inLanguage":"de","potentialAction":[{"@type":"CommentAction","name":"Comment","target":["https:\/\/blog.nordvillaspollensa.com\/de\/beliebte-feste-in-pollensa\/#respond"]}]},{"@type":"WebPage","@id":"https:\/\/blog.nordvillaspollensa.com\/de\/beliebte-feste-in-pollensa\/","url":"https:\/\/blog.nordvillaspollensa.com\/de\/beliebte-feste-in-pollensa\/","name":"Beliebte Feste in Pollensa | Blog Nord Villas Pollensa","isPartOf":{"@id":"https:\/\/blog.nordvillaspollensa.com\/#website"},"primaryImageOfPage":{"@id":"https:\/\/blog.nordvillaspollensa.com\/de\/beliebte-feste-in-pollensa\/#primaryimage"},"image":{"@id":"https:\/\/blog.nordvillaspollensa.com\/de\/beliebte-feste-in-pollensa\/#primaryimage"},"thumbnailUrl":"https:\/\/blog.nordvillaspollensa.com\/wp-content\/uploads\/2023\/05\/Mantenimiento-Post-Quintana-5.jpg","datePublished":"2023-05-10T08:03:16+00:00","dateModified":"2023-05-10T08:03:17+00:00","author":{"@id":"https:\/\/blog.nordvillaspollensa.com\/#\/schema\/person\/bc98f3f935de2b7ef2d8b3e674c7861d"},"description":"Auf Mallorca gibt es viele beliebte Veranstaltungen. Heute werden wir \u00fcber das wichtigste Fest f\u00fcr die Einwohner von Pollen\u00e7a sprechen.","breadcrumb":{"@id":"https:\/\/blog.nordvillaspollensa.com\/de\/beliebte-feste-in-pollensa\/#breadcrumb"},"inLanguage":"de","potentialAction":[{"@type":"ReadAction","target":["https:\/\/blog.nordvillaspollensa.com\/de\/beliebte-feste-in-pollensa\/"]}]},{"@type":"ImageObject","inLanguage":"de","@id":"https:\/\/blog.nordvillaspollensa.com\/de\/beliebte-feste-in-pollensa\/#primaryimage","url":"https:\/\/blog.nordvillaspollensa.com\/wp-content\/uploads\/2023\/05\/Mantenimiento-Post-Quintana-5.jpg","contentUrl":"https:\/\/blog.nordvillaspollensa.com\/wp-content\/uploads\/2023\/05\/Mantenimiento-Post-Quintana-5.jpg","width":1080,"height":1080,"caption":"Moros y Cristianos"},{"@type":"BreadcrumbList","@id":"https:\/\/blog.nordvillaspollensa.com\/de\/beliebte-feste-in-pollensa\/#breadcrumb","itemListElement":[{"@type":"ListItem","position":1,"name":"Home","item":"https:\/\/blog.nordvillaspollensa.com\/"},{"@type":"ListItem","position":2,"name":"Beliebte Feste in Pollensa"}]},{"@type":"WebSite","@id":"https:\/\/blog.nordvillaspollensa.com\/#website","url":"https:\/\/blog.nordvillaspollensa.com\/","name":"Blog","description":"","potentialAction":[{"@type":"SearchAction","target":{"@type":"EntryPoint","urlTemplate":"https:\/\/blog.nordvillaspollensa.com\/?s={search_term_string}"},"query-input":{"@type":"PropertyValueSpecification","valueRequired":true,"valueName":"search_term_string"}}],"inLanguage":"de"},{"@type":"Person","@id":"https:\/\/blog.nordvillaspollensa.com\/#\/schema\/person\/bc98f3f935de2b7ef2d8b3e674c7861d","name":"nordvillaspollensa","image":{"@type":"ImageObject","inLanguage":"de","@id":"https:\/\/secure.gravatar.com\/avatar\/99197ff27043ec5d46dbc6d45891ee2769f2141cd226b537f17594ef60f82c55?s=96&d=mm&r=g","url":"https:\/\/secure.gravatar.com\/avatar\/99197ff27043ec5d46dbc6d45891ee2769f2141cd226b537f17594ef60f82c55?s=96&d=mm&r=g","contentUrl":"https:\/\/secure.gravatar.com\/avatar\/99197ff27043ec5d46dbc6d45891ee2769f2141cd226b537f17594ef60f82c55?s=96&d=mm&r=g","caption":"nordvillaspollensa"},"url":"https:\/\/blog.nordvillaspollensa.com\/de\/author\/nordvillaspollensa\/"}]}},"_links":{"self":[{"href":"https:\/\/blog.nordvillaspollensa.com\/de\/wp-json\/wp\/v2\/posts\/1181","targetHints":{"allow":["GET"]}}],"collection":[{"href":"https:\/\/blog.nordvillaspollensa.com\/de\/wp-json\/wp\/v2\/posts"}],"about":[{"href":"https:\/\/blog.nordvillaspollensa.com\/de\/wp-json\/wp\/v2\/types\/post"}],"author":[{"embeddable":true,"href":"https:\/\/blog.nordvillaspollensa.com\/de\/wp-json\/wp\/v2\/users\/2"}],"replies":[{"embeddable":true,"href":"https:\/\/blog.nordvillaspollensa.com\/de\/wp-json\/wp\/v2\/comments?post=1181"}],"version-history":[{"count":1,"href":"https:\/\/blog.nordvillaspollensa.com\/de\/wp-json\/wp\/v2\/posts\/1181\/revisions"}],"predecessor-version":[{"id":1182,"href":"https:\/\/blog.nordvillaspollensa.com\/de\/wp-json\/wp\/v2\/posts\/1181\/revisions\/1182"}],"wp:featuredmedia":[{"embeddable":true,"href":"https:\/\/blog.nordvillaspollensa.com\/de\/wp-json\/wp\/v2\/media\/1176"}],"wp:attachment":[{"href":"https:\/\/blog.nordvillaspollensa.com\/de\/wp-json\/wp\/v2\/media?parent=1181"}],"wp:term":[{"taxonomy":"category","embeddable":true,"href":"https:\/\/blog.nordvillaspollensa.com\/de\/wp-json\/wp\/v2\/categories?post=1181"},{"taxonomy":"post_tag","embeddable":true,"href":"https:\/\/blog.nordvillaspollensa.com\/de\/wp-json\/wp\/v2\/tags?post=1181"}],"curies":[{"name":"wp","href":"https:\/\/api.w.org\/{rel}","templated":true}]}}