{"id":1345,"date":"2024-01-11T10:01:46","date_gmt":"2024-01-11T10:01:46","guid":{"rendered":"https:\/\/blog.nordvillaspollensa.com\/?p=1345"},"modified":"2024-01-11T10:01:47","modified_gmt":"2024-01-11T10:01:47","slug":"mallorca-zu-weihnachten","status":"publish","type":"post","link":"https:\/\/blog.nordvillaspollensa.com\/de\/mallorca-zu-weihnachten\/","title":{"rendered":"Mallorca zu Weihnachten"},"content":{"rendered":"\n<p>Mallorca, bekannt f\u00fcr seine paradiesischen Str\u00e4nde und seinen mediterranen Charme, verwandelt sich in der Weihnachtszeit in eine noch faszinierendere Kulisse. Die gepflasterten Stra\u00dfen und historischen Pl\u00e4tze f\u00fcllen sich mit blendenden Lichtern, D\u00fcften kulinarischer K\u00f6stlichkeiten und der charakteristischen W\u00e4rme des Festes. In diesem Artikel erkunden wir die lebendige Weihnachtsatmosph\u00e4re in Mallorca und warum es ein einzigartiges Erlebnis ist, diese Feiertage mit der Familie zu verbringen. Und was k\u00f6nnte besser sein, als diese besondere Zeit in einer charmanten Finca von Nord Villas Pollensa zu verbringen?<\/p>\n\n\n\n<p>Die Auswahl an Aktivit\u00e4ten w\u00e4hrend der Weihnachtszeit ist so vielf\u00e4ltig wie reizvoll. Vom Erkunden der Weihnachtsm\u00e4rkte bis zur Teilnahme an lokalen Traditionen bietet die Insel ein authentisches Festtagserlebnis. Die M\u00e4rkte in Palma, S\u00f3ller und Alc\u00fadia sind H\u00f6hepunkte, wo Sie handgefertigte Geschenke, festliche Dekorationen und nat\u00fcrlich die magische Atmosph\u00e4re finden, die die Saison definiert.<\/p>\n\n\n\n<p>Weihnachten ist par excellence eine Zeit, um mit der Familie zu teilen, und Mallorca bietet in der Weihnachtszeit die perfekte Kulisse daf\u00fcr. Durch die beleuchteten Stra\u00dfen zu spazieren, musikalische Darbietungen zu genie\u00dfen und die besten lokalen S\u00fc\u00dfigkeiten zu probieren, schafft unvergessliche Erinnerungen f\u00fcr alle Altersgruppen. Dar\u00fcber hinaus sind viele Veranstaltungen und Aktivit\u00e4ten auf Familien ausgerichtet, von Kindershows bis hin zur M\u00f6glichkeit, lokale Traditionen kennenzulernen.<\/p>\n\n\n\n<p>Um das Weihnachtserlebnis zu erg\u00e4nzen, erw\u00e4gen Sie einen Aufenthalt in einer der charmanten Fincas von Nord Villas Pollensa. Mit einer breiten Auswahl an Unterk\u00fcnften, die Komfort und Authentizit\u00e4t vereinen, bieten diese Fincas den perfekten R\u00fcckzugsort, um Weihnachten in einer ruhigen und privaten Umgebung zu genie\u00dfen. Von gem\u00fctlichen Innenr\u00e4umen bis zu weitl\u00e4ufigen G\u00e4rten, jede Finca ist einzigartig und bietet G\u00e4sten die M\u00f6glichkeit, sich voll und ganz in den Weihnachtsgeist einzutauchen.<\/p>\n\n\n\n<h2 class=\"wp-block-heading\">Weihnachtsm\u00e4rkte auf Mallorca<\/h2>\n\n\n\n<p>In den Wochen vor Weihnachten kleidet sich Mallorca mit seinen bezaubernden Weihnachtsm\u00e4rkten in Lichter und Freude und wird zu einer unvergleichlichen Option, um den festlichen Geist zu genie\u00dfen. Die Weihnachtsm\u00e4rkte auf Mallorca haben sich zu einem der H\u00f6hepunkte der Weihnachtssaison auf der Insel entwickelt.<\/p>\n\n\n\n<p>Das Angebot an M\u00e4rkten beschr\u00e4nkt sich nicht auf Palma; es erstreckt sich \u00fcber verschiedene D\u00f6rfer Mallorcas und bietet Ihnen die M\u00f6glichkeit, verschiedene Optionen zu erkunden. Sie finden eine breite Palette von Weihnachtsprodukten, Dekorationsideen und Geschenken sowie eine Vielzahl von einzigartigen Artikeln an jedem Stand.<\/p>\n\n\n\n<p>Jedes Jahr findet im Dezember ein Weihnachtsmarkt im Pueblo Espa\u00f1ol statt. Dieser wunderbare architektonische Raum in Palma repr\u00e4sentiert die ber\u00fchmtesten Denkm\u00e4ler und Bauten Spaniens, so dass seine Stra\u00dfen und Pl\u00e4tze eine eindrucksvolle Kulisse f\u00fcr diese besondere Veranstaltung bieten. Neben Aktivit\u00e4ten f\u00fcr Kinder und Optionen f\u00fcr Geschenke und Gastronomie.<\/p>\n\n\n\n<p>Der charmante Weihnachtsmarkt von Puerto Portals auf Mallorca beginnt am 14. Dezember und dauert bis zum 6. Januar 2024. Dieses lebhafte Ereignis wird \u00fcber vierzig gem\u00fctliche Holzst\u00e4nde umfassen, an denen Besucher eine breite Palette von Artikeln von Dekorationen bis zu Holzspielzeug und Accessoires erkunden k\u00f6nnen. Das gastronomische Angebot wird ebenso beeindruckend sein und ein festliches kulinarisches Erlebnis bieten.<\/p>\n\n\n\n<p>Neben dem Einkaufen und dem k\u00f6stlichen Essen hat der Markt ein aufregendes Programm von Aktivit\u00e4ten f\u00fcr die ganze Familie vorbereitet. Darunter sticht die Installation einer Eislaufbahn hervor, die Spa\u00df und Unterhaltung f\u00fcr alle Altersgruppen verspricht.<\/p>\n\n\n\n<p>Diese Weihnachtsm\u00e4rkte haben ihre Wurzeln in Europa, insbesondere in L\u00e4ndern wie Deutschland, \u00d6sterreich und Frankreich. Im Laufe der Zeit hat ihre Beliebtheit Grenzen \u00fcberschritten und sich auf zahlreiche andere Regionen rund um den Globus ausgedehnt.<\/p>\n\n\n\n<p>Der klassische Wohlt\u00e4tigkeitsmarkt, organisiert von der Vereinigung Es Refugi, die sich um Obdachlose k\u00fcmmert, \u00f6ffnet seine T\u00fcren und markiert den Beginn seiner zweiunddrei\u00dfigsten Ausgabe.<\/p>\n\n\n\n<p>Der &#8222;Mercadet de Nadal de Es Refugi&#8220; wird eine breite Palette von Produkten anbieten, von B\u00fcchern, antiken und Vintage-M\u00f6beln bis hin zu Schmuck, Taschen, Kleidung f\u00fcr Erwachsene und Kinder, einer Boutique mit Markenkleidung, Schuhen von renommierten mallorquinischen Marken, Geschenkartikeln und Weihnachtsschmuck, alles zu sehr attraktiven Preisen.<\/p>\n\n\n\n<h2 class=\"wp-block-heading\">Nord Villas Pollensa<\/h2>\n\n\n\n<p>Nachdem Sie in die lebhafte Atmosph\u00e4re der Weihnachtsm\u00e4rkte eingetaucht sind, laden wir Sie herzlich ein, die Ruhe und Entspannung in unseren faszinierenden Fincas in Nord Villas Pollensa zu erleben. Sorgf\u00e4ltig gestaltet, bieten unsere Unterk\u00fcnfte eine exklusive Zuflucht, wo Ruhe und Privatsph\u00e4re verschmelzen und die perfekte Kulisse schaffen, um Weihnachten in einer wirklich einladenden Umgebung voll zu genie\u00dfen.<\/p>\n\n\n\n<p>In diesem Eckchen von Mallorca ist jede Finca mehr als nur ein Unterkunftsort, fern vom t\u00e4glichen Trubel. Sie k\u00f6nnen erwarten, die Magie der Weihnachtszeit in einer Atmosph\u00e4re zu erleben, die Eleganz mit Authentizit\u00e4t verbindet.<\/p>\n\n\n\n<p>Im Jahr 2023 erlauben Sie uns, Ihre Wahl f\u00fcr die Weihnachtsferien zu sein. Machen Sie Nord Villas Pollensa zu Ihrem Weihnachtsrefugium und entdecken Sie die ruhige Sch\u00f6nheit Mallorcas w\u00e4hrend dieser festlichen Jahreszeit.<\/p>\n","protected":false},"excerpt":{"rendered":"<p>Mallorca, bekannt f\u00fcr seine paradiesischen Str\u00e4nde und seinen mediterranen Charme, verwandelt sich in der Weihnachtszeit in eine noch faszinierendere Kulisse&#8230;.<\/p>\n","protected":false},"author":2,"featured_media":1340,"comment_status":"open","ping_status":"closed","sticky":false,"template":"","format":"standard","meta":{"footnotes":""},"categories":[2],"tags":[],"class_list":["post-1345","post","type-post","status-publish","format-standard","has-post-thumbnail","hentry","category-unkategorisiert"],"yoast_head":"<!-- This site is optimized with the Yoast SEO plugin v27.5 - https:\/\/yoast.com\/product\/yoast-seo-wordpress\/ -->\n<title>Mallorca zu Weihnachten - Blog<\/title>\n<meta name=\"description\" content=\"Entdecke eine endlose Liste von Weihnachtsaktivit\u00e4ten auf Mallorca. Wir erz\u00e4hlen dir alles dar\u00fcber im Blog von Nord Villas Pollensa!\" \/>\n<meta name=\"robots\" content=\"index, follow, max-snippet:-1, max-image-preview:large, max-video-preview:-1\" \/>\n<link rel=\"canonical\" href=\"https:\/\/blog.nordvillaspollensa.com\/de\/mallorca-zu-weihnachten\/\" \/>\n<meta property=\"og:locale\" content=\"de_DE\" \/>\n<meta property=\"og:type\" content=\"article\" \/>\n<meta property=\"og:title\" content=\"Mallorca zu Weihnachten - Blog\" \/>\n<meta property=\"og:description\" content=\"Entdecke eine endlose Liste von Weihnachtsaktivit\u00e4ten auf Mallorca. Wir erz\u00e4hlen dir alles dar\u00fcber im Blog von Nord Villas Pollensa!\" \/>\n<meta property=\"og:url\" content=\"https:\/\/blog.nordvillaspollensa.com\/de\/mallorca-zu-weihnachten\/\" \/>\n<meta property=\"og:site_name\" content=\"Blog\" \/>\n<meta property=\"article:published_time\" content=\"2024-01-11T10:01:46+00:00\" \/>\n<meta property=\"article:modified_time\" content=\"2024-01-11T10:01:47+00:00\" \/>\n<meta property=\"og:image\" content=\"https:\/\/blog.nordvillaspollensa.com\/wp-content\/uploads\/2024\/01\/Diseno-sin-titulo-1.png\" \/>\n\t<meta property=\"og:image:width\" content=\"940\" \/>\n\t<meta property=\"og:image:height\" content=\"788\" \/>\n\t<meta property=\"og:image:type\" content=\"image\/png\" \/>\n<meta name=\"author\" content=\"nordvillaspollensa\" \/>\n<meta name=\"twitter:card\" content=\"summary_large_image\" \/>\n<meta name=\"twitter:label1\" content=\"Verfasst von\" \/>\n\t<meta name=\"twitter:data1\" content=\"nordvillaspollensa\" \/>\n\t<meta name=\"twitter:label2\" content=\"Gesch\u00e4tzte Lesezeit\" \/>\n\t<meta name=\"twitter:data2\" content=\"4\u00a0Minuten\" \/>\n<script type=\"application\/ld+json\" class=\"yoast-schema-graph\">{\"@context\":\"https:\\\/\\\/schema.org\",\"@graph\":[{\"@type\":\"Article\",\"@id\":\"https:\\\/\\\/blog.nordvillaspollensa.com\\\/de\\\/mallorca-zu-weihnachten\\\/#article\",\"isPartOf\":{\"@id\":\"https:\\\/\\\/blog.nordvillaspollensa.com\\\/de\\\/mallorca-zu-weihnachten\\\/\"},\"author\":{\"name\":\"nordvillaspollensa\",\"@id\":\"https:\\\/\\\/blog.nordvillaspollensa.com\\\/#\\\/schema\\\/person\\\/bc98f3f935de2b7ef2d8b3e674c7861d\"},\"headline\":\"Mallorca zu Weihnachten\",\"datePublished\":\"2024-01-11T10:01:46+00:00\",\"dateModified\":\"2024-01-11T10:01:47+00:00\",\"mainEntityOfPage\":{\"@id\":\"https:\\\/\\\/blog.nordvillaspollensa.com\\\/de\\\/mallorca-zu-weihnachten\\\/\"},\"wordCount\":819,\"commentCount\":0,\"image\":{\"@id\":\"https:\\\/\\\/blog.nordvillaspollensa.com\\\/de\\\/mallorca-zu-weihnachten\\\/#primaryimage\"},\"thumbnailUrl\":\"https:\\\/\\\/blog.nordvillaspollensa.com\\\/wp-content\\\/uploads\\\/2024\\\/01\\\/Diseno-sin-titulo-1.png\",\"articleSection\":[\"Unkategorisiert\"],\"inLanguage\":\"de\",\"potentialAction\":[{\"@type\":\"CommentAction\",\"name\":\"Comment\",\"target\":[\"https:\\\/\\\/blog.nordvillaspollensa.com\\\/de\\\/mallorca-zu-weihnachten\\\/#respond\"]}]},{\"@type\":\"WebPage\",\"@id\":\"https:\\\/\\\/blog.nordvillaspollensa.com\\\/de\\\/mallorca-zu-weihnachten\\\/\",\"url\":\"https:\\\/\\\/blog.nordvillaspollensa.com\\\/de\\\/mallorca-zu-weihnachten\\\/\",\"name\":\"Mallorca zu Weihnachten - Blog\",\"isPartOf\":{\"@id\":\"https:\\\/\\\/blog.nordvillaspollensa.com\\\/#website\"},\"primaryImageOfPage\":{\"@id\":\"https:\\\/\\\/blog.nordvillaspollensa.com\\\/de\\\/mallorca-zu-weihnachten\\\/#primaryimage\"},\"image\":{\"@id\":\"https:\\\/\\\/blog.nordvillaspollensa.com\\\/de\\\/mallorca-zu-weihnachten\\\/#primaryimage\"},\"thumbnailUrl\":\"https:\\\/\\\/blog.nordvillaspollensa.com\\\/wp-content\\\/uploads\\\/2024\\\/01\\\/Diseno-sin-titulo-1.png\",\"datePublished\":\"2024-01-11T10:01:46+00:00\",\"dateModified\":\"2024-01-11T10:01:47+00:00\",\"author\":{\"@id\":\"https:\\\/\\\/blog.nordvillaspollensa.com\\\/#\\\/schema\\\/person\\\/bc98f3f935de2b7ef2d8b3e674c7861d\"},\"description\":\"Entdecke eine endlose Liste von Weihnachtsaktivit\u00e4ten auf Mallorca. Wir erz\u00e4hlen dir alles dar\u00fcber im Blog von Nord Villas Pollensa!\",\"breadcrumb\":{\"@id\":\"https:\\\/\\\/blog.nordvillaspollensa.com\\\/de\\\/mallorca-zu-weihnachten\\\/#breadcrumb\"},\"inLanguage\":\"de\",\"potentialAction\":[{\"@type\":\"ReadAction\",\"target\":[\"https:\\\/\\\/blog.nordvillaspollensa.com\\\/de\\\/mallorca-zu-weihnachten\\\/\"]}]},{\"@type\":\"ImageObject\",\"inLanguage\":\"de\",\"@id\":\"https:\\\/\\\/blog.nordvillaspollensa.com\\\/de\\\/mallorca-zu-weihnachten\\\/#primaryimage\",\"url\":\"https:\\\/\\\/blog.nordvillaspollensa.com\\\/wp-content\\\/uploads\\\/2024\\\/01\\\/Diseno-sin-titulo-1.png\",\"contentUrl\":\"https:\\\/\\\/blog.nordvillaspollensa.com\\\/wp-content\\\/uploads\\\/2024\\\/01\\\/Diseno-sin-titulo-1.png\",\"width\":940,\"height\":788},{\"@type\":\"BreadcrumbList\",\"@id\":\"https:\\\/\\\/blog.nordvillaspollensa.com\\\/de\\\/mallorca-zu-weihnachten\\\/#breadcrumb\",\"itemListElement\":[{\"@type\":\"ListItem\",\"position\":1,\"name\":\"Home\",\"item\":\"https:\\\/\\\/blog.nordvillaspollensa.com\\\/\"},{\"@type\":\"ListItem\",\"position\":2,\"name\":\"Mallorca zu Weihnachten\"}]},{\"@type\":\"WebSite\",\"@id\":\"https:\\\/\\\/blog.nordvillaspollensa.com\\\/#website\",\"url\":\"https:\\\/\\\/blog.nordvillaspollensa.com\\\/\",\"name\":\"Blog\",\"description\":\"\",\"potentialAction\":[{\"@type\":\"SearchAction\",\"target\":{\"@type\":\"EntryPoint\",\"urlTemplate\":\"https:\\\/\\\/blog.nordvillaspollensa.com\\\/?s={search_term_string}\"},\"query-input\":{\"@type\":\"PropertyValueSpecification\",\"valueRequired\":true,\"valueName\":\"search_term_string\"}}],\"inLanguage\":\"de\"},{\"@type\":\"Person\",\"@id\":\"https:\\\/\\\/blog.nordvillaspollensa.com\\\/#\\\/schema\\\/person\\\/bc98f3f935de2b7ef2d8b3e674c7861d\",\"name\":\"nordvillaspollensa\",\"image\":{\"@type\":\"ImageObject\",\"inLanguage\":\"de\",\"@id\":\"https:\\\/\\\/secure.gravatar.com\\\/avatar\\\/99197ff27043ec5d46dbc6d45891ee2769f2141cd226b537f17594ef60f82c55?s=96&d=mm&r=g\",\"url\":\"https:\\\/\\\/secure.gravatar.com\\\/avatar\\\/99197ff27043ec5d46dbc6d45891ee2769f2141cd226b537f17594ef60f82c55?s=96&d=mm&r=g\",\"contentUrl\":\"https:\\\/\\\/secure.gravatar.com\\\/avatar\\\/99197ff27043ec5d46dbc6d45891ee2769f2141cd226b537f17594ef60f82c55?s=96&d=mm&r=g\",\"caption\":\"nordvillaspollensa\"},\"url\":\"https:\\\/\\\/blog.nordvillaspollensa.com\\\/de\\\/author\\\/nordvillaspollensa\\\/\"}]}<\/script>\n<!-- \/ Yoast SEO plugin. -->","yoast_head_json":{"title":"Mallorca zu Weihnachten - Blog","description":"Entdecke eine endlose Liste von Weihnachtsaktivit\u00e4ten auf Mallorca. Wir erz\u00e4hlen dir alles dar\u00fcber im Blog von Nord Villas Pollensa!","robots":{"index":"index","follow":"follow","max-snippet":"max-snippet:-1","max-image-preview":"max-image-preview:large","max-video-preview":"max-video-preview:-1"},"canonical":"https:\/\/blog.nordvillaspollensa.com\/de\/mallorca-zu-weihnachten\/","og_locale":"de_DE","og_type":"article","og_title":"Mallorca zu Weihnachten - Blog","og_description":"Entdecke eine endlose Liste von Weihnachtsaktivit\u00e4ten auf Mallorca. Wir erz\u00e4hlen dir alles dar\u00fcber im Blog von Nord Villas Pollensa!","og_url":"https:\/\/blog.nordvillaspollensa.com\/de\/mallorca-zu-weihnachten\/","og_site_name":"Blog","article_published_time":"2024-01-11T10:01:46+00:00","article_modified_time":"2024-01-11T10:01:47+00:00","og_image":[{"width":940,"height":788,"url":"https:\/\/blog.nordvillaspollensa.com\/wp-content\/uploads\/2024\/01\/Diseno-sin-titulo-1.png","type":"image\/png"}],"author":"nordvillaspollensa","twitter_card":"summary_large_image","twitter_misc":{"Verfasst von":"nordvillaspollensa","Gesch\u00e4tzte Lesezeit":"4\u00a0Minuten"},"schema":{"@context":"https:\/\/schema.org","@graph":[{"@type":"Article","@id":"https:\/\/blog.nordvillaspollensa.com\/de\/mallorca-zu-weihnachten\/#article","isPartOf":{"@id":"https:\/\/blog.nordvillaspollensa.com\/de\/mallorca-zu-weihnachten\/"},"author":{"name":"nordvillaspollensa","@id":"https:\/\/blog.nordvillaspollensa.com\/#\/schema\/person\/bc98f3f935de2b7ef2d8b3e674c7861d"},"headline":"Mallorca zu Weihnachten","datePublished":"2024-01-11T10:01:46+00:00","dateModified":"2024-01-11T10:01:47+00:00","mainEntityOfPage":{"@id":"https:\/\/blog.nordvillaspollensa.com\/de\/mallorca-zu-weihnachten\/"},"wordCount":819,"commentCount":0,"image":{"@id":"https:\/\/blog.nordvillaspollensa.com\/de\/mallorca-zu-weihnachten\/#primaryimage"},"thumbnailUrl":"https:\/\/blog.nordvillaspollensa.com\/wp-content\/uploads\/2024\/01\/Diseno-sin-titulo-1.png","articleSection":["Unkategorisiert"],"inLanguage":"de","potentialAction":[{"@type":"CommentAction","name":"Comment","target":["https:\/\/blog.nordvillaspollensa.com\/de\/mallorca-zu-weihnachten\/#respond"]}]},{"@type":"WebPage","@id":"https:\/\/blog.nordvillaspollensa.com\/de\/mallorca-zu-weihnachten\/","url":"https:\/\/blog.nordvillaspollensa.com\/de\/mallorca-zu-weihnachten\/","name":"Mallorca zu Weihnachten - Blog","isPartOf":{"@id":"https:\/\/blog.nordvillaspollensa.com\/#website"},"primaryImageOfPage":{"@id":"https:\/\/blog.nordvillaspollensa.com\/de\/mallorca-zu-weihnachten\/#primaryimage"},"image":{"@id":"https:\/\/blog.nordvillaspollensa.com\/de\/mallorca-zu-weihnachten\/#primaryimage"},"thumbnailUrl":"https:\/\/blog.nordvillaspollensa.com\/wp-content\/uploads\/2024\/01\/Diseno-sin-titulo-1.png","datePublished":"2024-01-11T10:01:46+00:00","dateModified":"2024-01-11T10:01:47+00:00","author":{"@id":"https:\/\/blog.nordvillaspollensa.com\/#\/schema\/person\/bc98f3f935de2b7ef2d8b3e674c7861d"},"description":"Entdecke eine endlose Liste von Weihnachtsaktivit\u00e4ten auf Mallorca. Wir erz\u00e4hlen dir alles dar\u00fcber im Blog von Nord Villas Pollensa!","breadcrumb":{"@id":"https:\/\/blog.nordvillaspollensa.com\/de\/mallorca-zu-weihnachten\/#breadcrumb"},"inLanguage":"de","potentialAction":[{"@type":"ReadAction","target":["https:\/\/blog.nordvillaspollensa.com\/de\/mallorca-zu-weihnachten\/"]}]},{"@type":"ImageObject","inLanguage":"de","@id":"https:\/\/blog.nordvillaspollensa.com\/de\/mallorca-zu-weihnachten\/#primaryimage","url":"https:\/\/blog.nordvillaspollensa.com\/wp-content\/uploads\/2024\/01\/Diseno-sin-titulo-1.png","contentUrl":"https:\/\/blog.nordvillaspollensa.com\/wp-content\/uploads\/2024\/01\/Diseno-sin-titulo-1.png","width":940,"height":788},{"@type":"BreadcrumbList","@id":"https:\/\/blog.nordvillaspollensa.com\/de\/mallorca-zu-weihnachten\/#breadcrumb","itemListElement":[{"@type":"ListItem","position":1,"name":"Home","item":"https:\/\/blog.nordvillaspollensa.com\/"},{"@type":"ListItem","position":2,"name":"Mallorca zu Weihnachten"}]},{"@type":"WebSite","@id":"https:\/\/blog.nordvillaspollensa.com\/#website","url":"https:\/\/blog.nordvillaspollensa.com\/","name":"Blog","description":"","potentialAction":[{"@type":"SearchAction","target":{"@type":"EntryPoint","urlTemplate":"https:\/\/blog.nordvillaspollensa.com\/?s={search_term_string}"},"query-input":{"@type":"PropertyValueSpecification","valueRequired":true,"valueName":"search_term_string"}}],"inLanguage":"de"},{"@type":"Person","@id":"https:\/\/blog.nordvillaspollensa.com\/#\/schema\/person\/bc98f3f935de2b7ef2d8b3e674c7861d","name":"nordvillaspollensa","image":{"@type":"ImageObject","inLanguage":"de","@id":"https:\/\/secure.gravatar.com\/avatar\/99197ff27043ec5d46dbc6d45891ee2769f2141cd226b537f17594ef60f82c55?s=96&d=mm&r=g","url":"https:\/\/secure.gravatar.com\/avatar\/99197ff27043ec5d46dbc6d45891ee2769f2141cd226b537f17594ef60f82c55?s=96&d=mm&r=g","contentUrl":"https:\/\/secure.gravatar.com\/avatar\/99197ff27043ec5d46dbc6d45891ee2769f2141cd226b537f17594ef60f82c55?s=96&d=mm&r=g","caption":"nordvillaspollensa"},"url":"https:\/\/blog.nordvillaspollensa.com\/de\/author\/nordvillaspollensa\/"}]}},"_links":{"self":[{"href":"https:\/\/blog.nordvillaspollensa.com\/de\/wp-json\/wp\/v2\/posts\/1345","targetHints":{"allow":["GET"]}}],"collection":[{"href":"https:\/\/blog.nordvillaspollensa.com\/de\/wp-json\/wp\/v2\/posts"}],"about":[{"href":"https:\/\/blog.nordvillaspollensa.com\/de\/wp-json\/wp\/v2\/types\/post"}],"author":[{"embeddable":true,"href":"https:\/\/blog.nordvillaspollensa.com\/de\/wp-json\/wp\/v2\/users\/2"}],"replies":[{"embeddable":true,"href":"https:\/\/blog.nordvillaspollensa.com\/de\/wp-json\/wp\/v2\/comments?post=1345"}],"version-history":[{"count":1,"href":"https:\/\/blog.nordvillaspollensa.com\/de\/wp-json\/wp\/v2\/posts\/1345\/revisions"}],"predecessor-version":[{"id":1346,"href":"https:\/\/blog.nordvillaspollensa.com\/de\/wp-json\/wp\/v2\/posts\/1345\/revisions\/1346"}],"wp:featuredmedia":[{"embeddable":true,"href":"https:\/\/blog.nordvillaspollensa.com\/de\/wp-json\/wp\/v2\/media\/1340"}],"wp:attachment":[{"href":"https:\/\/blog.nordvillaspollensa.com\/de\/wp-json\/wp\/v2\/media?parent=1345"}],"wp:term":[{"taxonomy":"category","embeddable":true,"href":"https:\/\/blog.nordvillaspollensa.com\/de\/wp-json\/wp\/v2\/categories?post=1345"},{"taxonomy":"post_tag","embeddable":true,"href":"https:\/\/blog.nordvillaspollensa.com\/de\/wp-json\/wp\/v2\/tags?post=1345"}],"curies":[{"name":"wp","href":"https:\/\/api.w.org\/{rel}","templated":true}]}}