{"id":311,"date":"2020-11-07T10:51:45","date_gmt":"2020-11-07T10:51:45","guid":{"rendered":"https:\/\/blog.nordvillaspollensa.com\/?p=311"},"modified":"2020-11-07T10:51:45","modified_gmt":"2020-11-07T10:51:45","slug":"ihre-private-ferienwohnung-wartet-auf-sie-fur-2021","status":"publish","type":"post","link":"https:\/\/blog.nordvillaspollensa.com\/de\/ihre-private-ferienwohnung-wartet-auf-sie-fur-2021\/","title":{"rendered":"IHRE PRIVATE FERIENWOHNUNG WARTET AUF SIE F\u00dcR 2021"},"content":{"rendered":"\n<p>Vor dem Hintergrund der Situation mit COVID-19 in der Welt gibt es eine gro\u00dfe Unsicherheit in Bezug auf Reisen und Tourismus. Nordvillas und unsere sch\u00f6ne Insel warten darauf, Sie hier willkommen zu hei\u00dfen, sobald es sicher ist zu reisen.<\/p>\n\n\n\n<figure class=\"wp-block-gallery columns-1 is-cropped wp-block-gallery-1 is-layout-flex wp-block-gallery-is-layout-flex\"><ul class=\"blocks-gallery-grid\"><li class=\"blocks-gallery-item\"><figure><img loading=\"lazy\" decoding=\"async\" width=\"891\" height=\"590\" src=\"https:\/\/blog.nordvillaspollensa.com\/wp-content\/uploads\/2020\/11\/HOLLAND-SMALL-1-3.jpg\" alt=\"\" data-id=\"312\" data-full-url=\"https:\/\/blog.nordvillaspollensa.com\/wp-content\/uploads\/2020\/11\/HOLLAND-SMALL-1-3.jpg\" data-link=\"https:\/\/blog.nordvillaspollensa.com\/?attachment_id=312\" class=\"wp-image-312\" srcset=\"https:\/\/blog.nordvillaspollensa.com\/wp-content\/uploads\/2020\/11\/HOLLAND-SMALL-1-3.jpg 891w, https:\/\/blog.nordvillaspollensa.com\/wp-content\/uploads\/2020\/11\/HOLLAND-SMALL-1-3-768x509.jpg 768w\" sizes=\"auto, (max-width: 891px) 100vw, 891px\" \/><\/figure><\/li><\/ul><\/figure>\n\n\n\n<p>Wir sind bereit f\u00fcr die Saison 2021, und genau wie in diesem Jahr verf\u00fcgen wir \u00fcber die erforderlichen Protokolle, um sicherzustellen, dass sich unsere Kunden w\u00e4hrend ihres Urlaubs in einer unserer Privatvillen sicher und wohl f\u00fchlen.<\/p>\n\n\n\n<figure class=\"wp-block-gallery columns-1 is-cropped wp-block-gallery-2 is-layout-flex wp-block-gallery-is-layout-flex\"><ul class=\"blocks-gallery-grid\"><li class=\"blocks-gallery-item\"><figure><img loading=\"lazy\" decoding=\"async\" width=\"889\" height=\"577\" src=\"https:\/\/blog.nordvillaspollensa.com\/wp-content\/uploads\/2020\/11\/ROURA-SMALL-1-1.jpg\" alt=\"\" data-id=\"315\" data-full-url=\"https:\/\/blog.nordvillaspollensa.com\/wp-content\/uploads\/2020\/11\/ROURA-SMALL-1-1.jpg\" data-link=\"https:\/\/blog.nordvillaspollensa.com\/?attachment_id=315\" class=\"wp-image-315\" srcset=\"https:\/\/blog.nordvillaspollensa.com\/wp-content\/uploads\/2020\/11\/ROURA-SMALL-1-1.jpg 889w, https:\/\/blog.nordvillaspollensa.com\/wp-content\/uploads\/2020\/11\/ROURA-SMALL-1-1-768x498.jpg 768w\" sizes=\"auto, (max-width: 889px) 100vw, 889px\" \/><\/figure><\/li><\/ul><\/figure>\n\n\n\n<p>Im Gegensatz zu G\u00e4sten in Hotels, Apartmenth\u00e4usern und Herbergen &#8211; bietet eine Privatvilla den G\u00e4sten mit ihrer Familie oder einer ausgew\u00e4hlten Reisegruppe absolute Sicherheit.<\/p>\n\n\n\n<p>Stellen Sie sich vor, Sie verbringen Zeit mit Ihrer Familie in diesem lang ersehnten Urlaub&#8230;. Ihr eigenes Grundst\u00fcck, Pool und G\u00e4rten. Organisieren Sie ein Barbecue, spielen Sie im Pool oder entspannen Sie einfach unter einem schattigen Baum &#8211; Sie alle k\u00f6nnen das abgeschiedene Villenleben unter der Sonne des Mittelmeers genie\u00dfen.<\/p>\n\n\n\n<figure class=\"wp-block-gallery columns-1 is-cropped wp-block-gallery-3 is-layout-flex wp-block-gallery-is-layout-flex\"><ul class=\"blocks-gallery-grid\"><li class=\"blocks-gallery-item\"><figure><img loading=\"lazy\" decoding=\"async\" width=\"898\" height=\"583\" src=\"https:\/\/blog.nordvillaspollensa.com\/wp-content\/uploads\/2020\/11\/MORELL-VELL-SMALL-1-2.jpg\" alt=\"\" data-id=\"318\" data-full-url=\"https:\/\/blog.nordvillaspollensa.com\/wp-content\/uploads\/2020\/11\/MORELL-VELL-SMALL-1-2.jpg\" data-link=\"https:\/\/blog.nordvillaspollensa.com\/?attachment_id=318\" class=\"wp-image-318\" srcset=\"https:\/\/blog.nordvillaspollensa.com\/wp-content\/uploads\/2020\/11\/MORELL-VELL-SMALL-1-2.jpg 898w, https:\/\/blog.nordvillaspollensa.com\/wp-content\/uploads\/2020\/11\/MORELL-VELL-SMALL-1-2-768x499.jpg 768w\" sizes=\"auto, (max-width: 898px) 100vw, 898px\" \/><\/figure><\/li><\/ul><\/figure>\n\n\n\n<p>Hier bei Nordvillas sind wir bereit, jede Ihrer Fragen zu beantworten und Ihnen durch den Buchungsprozess zu helfen.<\/p>\n\n\n\n<p>Sie k\u00f6nnen uns eine E-Mail oder ein Dingsbums schicken und wir werden uns so schnell wie m\u00f6glich mit Ihnen in Verbindung setzen, um mit Ihnen \u00fcber alles zu sprechen, was Sie \u00fcber uns, unsere Villen oder die Gegend wissen m\u00fcssen.&nbsp;<\/p>\n\n\n\n<p>Lassen Sie uns zusammenarbeiten, um den Tourismus im Jahr 2021 zu retten<\/p>\n","protected":false},"excerpt":{"rendered":"<p>Vor dem Hintergrund der Situation mit COVID-19 in der Welt gibt es eine gro\u00dfe Unsicherheit in Bezug auf Reisen und&#8230;<\/p>\n","protected":false},"author":2,"featured_media":0,"comment_status":"open","ping_status":"closed","sticky":false,"template":"","format":"standard","meta":{"footnotes":""},"categories":[1],"tags":[],"class_list":["post-311","post","type-post","status-publish","format-standard","hentry","category-uncategorized"],"yoast_head":"<!-- This site is optimized with the Yoast SEO plugin v27.5 - https:\/\/yoast.com\/product\/yoast-seo-wordpress\/ -->\n<title>IHRE PRIVATE FERIENWOHNUNG WARTET AUF SIE F\u00dcR 2021 - Blog<\/title>\n<meta name=\"robots\" content=\"index, follow, max-snippet:-1, max-image-preview:large, max-video-preview:-1\" \/>\n<link rel=\"canonical\" href=\"https:\/\/blog.nordvillaspollensa.com\/de\/ihre-private-ferienwohnung-wartet-auf-sie-fur-2021\/\" \/>\n<meta property=\"og:locale\" content=\"de_DE\" \/>\n<meta property=\"og:type\" content=\"article\" \/>\n<meta property=\"og:title\" content=\"IHRE PRIVATE FERIENWOHNUNG WARTET AUF SIE F\u00dcR 2021 - Blog\" \/>\n<meta property=\"og:description\" content=\"Vor dem Hintergrund der Situation mit COVID-19 in der Welt gibt es eine gro\u00dfe Unsicherheit in Bezug auf Reisen und...\" \/>\n<meta property=\"og:url\" content=\"https:\/\/blog.nordvillaspollensa.com\/de\/ihre-private-ferienwohnung-wartet-auf-sie-fur-2021\/\" \/>\n<meta property=\"og:site_name\" content=\"Blog\" \/>\n<meta property=\"article:published_time\" content=\"2020-11-07T10:51:45+00:00\" \/>\n<meta property=\"og:image\" content=\"https:\/\/blog.nordvillaspollensa.com\/wp-content\/uploads\/2020\/11\/HOLLAND-SMALL-1-3.jpg\" \/>\n<meta name=\"author\" content=\"nordvillaspollensa\" \/>\n<meta name=\"twitter:card\" content=\"summary_large_image\" \/>\n<meta name=\"twitter:label1\" content=\"Verfasst von\" \/>\n\t<meta name=\"twitter:data1\" content=\"nordvillaspollensa\" \/>\n\t<meta name=\"twitter:label2\" content=\"Gesch\u00e4tzte Lesezeit\" \/>\n\t<meta name=\"twitter:data2\" content=\"1\u00a0Minute\" \/>\n<script type=\"application\/ld+json\" class=\"yoast-schema-graph\">{\"@context\":\"https:\\\/\\\/schema.org\",\"@graph\":[{\"@type\":\"Article\",\"@id\":\"https:\\\/\\\/blog.nordvillaspollensa.com\\\/de\\\/ihre-private-ferienwohnung-wartet-auf-sie-fur-2021\\\/#article\",\"isPartOf\":{\"@id\":\"https:\\\/\\\/blog.nordvillaspollensa.com\\\/de\\\/ihre-private-ferienwohnung-wartet-auf-sie-fur-2021\\\/\"},\"author\":{\"name\":\"nordvillaspollensa\",\"@id\":\"https:\\\/\\\/blog.nordvillaspollensa.com\\\/#\\\/schema\\\/person\\\/bc98f3f935de2b7ef2d8b3e674c7861d\"},\"headline\":\"IHRE PRIVATE FERIENWOHNUNG WARTET AUF SIE F\u00dcR 2021\",\"datePublished\":\"2020-11-07T10:51:45+00:00\",\"mainEntityOfPage\":{\"@id\":\"https:\\\/\\\/blog.nordvillaspollensa.com\\\/de\\\/ihre-private-ferienwohnung-wartet-auf-sie-fur-2021\\\/\"},\"wordCount\":244,\"commentCount\":0,\"image\":{\"@id\":\"https:\\\/\\\/blog.nordvillaspollensa.com\\\/de\\\/ihre-private-ferienwohnung-wartet-auf-sie-fur-2021\\\/#primaryimage\"},\"thumbnailUrl\":\"https:\\\/\\\/blog.nordvillaspollensa.com\\\/wp-content\\\/uploads\\\/2020\\\/11\\\/HOLLAND-SMALL-1-3.jpg\",\"articleSection\":[\"Uncategorized\"],\"inLanguage\":\"de\",\"potentialAction\":[{\"@type\":\"CommentAction\",\"name\":\"Comment\",\"target\":[\"https:\\\/\\\/blog.nordvillaspollensa.com\\\/de\\\/ihre-private-ferienwohnung-wartet-auf-sie-fur-2021\\\/#respond\"]}]},{\"@type\":\"WebPage\",\"@id\":\"https:\\\/\\\/blog.nordvillaspollensa.com\\\/de\\\/ihre-private-ferienwohnung-wartet-auf-sie-fur-2021\\\/\",\"url\":\"https:\\\/\\\/blog.nordvillaspollensa.com\\\/de\\\/ihre-private-ferienwohnung-wartet-auf-sie-fur-2021\\\/\",\"name\":\"IHRE PRIVATE FERIENWOHNUNG WARTET AUF SIE F\u00dcR 2021 - Blog\",\"isPartOf\":{\"@id\":\"https:\\\/\\\/blog.nordvillaspollensa.com\\\/#website\"},\"primaryImageOfPage\":{\"@id\":\"https:\\\/\\\/blog.nordvillaspollensa.com\\\/de\\\/ihre-private-ferienwohnung-wartet-auf-sie-fur-2021\\\/#primaryimage\"},\"image\":{\"@id\":\"https:\\\/\\\/blog.nordvillaspollensa.com\\\/de\\\/ihre-private-ferienwohnung-wartet-auf-sie-fur-2021\\\/#primaryimage\"},\"thumbnailUrl\":\"https:\\\/\\\/blog.nordvillaspollensa.com\\\/wp-content\\\/uploads\\\/2020\\\/11\\\/HOLLAND-SMALL-1-3.jpg\",\"datePublished\":\"2020-11-07T10:51:45+00:00\",\"author\":{\"@id\":\"https:\\\/\\\/blog.nordvillaspollensa.com\\\/#\\\/schema\\\/person\\\/bc98f3f935de2b7ef2d8b3e674c7861d\"},\"breadcrumb\":{\"@id\":\"https:\\\/\\\/blog.nordvillaspollensa.com\\\/de\\\/ihre-private-ferienwohnung-wartet-auf-sie-fur-2021\\\/#breadcrumb\"},\"inLanguage\":\"de\",\"potentialAction\":[{\"@type\":\"ReadAction\",\"target\":[\"https:\\\/\\\/blog.nordvillaspollensa.com\\\/de\\\/ihre-private-ferienwohnung-wartet-auf-sie-fur-2021\\\/\"]}]},{\"@type\":\"ImageObject\",\"inLanguage\":\"de\",\"@id\":\"https:\\\/\\\/blog.nordvillaspollensa.com\\\/de\\\/ihre-private-ferienwohnung-wartet-auf-sie-fur-2021\\\/#primaryimage\",\"url\":\"https:\\\/\\\/blog.nordvillaspollensa.com\\\/wp-content\\\/uploads\\\/2020\\\/11\\\/HOLLAND-SMALL-1-3.jpg\",\"contentUrl\":\"https:\\\/\\\/blog.nordvillaspollensa.com\\\/wp-content\\\/uploads\\\/2020\\\/11\\\/HOLLAND-SMALL-1-3.jpg\"},{\"@type\":\"BreadcrumbList\",\"@id\":\"https:\\\/\\\/blog.nordvillaspollensa.com\\\/de\\\/ihre-private-ferienwohnung-wartet-auf-sie-fur-2021\\\/#breadcrumb\",\"itemListElement\":[{\"@type\":\"ListItem\",\"position\":1,\"name\":\"Home\",\"item\":\"https:\\\/\\\/blog.nordvillaspollensa.com\\\/\"},{\"@type\":\"ListItem\",\"position\":2,\"name\":\"IHRE PRIVATE FERIENWOHNUNG WARTET AUF SIE F\u00dcR 2021\"}]},{\"@type\":\"WebSite\",\"@id\":\"https:\\\/\\\/blog.nordvillaspollensa.com\\\/#website\",\"url\":\"https:\\\/\\\/blog.nordvillaspollensa.com\\\/\",\"name\":\"Blog\",\"description\":\"\",\"potentialAction\":[{\"@type\":\"SearchAction\",\"target\":{\"@type\":\"EntryPoint\",\"urlTemplate\":\"https:\\\/\\\/blog.nordvillaspollensa.com\\\/?s={search_term_string}\"},\"query-input\":{\"@type\":\"PropertyValueSpecification\",\"valueRequired\":true,\"valueName\":\"search_term_string\"}}],\"inLanguage\":\"de\"},{\"@type\":\"Person\",\"@id\":\"https:\\\/\\\/blog.nordvillaspollensa.com\\\/#\\\/schema\\\/person\\\/bc98f3f935de2b7ef2d8b3e674c7861d\",\"name\":\"nordvillaspollensa\",\"image\":{\"@type\":\"ImageObject\",\"inLanguage\":\"de\",\"@id\":\"https:\\\/\\\/secure.gravatar.com\\\/avatar\\\/99197ff27043ec5d46dbc6d45891ee2769f2141cd226b537f17594ef60f82c55?s=96&d=mm&r=g\",\"url\":\"https:\\\/\\\/secure.gravatar.com\\\/avatar\\\/99197ff27043ec5d46dbc6d45891ee2769f2141cd226b537f17594ef60f82c55?s=96&d=mm&r=g\",\"contentUrl\":\"https:\\\/\\\/secure.gravatar.com\\\/avatar\\\/99197ff27043ec5d46dbc6d45891ee2769f2141cd226b537f17594ef60f82c55?s=96&d=mm&r=g\",\"caption\":\"nordvillaspollensa\"},\"url\":\"https:\\\/\\\/blog.nordvillaspollensa.com\\\/de\\\/author\\\/nordvillaspollensa\\\/\"}]}<\/script>\n<!-- \/ Yoast SEO plugin. -->","yoast_head_json":{"title":"IHRE PRIVATE FERIENWOHNUNG WARTET AUF SIE F\u00dcR 2021 - Blog","robots":{"index":"index","follow":"follow","max-snippet":"max-snippet:-1","max-image-preview":"max-image-preview:large","max-video-preview":"max-video-preview:-1"},"canonical":"https:\/\/blog.nordvillaspollensa.com\/de\/ihre-private-ferienwohnung-wartet-auf-sie-fur-2021\/","og_locale":"de_DE","og_type":"article","og_title":"IHRE PRIVATE FERIENWOHNUNG WARTET AUF SIE F\u00dcR 2021 - Blog","og_description":"Vor dem Hintergrund der Situation mit COVID-19 in der Welt gibt es eine gro\u00dfe Unsicherheit in Bezug auf Reisen und...","og_url":"https:\/\/blog.nordvillaspollensa.com\/de\/ihre-private-ferienwohnung-wartet-auf-sie-fur-2021\/","og_site_name":"Blog","article_published_time":"2020-11-07T10:51:45+00:00","og_image":[{"url":"https:\/\/blog.nordvillaspollensa.com\/wp-content\/uploads\/2020\/11\/HOLLAND-SMALL-1-3.jpg","type":"","width":"","height":""}],"author":"nordvillaspollensa","twitter_card":"summary_large_image","twitter_misc":{"Verfasst von":"nordvillaspollensa","Gesch\u00e4tzte Lesezeit":"1\u00a0Minute"},"schema":{"@context":"https:\/\/schema.org","@graph":[{"@type":"Article","@id":"https:\/\/blog.nordvillaspollensa.com\/de\/ihre-private-ferienwohnung-wartet-auf-sie-fur-2021\/#article","isPartOf":{"@id":"https:\/\/blog.nordvillaspollensa.com\/de\/ihre-private-ferienwohnung-wartet-auf-sie-fur-2021\/"},"author":{"name":"nordvillaspollensa","@id":"https:\/\/blog.nordvillaspollensa.com\/#\/schema\/person\/bc98f3f935de2b7ef2d8b3e674c7861d"},"headline":"IHRE PRIVATE FERIENWOHNUNG WARTET AUF SIE F\u00dcR 2021","datePublished":"2020-11-07T10:51:45+00:00","mainEntityOfPage":{"@id":"https:\/\/blog.nordvillaspollensa.com\/de\/ihre-private-ferienwohnung-wartet-auf-sie-fur-2021\/"},"wordCount":244,"commentCount":0,"image":{"@id":"https:\/\/blog.nordvillaspollensa.com\/de\/ihre-private-ferienwohnung-wartet-auf-sie-fur-2021\/#primaryimage"},"thumbnailUrl":"https:\/\/blog.nordvillaspollensa.com\/wp-content\/uploads\/2020\/11\/HOLLAND-SMALL-1-3.jpg","articleSection":["Uncategorized"],"inLanguage":"de","potentialAction":[{"@type":"CommentAction","name":"Comment","target":["https:\/\/blog.nordvillaspollensa.com\/de\/ihre-private-ferienwohnung-wartet-auf-sie-fur-2021\/#respond"]}]},{"@type":"WebPage","@id":"https:\/\/blog.nordvillaspollensa.com\/de\/ihre-private-ferienwohnung-wartet-auf-sie-fur-2021\/","url":"https:\/\/blog.nordvillaspollensa.com\/de\/ihre-private-ferienwohnung-wartet-auf-sie-fur-2021\/","name":"IHRE PRIVATE FERIENWOHNUNG WARTET AUF SIE F\u00dcR 2021 - Blog","isPartOf":{"@id":"https:\/\/blog.nordvillaspollensa.com\/#website"},"primaryImageOfPage":{"@id":"https:\/\/blog.nordvillaspollensa.com\/de\/ihre-private-ferienwohnung-wartet-auf-sie-fur-2021\/#primaryimage"},"image":{"@id":"https:\/\/blog.nordvillaspollensa.com\/de\/ihre-private-ferienwohnung-wartet-auf-sie-fur-2021\/#primaryimage"},"thumbnailUrl":"https:\/\/blog.nordvillaspollensa.com\/wp-content\/uploads\/2020\/11\/HOLLAND-SMALL-1-3.jpg","datePublished":"2020-11-07T10:51:45+00:00","author":{"@id":"https:\/\/blog.nordvillaspollensa.com\/#\/schema\/person\/bc98f3f935de2b7ef2d8b3e674c7861d"},"breadcrumb":{"@id":"https:\/\/blog.nordvillaspollensa.com\/de\/ihre-private-ferienwohnung-wartet-auf-sie-fur-2021\/#breadcrumb"},"inLanguage":"de","potentialAction":[{"@type":"ReadAction","target":["https:\/\/blog.nordvillaspollensa.com\/de\/ihre-private-ferienwohnung-wartet-auf-sie-fur-2021\/"]}]},{"@type":"ImageObject","inLanguage":"de","@id":"https:\/\/blog.nordvillaspollensa.com\/de\/ihre-private-ferienwohnung-wartet-auf-sie-fur-2021\/#primaryimage","url":"https:\/\/blog.nordvillaspollensa.com\/wp-content\/uploads\/2020\/11\/HOLLAND-SMALL-1-3.jpg","contentUrl":"https:\/\/blog.nordvillaspollensa.com\/wp-content\/uploads\/2020\/11\/HOLLAND-SMALL-1-3.jpg"},{"@type":"BreadcrumbList","@id":"https:\/\/blog.nordvillaspollensa.com\/de\/ihre-private-ferienwohnung-wartet-auf-sie-fur-2021\/#breadcrumb","itemListElement":[{"@type":"ListItem","position":1,"name":"Home","item":"https:\/\/blog.nordvillaspollensa.com\/"},{"@type":"ListItem","position":2,"name":"IHRE PRIVATE FERIENWOHNUNG WARTET AUF SIE F\u00dcR 2021"}]},{"@type":"WebSite","@id":"https:\/\/blog.nordvillaspollensa.com\/#website","url":"https:\/\/blog.nordvillaspollensa.com\/","name":"Blog","description":"","potentialAction":[{"@type":"SearchAction","target":{"@type":"EntryPoint","urlTemplate":"https:\/\/blog.nordvillaspollensa.com\/?s={search_term_string}"},"query-input":{"@type":"PropertyValueSpecification","valueRequired":true,"valueName":"search_term_string"}}],"inLanguage":"de"},{"@type":"Person","@id":"https:\/\/blog.nordvillaspollensa.com\/#\/schema\/person\/bc98f3f935de2b7ef2d8b3e674c7861d","name":"nordvillaspollensa","image":{"@type":"ImageObject","inLanguage":"de","@id":"https:\/\/secure.gravatar.com\/avatar\/99197ff27043ec5d46dbc6d45891ee2769f2141cd226b537f17594ef60f82c55?s=96&d=mm&r=g","url":"https:\/\/secure.gravatar.com\/avatar\/99197ff27043ec5d46dbc6d45891ee2769f2141cd226b537f17594ef60f82c55?s=96&d=mm&r=g","contentUrl":"https:\/\/secure.gravatar.com\/avatar\/99197ff27043ec5d46dbc6d45891ee2769f2141cd226b537f17594ef60f82c55?s=96&d=mm&r=g","caption":"nordvillaspollensa"},"url":"https:\/\/blog.nordvillaspollensa.com\/de\/author\/nordvillaspollensa\/"}]}},"_links":{"self":[{"href":"https:\/\/blog.nordvillaspollensa.com\/de\/wp-json\/wp\/v2\/posts\/311","targetHints":{"allow":["GET"]}}],"collection":[{"href":"https:\/\/blog.nordvillaspollensa.com\/de\/wp-json\/wp\/v2\/posts"}],"about":[{"href":"https:\/\/blog.nordvillaspollensa.com\/de\/wp-json\/wp\/v2\/types\/post"}],"author":[{"embeddable":true,"href":"https:\/\/blog.nordvillaspollensa.com\/de\/wp-json\/wp\/v2\/users\/2"}],"replies":[{"embeddable":true,"href":"https:\/\/blog.nordvillaspollensa.com\/de\/wp-json\/wp\/v2\/comments?post=311"}],"version-history":[{"count":1,"href":"https:\/\/blog.nordvillaspollensa.com\/de\/wp-json\/wp\/v2\/posts\/311\/revisions"}],"predecessor-version":[{"id":321,"href":"https:\/\/blog.nordvillaspollensa.com\/de\/wp-json\/wp\/v2\/posts\/311\/revisions\/321"}],"wp:attachment":[{"href":"https:\/\/blog.nordvillaspollensa.com\/de\/wp-json\/wp\/v2\/media?parent=311"}],"wp:term":[{"taxonomy":"category","embeddable":true,"href":"https:\/\/blog.nordvillaspollensa.com\/de\/wp-json\/wp\/v2\/categories?post=311"},{"taxonomy":"post_tag","embeddable":true,"href":"https:\/\/blog.nordvillaspollensa.com\/de\/wp-json\/wp\/v2\/tags?post=311"}],"curies":[{"name":"wp","href":"https:\/\/api.w.org\/{rel}","templated":true}]}}