{"id":47,"date":"2020-09-17T11:50:39","date_gmt":"2020-09-17T11:50:39","guid":{"rendered":"https:\/\/blog.nordvillaspollensa.com\/?p=47"},"modified":"2020-09-17T11:50:40","modified_gmt":"2020-09-17T11:50:40","slug":"wir-haben-die-saison-verlangert","status":"publish","type":"post","link":"https:\/\/blog.nordvillaspollensa.com\/de\/wir-haben-die-saison-verlangert\/","title":{"rendered":"WIR HABEN DIE SAISON VERL\u00c4NGERT"},"content":{"rendered":"\n<p><strong>D<\/strong>ie Besorgnis \u00fcber den COVID-19 in diesem Jahr hat dazu gef\u00fchrt, dass die Reisefreiheit stark eingeschr\u00e4nkt wurde. Viele Urlauber haben ihren allj\u00e4hrlichen Ausflug in die Sonne verpasst und m\u00f6chten dieses wundersch\u00f6ne Inselparadies im Mittelmeer unbedingt besuchen.<\/p>\n\n\n\n<p>Mallorca bietet eine beruhigende Vertrautheit f\u00fcr regelm\u00e4\u00dfige Besucher und einen freundlichen Empfang f\u00fcr neue G\u00e4ste, die zum ersten Mal kommen, um alles zu erkunden, was die Insel zu bieten hat.<\/p>\n\n\n\n<figure class=\"wp-block-image size-large\"><img loading=\"lazy\" decoding=\"async\" width=\"593\" height=\"477\" src=\"https:\/\/blog.nordvillaspollensa.com\/wp-content\/uploads\/2020\/09\/Composicion-1-1.jpg\" alt=\"\" class=\"wp-image-49\"\/><\/figure>\n\n\n\n<p><strong>B<\/strong>ei solch strengen Einschr\u00e4nkungen der Bewegungsfreiheit zwischen den L\u00e4ndern in diesem Jahr sind viele ungeduldig geworden und warten darauf, den n\u00e4chsten Flug zu buchen, wenn die Flugzeuge wieder vollst\u00e4ndig ge\u00f6ffnet sind. Erfahrene Reisende aus Gruppen mit geringem Gesundheitsrisiko nutzen bereits die g\u00fcnstigen Flugpreise, Sonderangebote und ruhigen Str\u00e4nde in diesem Sommer und erleben Mallorca von seiner besten Seite.<\/p>\n\n\n\n<figure class=\"wp-block-image size-large\"><img loading=\"lazy\" decoding=\"async\" width=\"322\" height=\"164\" src=\"https:\/\/blog.nordvillaspollensa.com\/wp-content\/uploads\/2020\/09\/PHOTO-4-2.jpg\" alt=\"\" class=\"wp-image-52\"\/><\/figure>\n\n\n\n<p><strong>Wie k\u00f6nnen wir also denen helfen, die in diesem Jahr noch auf der Flucht sind?<\/strong><\/p>\n\n\n\n<p><strong>N<\/strong>ordvillas hat mit einer Auswahl von Villenbesitzern, die darauf bedacht sind, Kunden w\u00e4hrend der Sp\u00e4therbst- und Wintermonate in ihren H\u00e4usern willkommen zu hei\u00dfen, eine Verl\u00e4ngerung der Saison ausgehandelt. Das sind gro\u00dfartige Neuigkeiten f\u00fcr alle Arten von Reisenden, von Urlaubern, die sich entspannen wollen, \u00fcber Radfahrer und Wanderer bis hin zu denen, die Weihnachten und das neue Jahr auf Mallorca erleben wollen.<\/p>\n\n\n\n<figure class=\"wp-block-image size-large\"><img loading=\"lazy\" decoding=\"async\" width=\"596\" height=\"392\" src=\"https:\/\/blog.nordvillaspollensa.com\/wp-content\/uploads\/2020\/09\/paint-imagen-2-1-3.png\" alt=\"\" class=\"wp-image-55\"\/><\/figure>\n\n\n\n<p><strong>Was bietet die Insel in der Nebensaison?<\/strong><\/p>\n\n\n\n<p><strong>H<\/strong>erbst und Winter ist eine besondere Zeit auf Mallorca. Es gibt so viel zu entdecken! Die Str\u00e4nde werden zu einem Ort f\u00fcr lange Spazierg\u00e4nge mit spektakul\u00e4rem Meerblick und die Berge laden Wanderer ein, sch\u00f6ne D\u00f6rfer, die Geschichte Mallorcas sowie versteckte Buchten zu entdecken.<\/p>\n\n\n\n<p>Die K\u00fcche auf der ganzen Insel ist exquisit, und es gibt einzigartige Gerichte auf der Insel, die in den Sommermonaten nicht immer sichtbar sind oder angeboten werden. Arroz Brut, Lomo con Col und Tumbet sind in den Wintermonaten Stargerichte.<\/p>\n\n\n\n<figure class=\"wp-block-image size-large\"><img loading=\"lazy\" decoding=\"async\" width=\"683\" height=\"106\" src=\"https:\/\/blog.nordvillaspollensa.com\/wp-content\/uploads\/2020\/09\/paint-imagen-3-3.png\" alt=\"\" class=\"wp-image-61\"\/><\/figure>\n\n\n\n<p><strong>D<\/strong>as Wetter ist \u00fcberraschend, denn von Oktober bis Mai ist das Klima wechselhaft. Nat\u00fcrlich gibt es regnerische Tage und kalte Temperaturen, aber es gibt auch Perioden mit starker Hitze, gem\u00e4\u00dfigtem und auch bew\u00f6lktem Wetter.<\/p>\n\n\n\n<figure class=\"wp-block-image size-large\"><img loading=\"lazy\" decoding=\"async\" width=\"492\" height=\"460\" src=\"https:\/\/blog.nordvillaspollensa.com\/wp-content\/uploads\/2020\/09\/paint-imagen-4-4.png\" alt=\"\" class=\"wp-image-64\"\/><\/figure>\n\n\n\n<p><strong>Was kann Nordvillas in der Nebensaison anbieten?<\/strong><\/p>\n\n\n\n<p><strong>U<\/strong>nsere Immobilien verf\u00fcgen \u00fcber warme und kalte Klimaanlagen, die daf\u00fcr sorgen, dass sich unsere G\u00e4ste immer wohl f\u00fchlen, wenn sie sich im Haus aufhalten. Voll ausgestattete K\u00fcchen f\u00fcr das Essen im Haus und einen Grill f\u00fcr diejenigen, die das ganze Jahr \u00fcber lieber im Freien essen m\u00f6chten. Eine Villa im Winter bietet den Komfort eines Zuhauses und erm\u00f6glicht es unseren G\u00e4sten, sich vollkommen zu entspannen und vielleicht sogar ein Bad im privaten Pool zu nehmen. Unser Kundendienstteam vor Ort steht Ihnen f\u00fcr Restaurantvorschl\u00e4ge, lokale Informationen und Empfehlungen f\u00fcr Sehensw\u00fcrdigkeiten zur Verf\u00fcgung. In dringenden F\u00e4llen stehen wir auch au\u00dferhalb der B\u00fcrozeiten zur Verf\u00fcgung. Seien Sie versichert, dass unser Team mit Sitz in Pollensa das ganze Jahr \u00fcber f\u00fcr unsere G\u00e4ste da ist.&nbsp;&nbsp; &nbsp;<\/p>\n\n\n\n<figure class=\"wp-block-image size-large\"><img loading=\"lazy\" decoding=\"async\" width=\"596\" height=\"455\" src=\"https:\/\/blog.nordvillaspollensa.com\/wp-content\/uploads\/2020\/09\/paint-imagen-5-1-3.png\" alt=\"\" class=\"wp-image-67\"\/><\/figure>\n\n\n\n<p><strong>Kontakt<\/strong><\/p>\n\n\n\n<p><strong>B<\/strong>esuchen Sie unsere Website und geben Sie Ihre Reisedaten ein, um unsere Auswahl an Villen am Ende der Saison zu sehen, die auf Sie warten. Wenden Sie sich bei Fragen zu den Immobilien an uns, denn wir sind hier, um Ihnen zu helfen.<\/p>\n","protected":false},"excerpt":{"rendered":"<p>Die Besorgnis \u00fcber den COVID-19 in diesem Jahr hat dazu gef\u00fchrt, dass die Reisefreiheit stark eingeschr\u00e4nkt wurde. Viele Urlauber haben&#8230;<\/p>\n","protected":false},"author":2,"featured_media":0,"comment_status":"open","ping_status":"closed","sticky":false,"template":"","format":"standard","meta":{"footnotes":""},"categories":[1],"tags":[],"class_list":["post-47","post","type-post","status-publish","format-standard","hentry","category-uncategorized"],"yoast_head":"<!-- This site is optimized with the Yoast SEO plugin v27.5 - https:\/\/yoast.com\/product\/yoast-seo-wordpress\/ -->\n<title>WIR HABEN DIE SAISON VERL\u00c4NGERT - Blog<\/title>\n<meta name=\"robots\" content=\"index, follow, max-snippet:-1, max-image-preview:large, max-video-preview:-1\" \/>\n<link rel=\"canonical\" href=\"https:\/\/blog.nordvillaspollensa.com\/de\/wir-haben-die-saison-verlangert\/\" \/>\n<meta property=\"og:locale\" content=\"de_DE\" \/>\n<meta property=\"og:type\" content=\"article\" \/>\n<meta property=\"og:title\" content=\"WIR HABEN DIE SAISON VERL\u00c4NGERT - Blog\" \/>\n<meta property=\"og:description\" content=\"Die Besorgnis \u00fcber den COVID-19 in diesem Jahr hat dazu gef\u00fchrt, dass die Reisefreiheit stark eingeschr\u00e4nkt wurde. Viele Urlauber haben...\" \/>\n<meta property=\"og:url\" content=\"https:\/\/blog.nordvillaspollensa.com\/de\/wir-haben-die-saison-verlangert\/\" \/>\n<meta property=\"og:site_name\" content=\"Blog\" \/>\n<meta property=\"article:published_time\" content=\"2020-09-17T11:50:39+00:00\" \/>\n<meta property=\"article:modified_time\" content=\"2020-09-17T11:50:40+00:00\" \/>\n<meta property=\"og:image\" content=\"https:\/\/blog.nordvillaspollensa.com\/wp-content\/uploads\/2020\/09\/Composicion-1-1.jpg\" \/>\n<meta name=\"author\" content=\"nordvillaspollensa\" \/>\n<meta name=\"twitter:card\" content=\"summary_large_image\" \/>\n<meta name=\"twitter:label1\" content=\"Verfasst von\" \/>\n\t<meta name=\"twitter:data1\" content=\"nordvillaspollensa\" \/>\n\t<meta name=\"twitter:label2\" content=\"Gesch\u00e4tzte Lesezeit\" \/>\n\t<meta name=\"twitter:data2\" content=\"3\u00a0Minuten\" \/>\n<script type=\"application\/ld+json\" class=\"yoast-schema-graph\">{\"@context\":\"https:\\\/\\\/schema.org\",\"@graph\":[{\"@type\":\"Article\",\"@id\":\"https:\\\/\\\/blog.nordvillaspollensa.com\\\/de\\\/wir-haben-die-saison-verlangert\\\/#article\",\"isPartOf\":{\"@id\":\"https:\\\/\\\/blog.nordvillaspollensa.com\\\/de\\\/wir-haben-die-saison-verlangert\\\/\"},\"author\":{\"name\":\"nordvillaspollensa\",\"@id\":\"https:\\\/\\\/blog.nordvillaspollensa.com\\\/#\\\/schema\\\/person\\\/bc98f3f935de2b7ef2d8b3e674c7861d\"},\"headline\":\"WIR HABEN DIE SAISON VERL\u00c4NGERT\",\"datePublished\":\"2020-09-17T11:50:39+00:00\",\"dateModified\":\"2020-09-17T11:50:40+00:00\",\"mainEntityOfPage\":{\"@id\":\"https:\\\/\\\/blog.nordvillaspollensa.com\\\/de\\\/wir-haben-die-saison-verlangert\\\/\"},\"wordCount\":558,\"commentCount\":0,\"image\":{\"@id\":\"https:\\\/\\\/blog.nordvillaspollensa.com\\\/de\\\/wir-haben-die-saison-verlangert\\\/#primaryimage\"},\"thumbnailUrl\":\"https:\\\/\\\/blog.nordvillaspollensa.com\\\/wp-content\\\/uploads\\\/2020\\\/09\\\/Composicion-1-1.jpg\",\"articleSection\":[\"Uncategorized\"],\"inLanguage\":\"de\",\"potentialAction\":[{\"@type\":\"CommentAction\",\"name\":\"Comment\",\"target\":[\"https:\\\/\\\/blog.nordvillaspollensa.com\\\/de\\\/wir-haben-die-saison-verlangert\\\/#respond\"]}]},{\"@type\":\"WebPage\",\"@id\":\"https:\\\/\\\/blog.nordvillaspollensa.com\\\/de\\\/wir-haben-die-saison-verlangert\\\/\",\"url\":\"https:\\\/\\\/blog.nordvillaspollensa.com\\\/de\\\/wir-haben-die-saison-verlangert\\\/\",\"name\":\"WIR HABEN DIE SAISON VERL\u00c4NGERT - Blog\",\"isPartOf\":{\"@id\":\"https:\\\/\\\/blog.nordvillaspollensa.com\\\/#website\"},\"primaryImageOfPage\":{\"@id\":\"https:\\\/\\\/blog.nordvillaspollensa.com\\\/de\\\/wir-haben-die-saison-verlangert\\\/#primaryimage\"},\"image\":{\"@id\":\"https:\\\/\\\/blog.nordvillaspollensa.com\\\/de\\\/wir-haben-die-saison-verlangert\\\/#primaryimage\"},\"thumbnailUrl\":\"https:\\\/\\\/blog.nordvillaspollensa.com\\\/wp-content\\\/uploads\\\/2020\\\/09\\\/Composicion-1-1.jpg\",\"datePublished\":\"2020-09-17T11:50:39+00:00\",\"dateModified\":\"2020-09-17T11:50:40+00:00\",\"author\":{\"@id\":\"https:\\\/\\\/blog.nordvillaspollensa.com\\\/#\\\/schema\\\/person\\\/bc98f3f935de2b7ef2d8b3e674c7861d\"},\"breadcrumb\":{\"@id\":\"https:\\\/\\\/blog.nordvillaspollensa.com\\\/de\\\/wir-haben-die-saison-verlangert\\\/#breadcrumb\"},\"inLanguage\":\"de\",\"potentialAction\":[{\"@type\":\"ReadAction\",\"target\":[\"https:\\\/\\\/blog.nordvillaspollensa.com\\\/de\\\/wir-haben-die-saison-verlangert\\\/\"]}]},{\"@type\":\"ImageObject\",\"inLanguage\":\"de\",\"@id\":\"https:\\\/\\\/blog.nordvillaspollensa.com\\\/de\\\/wir-haben-die-saison-verlangert\\\/#primaryimage\",\"url\":\"https:\\\/\\\/blog.nordvillaspollensa.com\\\/wp-content\\\/uploads\\\/2020\\\/09\\\/Composicion-1-1.jpg\",\"contentUrl\":\"https:\\\/\\\/blog.nordvillaspollensa.com\\\/wp-content\\\/uploads\\\/2020\\\/09\\\/Composicion-1-1.jpg\"},{\"@type\":\"BreadcrumbList\",\"@id\":\"https:\\\/\\\/blog.nordvillaspollensa.com\\\/de\\\/wir-haben-die-saison-verlangert\\\/#breadcrumb\",\"itemListElement\":[{\"@type\":\"ListItem\",\"position\":1,\"name\":\"Home\",\"item\":\"https:\\\/\\\/blog.nordvillaspollensa.com\\\/\"},{\"@type\":\"ListItem\",\"position\":2,\"name\":\"WIR HABEN DIE SAISON VERL\u00c4NGERT\"}]},{\"@type\":\"WebSite\",\"@id\":\"https:\\\/\\\/blog.nordvillaspollensa.com\\\/#website\",\"url\":\"https:\\\/\\\/blog.nordvillaspollensa.com\\\/\",\"name\":\"Blog\",\"description\":\"\",\"potentialAction\":[{\"@type\":\"SearchAction\",\"target\":{\"@type\":\"EntryPoint\",\"urlTemplate\":\"https:\\\/\\\/blog.nordvillaspollensa.com\\\/?s={search_term_string}\"},\"query-input\":{\"@type\":\"PropertyValueSpecification\",\"valueRequired\":true,\"valueName\":\"search_term_string\"}}],\"inLanguage\":\"de\"},{\"@type\":\"Person\",\"@id\":\"https:\\\/\\\/blog.nordvillaspollensa.com\\\/#\\\/schema\\\/person\\\/bc98f3f935de2b7ef2d8b3e674c7861d\",\"name\":\"nordvillaspollensa\",\"image\":{\"@type\":\"ImageObject\",\"inLanguage\":\"de\",\"@id\":\"https:\\\/\\\/secure.gravatar.com\\\/avatar\\\/99197ff27043ec5d46dbc6d45891ee2769f2141cd226b537f17594ef60f82c55?s=96&d=mm&r=g\",\"url\":\"https:\\\/\\\/secure.gravatar.com\\\/avatar\\\/99197ff27043ec5d46dbc6d45891ee2769f2141cd226b537f17594ef60f82c55?s=96&d=mm&r=g\",\"contentUrl\":\"https:\\\/\\\/secure.gravatar.com\\\/avatar\\\/99197ff27043ec5d46dbc6d45891ee2769f2141cd226b537f17594ef60f82c55?s=96&d=mm&r=g\",\"caption\":\"nordvillaspollensa\"},\"url\":\"https:\\\/\\\/blog.nordvillaspollensa.com\\\/de\\\/author\\\/nordvillaspollensa\\\/\"}]}<\/script>\n<!-- \/ Yoast SEO plugin. -->","yoast_head_json":{"title":"WIR HABEN DIE SAISON VERL\u00c4NGERT - Blog","robots":{"index":"index","follow":"follow","max-snippet":"max-snippet:-1","max-image-preview":"max-image-preview:large","max-video-preview":"max-video-preview:-1"},"canonical":"https:\/\/blog.nordvillaspollensa.com\/de\/wir-haben-die-saison-verlangert\/","og_locale":"de_DE","og_type":"article","og_title":"WIR HABEN DIE SAISON VERL\u00c4NGERT - Blog","og_description":"Die Besorgnis \u00fcber den COVID-19 in diesem Jahr hat dazu gef\u00fchrt, dass die Reisefreiheit stark eingeschr\u00e4nkt wurde. Viele Urlauber haben...","og_url":"https:\/\/blog.nordvillaspollensa.com\/de\/wir-haben-die-saison-verlangert\/","og_site_name":"Blog","article_published_time":"2020-09-17T11:50:39+00:00","article_modified_time":"2020-09-17T11:50:40+00:00","og_image":[{"url":"https:\/\/blog.nordvillaspollensa.com\/wp-content\/uploads\/2020\/09\/Composicion-1-1.jpg","type":"","width":"","height":""}],"author":"nordvillaspollensa","twitter_card":"summary_large_image","twitter_misc":{"Verfasst von":"nordvillaspollensa","Gesch\u00e4tzte Lesezeit":"3\u00a0Minuten"},"schema":{"@context":"https:\/\/schema.org","@graph":[{"@type":"Article","@id":"https:\/\/blog.nordvillaspollensa.com\/de\/wir-haben-die-saison-verlangert\/#article","isPartOf":{"@id":"https:\/\/blog.nordvillaspollensa.com\/de\/wir-haben-die-saison-verlangert\/"},"author":{"name":"nordvillaspollensa","@id":"https:\/\/blog.nordvillaspollensa.com\/#\/schema\/person\/bc98f3f935de2b7ef2d8b3e674c7861d"},"headline":"WIR HABEN DIE SAISON VERL\u00c4NGERT","datePublished":"2020-09-17T11:50:39+00:00","dateModified":"2020-09-17T11:50:40+00:00","mainEntityOfPage":{"@id":"https:\/\/blog.nordvillaspollensa.com\/de\/wir-haben-die-saison-verlangert\/"},"wordCount":558,"commentCount":0,"image":{"@id":"https:\/\/blog.nordvillaspollensa.com\/de\/wir-haben-die-saison-verlangert\/#primaryimage"},"thumbnailUrl":"https:\/\/blog.nordvillaspollensa.com\/wp-content\/uploads\/2020\/09\/Composicion-1-1.jpg","articleSection":["Uncategorized"],"inLanguage":"de","potentialAction":[{"@type":"CommentAction","name":"Comment","target":["https:\/\/blog.nordvillaspollensa.com\/de\/wir-haben-die-saison-verlangert\/#respond"]}]},{"@type":"WebPage","@id":"https:\/\/blog.nordvillaspollensa.com\/de\/wir-haben-die-saison-verlangert\/","url":"https:\/\/blog.nordvillaspollensa.com\/de\/wir-haben-die-saison-verlangert\/","name":"WIR HABEN DIE SAISON VERL\u00c4NGERT - Blog","isPartOf":{"@id":"https:\/\/blog.nordvillaspollensa.com\/#website"},"primaryImageOfPage":{"@id":"https:\/\/blog.nordvillaspollensa.com\/de\/wir-haben-die-saison-verlangert\/#primaryimage"},"image":{"@id":"https:\/\/blog.nordvillaspollensa.com\/de\/wir-haben-die-saison-verlangert\/#primaryimage"},"thumbnailUrl":"https:\/\/blog.nordvillaspollensa.com\/wp-content\/uploads\/2020\/09\/Composicion-1-1.jpg","datePublished":"2020-09-17T11:50:39+00:00","dateModified":"2020-09-17T11:50:40+00:00","author":{"@id":"https:\/\/blog.nordvillaspollensa.com\/#\/schema\/person\/bc98f3f935de2b7ef2d8b3e674c7861d"},"breadcrumb":{"@id":"https:\/\/blog.nordvillaspollensa.com\/de\/wir-haben-die-saison-verlangert\/#breadcrumb"},"inLanguage":"de","potentialAction":[{"@type":"ReadAction","target":["https:\/\/blog.nordvillaspollensa.com\/de\/wir-haben-die-saison-verlangert\/"]}]},{"@type":"ImageObject","inLanguage":"de","@id":"https:\/\/blog.nordvillaspollensa.com\/de\/wir-haben-die-saison-verlangert\/#primaryimage","url":"https:\/\/blog.nordvillaspollensa.com\/wp-content\/uploads\/2020\/09\/Composicion-1-1.jpg","contentUrl":"https:\/\/blog.nordvillaspollensa.com\/wp-content\/uploads\/2020\/09\/Composicion-1-1.jpg"},{"@type":"BreadcrumbList","@id":"https:\/\/blog.nordvillaspollensa.com\/de\/wir-haben-die-saison-verlangert\/#breadcrumb","itemListElement":[{"@type":"ListItem","position":1,"name":"Home","item":"https:\/\/blog.nordvillaspollensa.com\/"},{"@type":"ListItem","position":2,"name":"WIR HABEN DIE SAISON VERL\u00c4NGERT"}]},{"@type":"WebSite","@id":"https:\/\/blog.nordvillaspollensa.com\/#website","url":"https:\/\/blog.nordvillaspollensa.com\/","name":"Blog","description":"","potentialAction":[{"@type":"SearchAction","target":{"@type":"EntryPoint","urlTemplate":"https:\/\/blog.nordvillaspollensa.com\/?s={search_term_string}"},"query-input":{"@type":"PropertyValueSpecification","valueRequired":true,"valueName":"search_term_string"}}],"inLanguage":"de"},{"@type":"Person","@id":"https:\/\/blog.nordvillaspollensa.com\/#\/schema\/person\/bc98f3f935de2b7ef2d8b3e674c7861d","name":"nordvillaspollensa","image":{"@type":"ImageObject","inLanguage":"de","@id":"https:\/\/secure.gravatar.com\/avatar\/99197ff27043ec5d46dbc6d45891ee2769f2141cd226b537f17594ef60f82c55?s=96&d=mm&r=g","url":"https:\/\/secure.gravatar.com\/avatar\/99197ff27043ec5d46dbc6d45891ee2769f2141cd226b537f17594ef60f82c55?s=96&d=mm&r=g","contentUrl":"https:\/\/secure.gravatar.com\/avatar\/99197ff27043ec5d46dbc6d45891ee2769f2141cd226b537f17594ef60f82c55?s=96&d=mm&r=g","caption":"nordvillaspollensa"},"url":"https:\/\/blog.nordvillaspollensa.com\/de\/author\/nordvillaspollensa\/"}]}},"_links":{"self":[{"href":"https:\/\/blog.nordvillaspollensa.com\/de\/wp-json\/wp\/v2\/posts\/47","targetHints":{"allow":["GET"]}}],"collection":[{"href":"https:\/\/blog.nordvillaspollensa.com\/de\/wp-json\/wp\/v2\/posts"}],"about":[{"href":"https:\/\/blog.nordvillaspollensa.com\/de\/wp-json\/wp\/v2\/types\/post"}],"author":[{"embeddable":true,"href":"https:\/\/blog.nordvillaspollensa.com\/de\/wp-json\/wp\/v2\/users\/2"}],"replies":[{"embeddable":true,"href":"https:\/\/blog.nordvillaspollensa.com\/de\/wp-json\/wp\/v2\/comments?post=47"}],"version-history":[{"count":1,"href":"https:\/\/blog.nordvillaspollensa.com\/de\/wp-json\/wp\/v2\/posts\/47\/revisions"}],"predecessor-version":[{"id":70,"href":"https:\/\/blog.nordvillaspollensa.com\/de\/wp-json\/wp\/v2\/posts\/47\/revisions\/70"}],"wp:attachment":[{"href":"https:\/\/blog.nordvillaspollensa.com\/de\/wp-json\/wp\/v2\/media?parent=47"}],"wp:term":[{"taxonomy":"category","embeddable":true,"href":"https:\/\/blog.nordvillaspollensa.com\/de\/wp-json\/wp\/v2\/categories?post=47"},{"taxonomy":"post_tag","embeddable":true,"href":"https:\/\/blog.nordvillaspollensa.com\/de\/wp-json\/wp\/v2\/tags?post=47"}],"curies":[{"name":"wp","href":"https:\/\/api.w.org\/{rel}","templated":true}]}}