{"id":672,"date":"2021-12-14T11:12:17","date_gmt":"2021-12-14T11:12:17","guid":{"rendered":"https:\/\/blog.nordvillaspollensa.com\/?p=672"},"modified":"2021-12-14T11:12:18","modified_gmt":"2021-12-14T11:12:18","slug":"ferienhauser-puerto-pollensa","status":"publish","type":"post","link":"https:\/\/blog.nordvillaspollensa.com\/de\/ferienhauser-puerto-pollensa\/","title":{"rendered":"Ferienh\u00e4user Puerto Pollensa"},"content":{"rendered":"\n<p><strong>Mallorca <\/strong>k\u00f6nnte als das ewige Paradies bezeichnet werden. Dank der vielen sch\u00f6nen Orte auf der Insel k\u00f6nnen Sie jeden Tag ganz andere Orte genie\u00dfen. Wenn Sie <strong>Mallorca noch nicht besucht<\/strong> haben, z\u00f6gern Sie nicht l\u00e4nger und organisieren Sie Ihre <strong>Reise nach Mallorca<\/strong>!<\/p>\n\n\n\n<p>Um Ihren <strong>Urlaub auf Mallorca<\/strong> zu organisieren, m\u00fcssen Sie sich zun\u00e4chst f\u00fcr eine Unterkunft entscheiden. Heute schlagen wir eine andere und vor allem bequeme Option vor. Wir sprechen \u00fcber die verschiedenen<a href=\"https:\/\/blog.nordvillaspollensa.com\/de\/ferienvillen-mallorca\/\"> <strong>Ferienvillen Mallorca<\/strong>.\u00a0<\/a><\/p>\n\n\n\n<p>In den <strong>Villen auf Mallorca<\/strong> k\u00f6nnen Sie die Ruhe, Unabh\u00e4ngigkeit und Ihre Reisebegleiter auf einzigartige Weise genie\u00dfen. Au\u00dferdem bieten wir Ihnen einen einzigartigen Ort: <strong>die Ferienvillen in Puerto Pollensa<\/strong>.<\/p>\n\n\n\n<p>Die <strong><a href=\"https:\/\/blog.nordvillaspollensa.com\/de\/villen-zu-vermieten-in-puerto-pollensa\/\">Villen zu vermieten in Puerto Pollensa<\/a><\/strong> sind dank ihrer Lage die beste M\u00f6glichkeit, das Meer und die Berge zu genie\u00dfen. Au\u00dferdem sind <strong><a href=\"https:\/\/blog.nordvillaspollensa.com\/de\/die-besten-villen-in-pollensa\/\">die besten Villen in Pollensa<\/a><\/strong> ideal, um die Tage mit gutem <strong>Zeit auf Mallorca<\/strong> zu genie\u00dfen. Wenn Sie also eine <strong>Reise nach Mallorca<\/strong> planen, z\u00f6gern Sie nicht, eine der verschiedenen <a href=\"https:\/\/blog.nordvillaspollensa.com\/de\/villen-in-puerto-pollensa-mallorca\/\"><strong>Villen in Puerto Pollensa Mallorca<\/strong>.\u00a0<\/a><\/p>\n\n\n\n<p>Um Ihren <strong>Urlaub in Pollensa<\/strong> perfekt zu machen, hinterlassen wir Ihnen einige Empfehlungen von Orten, damit Sie die <strong>besten Pl\u00e4tze auf Mallorca<\/strong> nicht verpassen.&nbsp;<\/p>\n\n\n\n<h2 class=\"wp-block-heading\"><strong>Str\u00e4nde in Pollensa<\/strong><\/h2>\n\n\n\n<p><strong>Die Str\u00e4nde Mallorcas<\/strong> sind eine der wichtigsten touristischen <strong>Attraktionen Mallorcas<\/strong>. An der <strong>Nordk\u00fcste Mallorcas<\/strong>, in der N\u00e4he von <strong>Puerto Pollensa und Pollensa<\/strong>, finden Sie einige der sch\u00f6nsten <strong>Str\u00e4nde Mallorcas<\/strong>.&nbsp;<\/p>\n\n\n\n<p>Ein Beispiel ist <strong>El Cal\u00f3 de Pollensa<\/strong>. Ein unber\u00fchrter Strand, den Sie nach einer kurzen, sch\u00f6nen Wanderung erreichen k\u00f6nnen. Dieser <strong>mallorquinische Strand<\/strong> ist aus Stein und bietet eine unglaubliche Naturlandschaft, umgeben von Natur und einer friedlichen Atmosph\u00e4re.&nbsp;<\/p>\n\n\n\n<p>Ein weiterer <strong>Strand in Pollensa<\/strong> ist der <strong>Strand von Formentor<\/strong>. Dieser verf\u00fcgt \u00fcber eine Reihe von Dienstleistungen wie einen Parkplatz, eine Strandbar und die M\u00f6glichkeit, Sonnenschirme und Liegest\u00fchle zu mieten, um den <strong>Tag am Strand von Mallorca<\/strong> zu verbringen. Der <strong>Strand von Formentor<\/strong> war dank seiner sch\u00f6nen Landschaft bereits Drehort f\u00fcr mehrere Filme und Serien. Der Pinienwald, der sich am Strand befindet, macht ihn zu einem <strong>der sch\u00f6nsten Str\u00e4nde Mallorcas<\/strong>.&nbsp;<\/p>\n\n\n\n<p>Schlie\u00dflich empfehlen wir <strong>Cala B\u00f3quer<\/strong>. Dies ist ein weiterer der wenigen versteckten, <strong>unber\u00fchrten Str\u00e4nde<\/strong>, die es auf Mallorca noch gibt. Allerdings hat dieser Strand eine Besonderheit, die ihn ein wenig bekannter macht: Er ist einer der bekanntesten <strong>Str\u00e4nde Mallorcas<\/strong> zum Schnorcheln. Dank der Steilk\u00fcste, die den Strand umgibt, k\u00f6nnen Sie in <strong>Cala B\u00f3quer <\/strong>schnorcheln und viele verschiedene Arten von Meerestieren entdecken. Sein Meeresgrund ist genauso sch\u00f6n, wenn nicht sogar noch sch\u00f6ner als dieser sch\u00f6ne <strong>Strand in Pollensa<\/strong>.<\/p>\n\n\n\n<h2 class=\"wp-block-heading\"><strong>Pollensa<\/strong><\/h2>\n\n\n\n<p><strong>Pollensa<\/strong> ist auch einer der idealen Orte, um <strong>Villen auf Mallorca zu mieten<\/strong>. Obwohl es etwas weiter vom <strong>Mallorcas Meer<\/strong> entfernt ist, ist es eine der idealen Optionen, wenn man Ausfl\u00fcge machen oder das <strong>Zentrum Mallorcas<\/strong> kennen lernen m\u00f6chte.&nbsp;<\/p>\n\n\n\n<p>Dank der Geschichte dieses Ortes gibt es in <strong>Pollensa<\/strong> zahlreiche historische Denkm\u00e4ler und Sehensw\u00fcrdigkeiten zu besichtigen. Von der <strong>r\u00f6mischen Br\u00fccke von Pollensa<\/strong> bis zu den <strong>365 Stufen des Kalvarienbergs von Pollensa<\/strong>. Au\u00dferdem k\u00f6nnen Sie von hier aus einen unglaublichen <strong>Panoramablick auf Pollensa<\/strong> genie\u00dfen.&nbsp;<\/p>\n\n\n\n<p>Ein weiterer Ort, den Sie w\u00e4hrend Ihres <strong>Aufenthalts in Pollensa<\/strong> unbedingt besuchen sollten, ist der <strong>Leuchtturm Faro de Formentor<\/strong>. Und vor allem, wenn Sie Radfahrer sind und auf <strong>Mallorca Fahrradtouren<\/strong> unternehmen m\u00f6chten. Wenn Sie die Natur lieben und <strong>Mallorca mit dem Fahrrad entdecken m\u00f6chten<\/strong>, ist dies die perfekte Route f\u00fcr Sie. Sowohl mit dem Auto als auch mit dem Fahrrad erreichen Sie einen Ort mit einzigartigen Aussichten. Zwischen Klippen und Meer befindet sich einer <strong>der sch\u00f6nsten Leuchtt\u00fcrme Mallorcas<\/strong>.&nbsp;<\/p>\n\n\n\n<h2 class=\"wp-block-heading\"><strong>Puerto Pollensa<\/strong><\/h2>\n\n\n\n<p>Puerto Pollensa ist zweifelsohne einer <strong>der sch\u00f6nsten H\u00e4fen Mallorcas<\/strong>. Das in der <strong>Gemeinde Pollensa<\/strong> gelegene <strong>Puerto Pollensa<\/strong> ist einer der <strong>K\u00fcstenorte Mallorcas<\/strong> mit einem besonderen Charme. Deshalb d\u00fcrfen Sie es w\u00e4hrend Ihres <strong>Urlaubs auf Mallorca<\/strong> nicht verpassen.&nbsp;<\/p>\n\n\n\n<p>Abgesehen von den bekannten <strong>Str\u00e4nden von Puerto Pollensa<\/strong> und seiner Umgebung bietet dieser Ort eine herrliche Atmosph\u00e4re. Mit dem Sonnenuntergang im Hintergrund k\u00f6nnen Sie eines der Restaurants im Hafen w\u00e4hlen und einen au\u00dfergew\u00f6hnlichen Abend beginnen. Nach dem <strong>Abendessen in Puerto Pollensa<\/strong> k\u00f6nnen Sie sich in den verschiedenen Kneipen und Diskotheken der Gegend vergn\u00fcgen und einen zauberhaften Abend verbringen.&nbsp;<\/p>\n\n\n\n<p>Daher ist die Wahl einer der <strong>Ferienvillen in Puerto Pollensa<\/strong> zweifellos eine Option, mit der Sie immer richtig liegen werden. Sie finden auch <strong><a href=\"https:\/\/blog.nordvillaspollensa.com\/de\/villen-in-puerto-pollensa\/\">Villen in Puerto Pollensa<\/a><\/strong> im typisch mallorquinischen Stil. Die<strong><a href=\"https:\/\/blog.nordvillaspollensa.com\/de\/villen-puerto-pollensa\/\"> Villen Puerto Pollensa<\/a><\/strong> sind eine sichere Sache, um das Beste aus Ihrer <strong>Reise nach Mallorca<\/strong> zu machen.\u00a0<\/p>\n\n\n\n<h2 class=\"wp-block-heading\"><strong>Villen in Puerto Pollensa<\/strong><\/h2>\n\n\n\n<p>Die M\u00f6glichkeit, eine der <strong>Ferienvillen in Puerto Pollensa zu mieten<\/strong>, ist zweifellos eine der besten Optionen, wenn Sie auf der Suche <strong><a href=\"https:\/\/blog.nordvillaspollensa.com\/de\/villen-zur-miete-auf-mallorca-in-strandnahe\/\">Villen zur Miete auf Mallorca in Strandn\u00e4he<\/a><\/strong> sind. Unter<a href=\"https:\/\/blog.nordvillaspollensa.com\/de\/luxus-ferienhauser-auf-mallorca\/\"> <strong>Luxus-Ferienh\u00e4user auf Mallorca<\/strong><\/a> finden Sie auch <strong><a href=\"https:\/\/blog.nordvillaspollensa.com\/de\/villen-auf-mallorca-mit-pool\/\">Villen auf Mallorca mit Pool.<\/a> <\/strong>Es ist sicherlich eine sehr interessante M\u00f6glichkeit, das gute <strong>Zeit auf Mallorca<\/strong> in der eigenen Villa zu genie\u00dfen.\u00a0<\/p>\n\n\n\n<p><strong>Ferienh\u00e4user in Puerto Pollensa<\/strong> sind der ideale Ort, um das ganze Jahr \u00fcber zu genie\u00dfen. Da <strong>das Wetter auf Mallorca<\/strong> fast immer perfekt ist, um sowohl die Berge als auch die K\u00fcste zu genie\u00dfen, k\u00f6nnen Sie beides genie\u00dfen, wenn Sie <strong>in dieser sch\u00f6nen Stadt auf Mallorca<\/strong> bleiben.&nbsp;<\/p>\n\n\n\n<p>Dar\u00fcber hinaus finden Sie in <strong>Puerto Pollensa Ferienh\u00e4user<\/strong> mit allen Eigenschaften, die Sie sich w\u00fcnschen. Sowohl f\u00fcr gro\u00dfe Personengruppen als auch f\u00fcr kleine Gruppen. Direkt am Meer, aber auch mitten in der Natur. Mit Schwimmbad, mit Garten, mit Grillplatz&#8230; All dies und noch viel mehr k\u00f6nnen Sie in den <strong>sch\u00f6nen Villen von Puerto Pollensa<\/strong> genie\u00dfen.&nbsp;<\/p>\n\n\n\n<h2 class=\"wp-block-heading\"><strong>Nord Villas Pollensa<\/strong><\/h2>\n\n\n\n<p>Wenn Sie auf der Suche nach einer Villa sind, die Sie f\u00fcr Ihren <strong>Urlaub auf Mallorca mieten<\/strong> k\u00f6nnen, sind Sie hier genau richtig. Wir sind <strong>Nord Villas Pollensa<\/strong>, ein Unternehmen, das sich auf <strong>Ferienvermietung auf Mallorca<\/strong> spezialisiert hat. Insbesondere konzentrieren wir uns auf <strong><a href=\"https:\/\/www.nordvillaspollensa.com\/de\/\">Ferienhaus in Pollensa<\/a><\/strong>, <a href=\"https:\/\/blog.nordvillaspollensa.com\/de\/villas-in-alcudia\/\"><strong>Villas in Alcudia<\/strong> <\/a>und <strong><a href=\"https:\/\/blog.nordvillaspollensa.com\/de\/ferienhauser-in-puerto-pollensa\/\">Ferienh\u00e4user in Puerto Pollensa<\/a><\/strong>.\u00a0<\/p>\n\n\n\n<p><strong><a href=\"https:\/\/blog.nordvillaspollensa.com\/de\/ferienhauser-mieten-auf-mallorca\/\">Ferienh\u00e4user Mieten auf Mallorca<\/a><\/strong> werden immer h\u00e4ufiger gebucht. Wenn man die traditionelle <strong>Hotelunterkunft auf Mallorca<\/strong> hinter sich l\u00e4sst, ist die Option der Villen zweifellos eine neue Art, <strong>Mallorca kennen<\/strong> zu lernen.\u00a0<\/p>\n\n\n\n<p>Wenn Sie also auf der Suche nach <strong><a href=\"https:\/\/blog.nordvillaspollensa.com\/de\/villen-zur-miete-in-pollensa\/\">Villen zur Miete in Pollensa<\/a><\/strong> oder <strong>Ferienvillen in Puerto Pollensa<\/strong> sind, werden wir von <strong>Nord Villas Pollensa<\/strong> Ihnen in allem helfen. Wenn Sie auf der Suche nach bestimmten Dingen oder Orten sind, beraten wir Sie gerne. Zum Beispiel bei der Suche nach<a href=\"https:\/\/blog.nordvillaspollensa.com\/de\/villen-auf-mallorca-mit-privatem-pool\/\"> <strong>Villen auf Mallorca mit privatem Pool<\/strong><\/a>, was eine der Anforderungen ist, die Besucher auf <strong>Mallorca<\/strong> am meisten suchen.\u00a0<\/p>\n\n\n\n<p>Wenn Sie sich f\u00fcr die <strong><a href=\"https:\/\/blog.nordvillaspollensa.com\/de\/villen-in-pollensa-auf-mallorca\/\">Villen in Pollensa auf Mallorca<\/a><\/strong> oder eine der angrenzenden Gegenden wie <strong>Puerto Pollensa<\/strong> oder Alcudia entscheiden, wohnen Sie zweifellos an einem der <strong>au\u00dfergew\u00f6hnlichsten Orte Mallorcas<\/strong>.\u00a0<\/p>\n\n\n\n<p>Wenn Sie mehr wissen wollen, kontaktieren Sie uns! Bei <strong>Nord Villas Pollensa<\/strong> helfen wir Ihnen gerne mit allem, was Sie brauchen.<\/p>\n","protected":false},"excerpt":{"rendered":"<p>Mallorca k\u00f6nnte als das ewige Paradies bezeichnet werden. Dank der vielen sch\u00f6nen Orte auf der Insel k\u00f6nnen Sie jeden Tag&#8230;<\/p>\n","protected":false},"author":2,"featured_media":663,"comment_status":"open","ping_status":"closed","sticky":false,"template":"","format":"standard","meta":{"footnotes":""},"categories":[2],"tags":[],"class_list":["post-672","post","type-post","status-publish","format-standard","has-post-thumbnail","hentry","category-unkategorisiert"],"yoast_head":"<!-- This site is optimized with the Yoast SEO plugin v27.4 - https:\/\/yoast.com\/product\/yoast-seo-wordpress\/ -->\n<title>Ferienh\u00e4user Puerto Pollensa | Blog | Nord Villas Pollensa<\/title>\n<meta name=\"description\" content=\"Wenn Sie Mallorca noch nicht besucht haben, z\u00f6gern Sie nicht l\u00e4nger und organisieren Sie Ihre Reise nach Mallorca!\" \/>\n<meta name=\"robots\" content=\"index, follow, max-snippet:-1, max-image-preview:large, max-video-preview:-1\" \/>\n<link rel=\"canonical\" href=\"https:\/\/blog.nordvillaspollensa.com\/de\/ferienhauser-puerto-pollensa\/\" \/>\n<meta property=\"og:locale\" content=\"de_DE\" \/>\n<meta property=\"og:type\" content=\"article\" \/>\n<meta property=\"og:title\" content=\"Ferienh\u00e4user Puerto Pollensa | Blog | Nord Villas Pollensa\" \/>\n<meta property=\"og:description\" content=\"Wenn Sie Mallorca noch nicht besucht haben, z\u00f6gern Sie nicht l\u00e4nger und organisieren Sie Ihre Reise nach Mallorca!\" \/>\n<meta property=\"og:url\" content=\"https:\/\/blog.nordvillaspollensa.com\/de\/ferienhauser-puerto-pollensa\/\" \/>\n<meta property=\"og:site_name\" content=\"Blog\" \/>\n<meta property=\"article:published_time\" content=\"2021-12-14T11:12:17+00:00\" \/>\n<meta property=\"article:modified_time\" content=\"2021-12-14T11:12:18+00:00\" \/>\n<meta property=\"og:image\" content=\"https:\/\/blog.nordvillaspollensa.com\/wp-content\/uploads\/2021\/12\/Captura-de-pantalla-2021-12-14-113421.jpg\" \/>\n\t<meta property=\"og:image:width\" content=\"900\" \/>\n\t<meta property=\"og:image:height\" content=\"623\" \/>\n\t<meta property=\"og:image:type\" content=\"image\/jpeg\" \/>\n<meta name=\"author\" content=\"nordvillaspollensa\" \/>\n<meta name=\"twitter:card\" content=\"summary_large_image\" \/>\n<meta name=\"twitter:label1\" content=\"Verfasst von\" \/>\n\t<meta name=\"twitter:data1\" content=\"nordvillaspollensa\" \/>\n\t<meta name=\"twitter:label2\" content=\"Gesch\u00e4tzte Lesezeit\" \/>\n\t<meta name=\"twitter:data2\" content=\"5\u00a0Minuten\" \/>\n<script type=\"application\/ld+json\" class=\"yoast-schema-graph\">{\"@context\":\"https:\\\/\\\/schema.org\",\"@graph\":[{\"@type\":\"Article\",\"@id\":\"https:\\\/\\\/blog.nordvillaspollensa.com\\\/de\\\/ferienhauser-puerto-pollensa\\\/#article\",\"isPartOf\":{\"@id\":\"https:\\\/\\\/blog.nordvillaspollensa.com\\\/de\\\/ferienhauser-puerto-pollensa\\\/\"},\"author\":{\"name\":\"nordvillaspollensa\",\"@id\":\"https:\\\/\\\/blog.nordvillaspollensa.com\\\/#\\\/schema\\\/person\\\/bc98f3f935de2b7ef2d8b3e674c7861d\"},\"headline\":\"Ferienh\u00e4user Puerto Pollensa\",\"datePublished\":\"2021-12-14T11:12:17+00:00\",\"dateModified\":\"2021-12-14T11:12:18+00:00\",\"mainEntityOfPage\":{\"@id\":\"https:\\\/\\\/blog.nordvillaspollensa.com\\\/de\\\/ferienhauser-puerto-pollensa\\\/\"},\"wordCount\":1199,\"commentCount\":0,\"image\":{\"@id\":\"https:\\\/\\\/blog.nordvillaspollensa.com\\\/de\\\/ferienhauser-puerto-pollensa\\\/#primaryimage\"},\"thumbnailUrl\":\"https:\\\/\\\/blog.nordvillaspollensa.com\\\/wp-content\\\/uploads\\\/2021\\\/12\\\/Captura-de-pantalla-2021-12-14-113421.jpg\",\"articleSection\":[\"Unkategorisiert\"],\"inLanguage\":\"de\",\"potentialAction\":[{\"@type\":\"CommentAction\",\"name\":\"Comment\",\"target\":[\"https:\\\/\\\/blog.nordvillaspollensa.com\\\/de\\\/ferienhauser-puerto-pollensa\\\/#respond\"]}]},{\"@type\":\"WebPage\",\"@id\":\"https:\\\/\\\/blog.nordvillaspollensa.com\\\/de\\\/ferienhauser-puerto-pollensa\\\/\",\"url\":\"https:\\\/\\\/blog.nordvillaspollensa.com\\\/de\\\/ferienhauser-puerto-pollensa\\\/\",\"name\":\"Ferienh\u00e4user Puerto Pollensa | Blog | Nord Villas Pollensa\",\"isPartOf\":{\"@id\":\"https:\\\/\\\/blog.nordvillaspollensa.com\\\/#website\"},\"primaryImageOfPage\":{\"@id\":\"https:\\\/\\\/blog.nordvillaspollensa.com\\\/de\\\/ferienhauser-puerto-pollensa\\\/#primaryimage\"},\"image\":{\"@id\":\"https:\\\/\\\/blog.nordvillaspollensa.com\\\/de\\\/ferienhauser-puerto-pollensa\\\/#primaryimage\"},\"thumbnailUrl\":\"https:\\\/\\\/blog.nordvillaspollensa.com\\\/wp-content\\\/uploads\\\/2021\\\/12\\\/Captura-de-pantalla-2021-12-14-113421.jpg\",\"datePublished\":\"2021-12-14T11:12:17+00:00\",\"dateModified\":\"2021-12-14T11:12:18+00:00\",\"author\":{\"@id\":\"https:\\\/\\\/blog.nordvillaspollensa.com\\\/#\\\/schema\\\/person\\\/bc98f3f935de2b7ef2d8b3e674c7861d\"},\"description\":\"Wenn Sie Mallorca noch nicht besucht haben, z\u00f6gern Sie nicht l\u00e4nger und organisieren Sie Ihre Reise nach Mallorca!\",\"breadcrumb\":{\"@id\":\"https:\\\/\\\/blog.nordvillaspollensa.com\\\/de\\\/ferienhauser-puerto-pollensa\\\/#breadcrumb\"},\"inLanguage\":\"de\",\"potentialAction\":[{\"@type\":\"ReadAction\",\"target\":[\"https:\\\/\\\/blog.nordvillaspollensa.com\\\/de\\\/ferienhauser-puerto-pollensa\\\/\"]}]},{\"@type\":\"ImageObject\",\"inLanguage\":\"de\",\"@id\":\"https:\\\/\\\/blog.nordvillaspollensa.com\\\/de\\\/ferienhauser-puerto-pollensa\\\/#primaryimage\",\"url\":\"https:\\\/\\\/blog.nordvillaspollensa.com\\\/wp-content\\\/uploads\\\/2021\\\/12\\\/Captura-de-pantalla-2021-12-14-113421.jpg\",\"contentUrl\":\"https:\\\/\\\/blog.nordvillaspollensa.com\\\/wp-content\\\/uploads\\\/2021\\\/12\\\/Captura-de-pantalla-2021-12-14-113421.jpg\",\"width\":900,\"height\":623},{\"@type\":\"BreadcrumbList\",\"@id\":\"https:\\\/\\\/blog.nordvillaspollensa.com\\\/de\\\/ferienhauser-puerto-pollensa\\\/#breadcrumb\",\"itemListElement\":[{\"@type\":\"ListItem\",\"position\":1,\"name\":\"Home\",\"item\":\"https:\\\/\\\/blog.nordvillaspollensa.com\\\/\"},{\"@type\":\"ListItem\",\"position\":2,\"name\":\"Ferienh\u00e4user Puerto Pollensa\"}]},{\"@type\":\"WebSite\",\"@id\":\"https:\\\/\\\/blog.nordvillaspollensa.com\\\/#website\",\"url\":\"https:\\\/\\\/blog.nordvillaspollensa.com\\\/\",\"name\":\"Blog\",\"description\":\"\",\"potentialAction\":[{\"@type\":\"SearchAction\",\"target\":{\"@type\":\"EntryPoint\",\"urlTemplate\":\"https:\\\/\\\/blog.nordvillaspollensa.com\\\/?s={search_term_string}\"},\"query-input\":{\"@type\":\"PropertyValueSpecification\",\"valueRequired\":true,\"valueName\":\"search_term_string\"}}],\"inLanguage\":\"de\"},{\"@type\":\"Person\",\"@id\":\"https:\\\/\\\/blog.nordvillaspollensa.com\\\/#\\\/schema\\\/person\\\/bc98f3f935de2b7ef2d8b3e674c7861d\",\"name\":\"nordvillaspollensa\",\"image\":{\"@type\":\"ImageObject\",\"inLanguage\":\"de\",\"@id\":\"https:\\\/\\\/secure.gravatar.com\\\/avatar\\\/99197ff27043ec5d46dbc6d45891ee2769f2141cd226b537f17594ef60f82c55?s=96&d=mm&r=g\",\"url\":\"https:\\\/\\\/secure.gravatar.com\\\/avatar\\\/99197ff27043ec5d46dbc6d45891ee2769f2141cd226b537f17594ef60f82c55?s=96&d=mm&r=g\",\"contentUrl\":\"https:\\\/\\\/secure.gravatar.com\\\/avatar\\\/99197ff27043ec5d46dbc6d45891ee2769f2141cd226b537f17594ef60f82c55?s=96&d=mm&r=g\",\"caption\":\"nordvillaspollensa\"},\"url\":\"https:\\\/\\\/blog.nordvillaspollensa.com\\\/de\\\/author\\\/nordvillaspollensa\\\/\"}]}<\/script>\n<!-- \/ Yoast SEO plugin. -->","yoast_head_json":{"title":"Ferienh\u00e4user Puerto Pollensa | Blog | Nord Villas Pollensa","description":"Wenn Sie Mallorca noch nicht besucht haben, z\u00f6gern Sie nicht l\u00e4nger und organisieren Sie Ihre Reise nach Mallorca!","robots":{"index":"index","follow":"follow","max-snippet":"max-snippet:-1","max-image-preview":"max-image-preview:large","max-video-preview":"max-video-preview:-1"},"canonical":"https:\/\/blog.nordvillaspollensa.com\/de\/ferienhauser-puerto-pollensa\/","og_locale":"de_DE","og_type":"article","og_title":"Ferienh\u00e4user Puerto Pollensa | Blog | Nord Villas Pollensa","og_description":"Wenn Sie Mallorca noch nicht besucht haben, z\u00f6gern Sie nicht l\u00e4nger und organisieren Sie Ihre Reise nach Mallorca!","og_url":"https:\/\/blog.nordvillaspollensa.com\/de\/ferienhauser-puerto-pollensa\/","og_site_name":"Blog","article_published_time":"2021-12-14T11:12:17+00:00","article_modified_time":"2021-12-14T11:12:18+00:00","og_image":[{"width":900,"height":623,"url":"https:\/\/blog.nordvillaspollensa.com\/wp-content\/uploads\/2021\/12\/Captura-de-pantalla-2021-12-14-113421.jpg","type":"image\/jpeg"}],"author":"nordvillaspollensa","twitter_card":"summary_large_image","twitter_misc":{"Verfasst von":"nordvillaspollensa","Gesch\u00e4tzte Lesezeit":"5\u00a0Minuten"},"schema":{"@context":"https:\/\/schema.org","@graph":[{"@type":"Article","@id":"https:\/\/blog.nordvillaspollensa.com\/de\/ferienhauser-puerto-pollensa\/#article","isPartOf":{"@id":"https:\/\/blog.nordvillaspollensa.com\/de\/ferienhauser-puerto-pollensa\/"},"author":{"name":"nordvillaspollensa","@id":"https:\/\/blog.nordvillaspollensa.com\/#\/schema\/person\/bc98f3f935de2b7ef2d8b3e674c7861d"},"headline":"Ferienh\u00e4user Puerto Pollensa","datePublished":"2021-12-14T11:12:17+00:00","dateModified":"2021-12-14T11:12:18+00:00","mainEntityOfPage":{"@id":"https:\/\/blog.nordvillaspollensa.com\/de\/ferienhauser-puerto-pollensa\/"},"wordCount":1199,"commentCount":0,"image":{"@id":"https:\/\/blog.nordvillaspollensa.com\/de\/ferienhauser-puerto-pollensa\/#primaryimage"},"thumbnailUrl":"https:\/\/blog.nordvillaspollensa.com\/wp-content\/uploads\/2021\/12\/Captura-de-pantalla-2021-12-14-113421.jpg","articleSection":["Unkategorisiert"],"inLanguage":"de","potentialAction":[{"@type":"CommentAction","name":"Comment","target":["https:\/\/blog.nordvillaspollensa.com\/de\/ferienhauser-puerto-pollensa\/#respond"]}]},{"@type":"WebPage","@id":"https:\/\/blog.nordvillaspollensa.com\/de\/ferienhauser-puerto-pollensa\/","url":"https:\/\/blog.nordvillaspollensa.com\/de\/ferienhauser-puerto-pollensa\/","name":"Ferienh\u00e4user Puerto Pollensa | Blog | Nord Villas Pollensa","isPartOf":{"@id":"https:\/\/blog.nordvillaspollensa.com\/#website"},"primaryImageOfPage":{"@id":"https:\/\/blog.nordvillaspollensa.com\/de\/ferienhauser-puerto-pollensa\/#primaryimage"},"image":{"@id":"https:\/\/blog.nordvillaspollensa.com\/de\/ferienhauser-puerto-pollensa\/#primaryimage"},"thumbnailUrl":"https:\/\/blog.nordvillaspollensa.com\/wp-content\/uploads\/2021\/12\/Captura-de-pantalla-2021-12-14-113421.jpg","datePublished":"2021-12-14T11:12:17+00:00","dateModified":"2021-12-14T11:12:18+00:00","author":{"@id":"https:\/\/blog.nordvillaspollensa.com\/#\/schema\/person\/bc98f3f935de2b7ef2d8b3e674c7861d"},"description":"Wenn Sie Mallorca noch nicht besucht haben, z\u00f6gern Sie nicht l\u00e4nger und organisieren Sie Ihre Reise nach Mallorca!","breadcrumb":{"@id":"https:\/\/blog.nordvillaspollensa.com\/de\/ferienhauser-puerto-pollensa\/#breadcrumb"},"inLanguage":"de","potentialAction":[{"@type":"ReadAction","target":["https:\/\/blog.nordvillaspollensa.com\/de\/ferienhauser-puerto-pollensa\/"]}]},{"@type":"ImageObject","inLanguage":"de","@id":"https:\/\/blog.nordvillaspollensa.com\/de\/ferienhauser-puerto-pollensa\/#primaryimage","url":"https:\/\/blog.nordvillaspollensa.com\/wp-content\/uploads\/2021\/12\/Captura-de-pantalla-2021-12-14-113421.jpg","contentUrl":"https:\/\/blog.nordvillaspollensa.com\/wp-content\/uploads\/2021\/12\/Captura-de-pantalla-2021-12-14-113421.jpg","width":900,"height":623},{"@type":"BreadcrumbList","@id":"https:\/\/blog.nordvillaspollensa.com\/de\/ferienhauser-puerto-pollensa\/#breadcrumb","itemListElement":[{"@type":"ListItem","position":1,"name":"Home","item":"https:\/\/blog.nordvillaspollensa.com\/"},{"@type":"ListItem","position":2,"name":"Ferienh\u00e4user Puerto Pollensa"}]},{"@type":"WebSite","@id":"https:\/\/blog.nordvillaspollensa.com\/#website","url":"https:\/\/blog.nordvillaspollensa.com\/","name":"Blog","description":"","potentialAction":[{"@type":"SearchAction","target":{"@type":"EntryPoint","urlTemplate":"https:\/\/blog.nordvillaspollensa.com\/?s={search_term_string}"},"query-input":{"@type":"PropertyValueSpecification","valueRequired":true,"valueName":"search_term_string"}}],"inLanguage":"de"},{"@type":"Person","@id":"https:\/\/blog.nordvillaspollensa.com\/#\/schema\/person\/bc98f3f935de2b7ef2d8b3e674c7861d","name":"nordvillaspollensa","image":{"@type":"ImageObject","inLanguage":"de","@id":"https:\/\/secure.gravatar.com\/avatar\/99197ff27043ec5d46dbc6d45891ee2769f2141cd226b537f17594ef60f82c55?s=96&d=mm&r=g","url":"https:\/\/secure.gravatar.com\/avatar\/99197ff27043ec5d46dbc6d45891ee2769f2141cd226b537f17594ef60f82c55?s=96&d=mm&r=g","contentUrl":"https:\/\/secure.gravatar.com\/avatar\/99197ff27043ec5d46dbc6d45891ee2769f2141cd226b537f17594ef60f82c55?s=96&d=mm&r=g","caption":"nordvillaspollensa"},"url":"https:\/\/blog.nordvillaspollensa.com\/de\/author\/nordvillaspollensa\/"}]}},"_links":{"self":[{"href":"https:\/\/blog.nordvillaspollensa.com\/de\/wp-json\/wp\/v2\/posts\/672","targetHints":{"allow":["GET"]}}],"collection":[{"href":"https:\/\/blog.nordvillaspollensa.com\/de\/wp-json\/wp\/v2\/posts"}],"about":[{"href":"https:\/\/blog.nordvillaspollensa.com\/de\/wp-json\/wp\/v2\/types\/post"}],"author":[{"embeddable":true,"href":"https:\/\/blog.nordvillaspollensa.com\/de\/wp-json\/wp\/v2\/users\/2"}],"replies":[{"embeddable":true,"href":"https:\/\/blog.nordvillaspollensa.com\/de\/wp-json\/wp\/v2\/comments?post=672"}],"version-history":[{"count":1,"href":"https:\/\/blog.nordvillaspollensa.com\/de\/wp-json\/wp\/v2\/posts\/672\/revisions"}],"predecessor-version":[{"id":673,"href":"https:\/\/blog.nordvillaspollensa.com\/de\/wp-json\/wp\/v2\/posts\/672\/revisions\/673"}],"wp:featuredmedia":[{"embeddable":true,"href":"https:\/\/blog.nordvillaspollensa.com\/de\/wp-json\/wp\/v2\/media\/663"}],"wp:attachment":[{"href":"https:\/\/blog.nordvillaspollensa.com\/de\/wp-json\/wp\/v2\/media?parent=672"}],"wp:term":[{"taxonomy":"category","embeddable":true,"href":"https:\/\/blog.nordvillaspollensa.com\/de\/wp-json\/wp\/v2\/categories?post=672"},{"taxonomy":"post_tag","embeddable":true,"href":"https:\/\/blog.nordvillaspollensa.com\/de\/wp-json\/wp\/v2\/tags?post=672"}],"curies":[{"name":"wp","href":"https:\/\/api.w.org\/{rel}","templated":true}]}}