{"id":717,"date":"2021-12-16T14:08:20","date_gmt":"2021-12-16T14:08:20","guid":{"rendered":"https:\/\/blog.nordvillaspollensa.com\/?p=717"},"modified":"2021-12-16T14:08:21","modified_gmt":"2021-12-16T14:08:21","slug":"villen-in-der-naehe-von-pollensa-mallorca","status":"publish","type":"post","link":"https:\/\/blog.nordvillaspollensa.com\/de\/villen-in-der-naehe-von-pollensa-mallorca\/","title":{"rendered":"Villen in der N\u00e4he von Pollensa Mallorca"},"content":{"rendered":"\n<p>Auf <strong>Mallorca<\/strong> finden Sie alle Arten von Villen, aber keine wie die <strong>Villen in der N\u00e4he von Pollensa auf Mallorca<\/strong>. Diese Villen erm\u00f6glichen es Ihnen, beide Seiten <strong>Mallorcas<\/strong> kennenzulernen, sowohl die Meeresseite als auch die wundersch\u00f6nen <strong>Berge der Serra de Tramuntana<\/strong>.&nbsp;<\/p>\n\n\n\n<p>Wenn Sie sich f\u00fcr Villen und nicht f\u00fcr die \u00fcblichen <strong>Hotels auf Mallorca<\/strong> entscheiden, k\u00f6nnen Sie <strong>Mallorca<\/strong> in vollen <strong>Z\u00fcgen genie\u00dfen<\/strong> und haben die Privatsph\u00e4re, die Ihnen diese Orte bieten. Die Ruhe und der Frieden, den Sie in Ihrer Villa genie\u00dfen k\u00f6nnen, ohne dass es Probleme gibt. Au\u00dferdem ist es auch eine M\u00f6glichkeit, mit Ihren Mitreisenden zusammenzuleben.&nbsp;<\/p>\n\n\n\n<p><strong>Die Villen in der N\u00e4he von Pollensa Mallorca<\/strong>, oder in <strong>Pollensa<\/strong>, sind die perfekte M\u00f6glichkeit, um die Geschichte dieser Gegend der Insel und die sch\u00f6nen Orte dieser <strong>mallorquinischen Stadt<\/strong> kennen zu lernen.&nbsp;<\/p>\n\n\n\n<p>Aus diesem Grund m\u00f6chten wir Ihnen heute alles \u00fcber <strong>Pollensa<\/strong>, seine Str\u00e4nde, seinen Hafen und <strong>die Villen im Norden Mallorcas<\/strong> erz\u00e4hlen. Aber wir m\u00f6chten auch, dass Sie wissen, wo Sie <strong>die besten Villen auf Mallorca<\/strong> und <strong>Villen in der N\u00e4he von Pollensa Mallorca<\/strong> finden und mieten k\u00f6nnen. Deshalb empfehlen wir Ihnen unser auf den <strong>Immobiliensektor spezialisiertes Unternehmen auf Mallorca<\/strong>.<\/p>\n\n\n\n<h2 class=\"wp-block-heading\"><strong>Pollensa<\/strong><\/h2>\n\n\n\n<p><strong>Pollensa<\/strong> ist ein sch\u00f6nes <strong>Dorf im Norden Mallorcas<\/strong>, das an <strong>Escorca<\/strong>, <strong>Campanet<\/strong> und <strong>Alcudia<\/strong> grenzt. Es ist ein Gebiet, das sowohl Berg- als auch K\u00fcstengebiete vereint, und das macht <strong>Pollensa<\/strong> so besonders. Neben vielen anderen Dingen&#8230;&nbsp;<\/p>\n\n\n\n<p>Wenn Sie die <strong>emblematischsten Orte in Pollensa<\/strong> besuchen m\u00f6chten, sagen wir Ihnen, welche es sind! <strong>Die 365 Stufen des Calvario de Pollensa<\/strong> sind eine sichere Sache, wenn Sie einen <strong>Panoramablick auf Pollensa<\/strong> genie\u00dfen m\u00f6chten. Aber auch ein Spaziergang durch die Stra\u00dfen und zum Hauptplatz wird Ihnen gefallen.&nbsp;<\/p>\n\n\n\n<p><strong>Eine andere M\u00f6glichkeit, Pollensa zu erkunden<\/strong>, ist ein Ausflug in die Berge. Durch die N\u00e4he zur <strong>Serra de Tramuntana<\/strong> k\u00f6nnen Sie von <strong>Pollensa aus Ausfl\u00fcge nach Lluc<\/strong> oder in andere nahe gelegene Gebiete unternehmen. Au\u00dferdem gibt es Ausfl\u00fcge, die f\u00fcr alle Altersgruppen und k\u00f6rperlichen Voraussetzungen geeignet sind.<\/p>\n\n\n\n<p>Aus all diesen Gr\u00fcnden ist die <strong>Anmietung einer <a href=\"https:\/\/www.nordvillaspollensa.com\/de\/\">Ferienhaus in Pollensa<\/a><\/strong> die perfekte Option, um sich in der Natur zu entspannen, aber immer umgeben von einer einzigartigen Atmosph\u00e4re. <strong>Die Bars und Restaurants von Pollensa<\/strong> erm\u00f6glichen es Ihnen, nach einem ruhigen Tag in Ihrer <strong>Villa in der N\u00e4he von Pollensa Mallorca<\/strong> zu genie\u00dfen.\u00a0<\/p>\n\n\n\n<h2 class=\"wp-block-heading\"><strong>Str\u00e4nde von Pollensa<\/strong><\/h2>\n\n\n\n<p>Eine der <strong>Hauptattraktionen von Pollensa<\/strong> sind seine sch\u00f6nen Str\u00e4nde. Unter den <strong>Str\u00e4nden von Pollensa<\/strong> finden Sie sch\u00f6ne Sandstr\u00e4nde, aber auch versteckte und unber\u00fchrte Felsbuchten. Je nachdem, worauf Sie Lust haben, k\u00f6nnen Sie zwischen den verschiedenen <strong>Str\u00e4nden von Pollensa<\/strong> w\u00e4hlen.&nbsp;<\/p>\n\n\n\n<p>Eine der <strong>sch\u00f6nsten Buchten in Pollensa<\/strong> ist <strong>Cala B\u00f3quer<\/strong>. Ihren Namen verdankt sie den vielen Ziegen, die an diesem herrlichen Strand spazieren gehen. Das zeigt auch, wie unber\u00fchrt diese <strong>Bucht auf Mallorca<\/strong> ist. Es ist ein idealer Ort, um den Tag zu verbringen, zu schnorcheln und den Meeresboden zu erkunden.&nbsp;<\/p>\n\n\n\n<p><strong>Der Strand von Albercuix<\/strong> ist einer der Str\u00e4nde, die man nicht mehr verlassen m\u00f6chte. Der goldene Sand und das kristallklare Wasser lassen Sie entspannen und die Zeit vergessen. Die Str\u00e4nde sind mit Sonnenschirmen und Liegest\u00fchlen ausgestattet, um Ihren Aufenthalt so angenehm wie m\u00f6glich zu gestalten.&nbsp;<\/p>\n\n\n\n<p>Schlie\u00dflich empfehlen wir <strong>Cala Murta<\/strong>. Es handelt sich um eine <strong>wundersch\u00f6ne Bucht auf Mallorca<\/strong>, die von Steilk\u00fcsten und Pinienw\u00e4ldern umgeben ist. Um dorthin zu gelangen, m\u00fcssen Sie allerdings eine kleine Wanderung unternehmen. Aber wenn Sie dort ankommen und ein Bad im Meer nehmen, wird sich die Wanderung lohnen.&nbsp;<\/p>\n\n\n\n<h2 class=\"wp-block-heading\"><strong>Puerto Pollensa&nbsp;<\/strong><\/h2>\n\n\n\n<p><strong>Der K\u00fcstenbereich der Stadt Pollensa<\/strong> ist <strong>Puerto Pollensa<\/strong>. Es ist ein Hafen voller Atmosph\u00e4re und voller Bars und Restaurants, wo Sie alle Arten von Gastronomie genie\u00dfen k\u00f6nnen.&nbsp;<\/p>\n\n\n\n<p>Dies ist einer der Gr\u00fcnde f\u00fcr die Wahl von<strong> <a href=\"https:\/\/blog.nordvillaspollensa.com\/de\/ferienhauser-in-puerto-pollensa\/\">Ferienh\u00e4user in Puerto Pollensa<\/a><\/strong> als Ort zum Entspannen auf Mallorca. Da es sich um ein K\u00fcstengebiet handelt, entscheiden sich viele Besucher f\u00fcr diese Gegend, um eine der verschiedenen <a href=\"https:\/\/blog.nordvillaspollensa.com\/de\/villen-in-puerto-pollensa\/\"><strong>Villen in Puerto Pollensa<\/strong> <\/a>zu mieten.\u00a0<\/p>\n\n\n\n<p><strong>Die <a href=\"https:\/\/blog.nordvillaspollensa.com\/de\/villen-puerto-pollensa\/\">Villen Puerto Pollensa<\/a><\/strong> sind vor allem komfortabel. Ihre Lage erm\u00f6glicht es Ihnen, die meisten Orte zu Fu\u00df zu erreichen, aber sie haben auch alle Arten von Einrichtungen, wie die <a href=\"https:\/\/blog.nordvillaspollensa.com\/de\/villen-auf-mallorca-mit-pool\/\"><strong>Villen auf Mallorca mit Pool<\/strong>.<\/a>\u00a0<\/p>\n\n\n\n<p>Die <strong><a href=\"https:\/\/blog.nordvillaspollensa.com\/de\/villen-zu-vermieten-in-puerto-pollensa\/\">Villen zu vermieten in Puerto Pollensa<\/a><\/strong> erm\u00f6glichen es Ihnen, diesen Teil der Insel kennen zu lernen und <strong>die K\u00fcste Mallorcas zu genie\u00dfen<\/strong>. Dies ist der Grund, warum es so viele <strong><a href=\"https:\/\/blog.nordvillaspollensa.com\/de\/ferienhauser-puerto-pollensa\/\">Ferienh\u00e4user Puerto Pollensa<\/a><\/strong> sind.<\/p>\n\n\n\n<h2 class=\"wp-block-heading\"><strong>Villas in Pollensa<\/strong><\/h2>\n\n\n\n<p><strong>Villen in Pollensa<\/strong> sind auch eine fantastische Option f\u00fcr die <strong>Anmietung auf Mallorca<\/strong>. Dar\u00fcber hinaus hat unser Unternehmen <strong><a href=\"https:\/\/blog.nordvillaspollensa.com\/de\/die-besten-villen-in-pollensa\/\">die besten Villen in Pollensa<\/a><\/strong>. Diese sind Villen mit Swimmingpools, in der N\u00e4he von Wanderwegen, in der N\u00e4he des Strandes&#8230; Sie haben wirklich alles!<\/p>\n\n\n\n<p>Es gibt viele <strong><a href=\"https:\/\/blog.nordvillaspollensa.com\/de\/villen-zur-miete-in-pollensa\/\">Villen zur Miete in Pollensa<\/a><\/strong>. Einige der besten befinden sich in den Au\u00dfenbezirken, aber es gibt auch einige traumhafte Villen im Zentrum der Stadt. Beide sind ideal, um sich zu entspannen und die Seele baumeln zu lassen.\u00a0<\/p>\n\n\n\n<p><strong>Die <a href=\"https:\/\/blog.nordvillaspollensa.com\/de\/villen-in-pollensa-auf-mallorca\/\">Villen in Pollensa auf Mallorca<\/a><\/strong> sind die perfekte Option, um den <strong>Norden Mallorcas<\/strong> und alles, was diesen Ort umgibt, kennen zu lernen. Wenn Sie nicht wissen, wo Sie eine Finca mieten k\u00f6nnen, sind die <strong><a href=\"https:\/\/blog.nordvillaspollensa.com\/de\/villen-in-pollensa-mallorca\/\">Villen in Pollensa Mallorca<\/a><\/strong> zweifellos eine fantastische Option.<\/p>\n\n\n\n<h2 class=\"wp-block-heading\"><strong>Villen in der N\u00e4he von Pollensa<\/strong><\/h2>\n\n\n\n<p>Es besteht auch die M\u00f6glichkeit, <strong>eine<\/strong> <strong>Villa in der N\u00e4he von Pollensa zu mieten<\/strong>. Entweder am Rande dieses Dorfes von Mallorca, oder in anderen D\u00f6rfern wie <strong><a href=\"https:\/\/blog.nordvillaspollensa.com\/de\/villas-in-alcudia\/\">Villas in Alcudia<\/a><\/strong>. <strong>Alcudia<\/strong> ist eine hervorragende Option, wenn Sie sich f\u00fcr die <strong>Geschichte Mallorcas<\/strong> interessieren, denn es ist eine der <strong>historischsten St\u00e4dte Mallorcas<\/strong>.\u00a0<\/p>\n\n\n\n<p>In den Au\u00dfenbezirken dieser D\u00f6rfer finden Sie au\u00dferdem die <strong><a href=\"https:\/\/blog.nordvillaspollensa.com\/de\/luxus-ferienhauser-auf-mallorca\/\">Luxus-Ferienh\u00e4user auf Mallorca<\/a><\/strong>. Die Umgebung der <strong>D\u00f6rfer Mallorcas<\/strong> bietet den perfekten Raum, um diese H\u00e4user voller Einrichtungen zu finden.\u00a0<\/p>\n\n\n\n<p>Villen mit Swimmingpools, vielen Schlafzimmern, en-suite Badezimmern, Wohnzimmern&#8230; Und viele andere R\u00e4ume! All dies erm\u00f6glicht es Ihnen, Ihren <strong>Urlaub auf Mallorca<\/strong> so perfekt wie m\u00f6glich zu gestalten. Komfort ist eines der wichtigsten Dinge, die Sie in allen <strong>Villen auf Mallorca<\/strong> finden werden.<\/p>\n\n\n\n<h2 class=\"wp-block-heading\"><strong>Nord Villas Pollensa<\/strong><\/h2>\n\n\n\n<p>Wir von <strong>Nord Villas Pollensa<\/strong> m\u00f6chten, dass Sie <strong>die f\u00fcr Sie perfekte Finca auf Mallorca<\/strong> finden. Deshalb haben wir uns auf die <strong><a href=\"https:\/\/blog.nordvillaspollensa.com\/de\/ferienhauser-mieten-auf-mallorca\/\">Ferienh\u00e4user Mieten auf Mallorca<\/a><\/strong> spezialisiert. Obwohl sich die meisten von ihnen im <strong>Norden Mallorcas<\/strong> befinden, haben wir<a href=\"https:\/\/blog.nordvillaspollensa.com\/de\/ferienvillen-mallorca\/\"> <strong>Ferienvillen Mallorca<\/strong><\/a> auf der ganzen Insel.\u00a0<\/p>\n\n\n\n<p>Aus diesen Gr\u00fcnden, wenn Sie etwas so spezifisches wie <strong><a href=\"https:\/\/blog.nordvillaspollensa.com\/de\/villen-zur-miete-auf-mallorca-in-strandnahe\/\">Villen zur Miete auf Mallorca in Strandn\u00e4he<\/a><\/strong> oder <strong><a href=\"https:\/\/blog.nordvillaspollensa.com\/de\/villen-auf-mallorca-mit-privatem-pool\/\">Villen auf Mallorca mit privatem Pool<\/a><\/strong> suchen, werden wir das perfekte f\u00fcr Sie finden, immer unter Ber\u00fccksichtigung anderer Faktoren wie der Anzahl der Personen, die nach <strong>Mallorca reisen<\/strong>.<\/p>\n\n\n\n<p>Dar\u00fcber hinaus stellen wir sicher, dass einige <strong><a href=\"https:\/\/blog.nordvillaspollensa.com\/de\/die-besten-villen-auf-mallorca\/\">die besten Villen auf Mallorca<\/a><\/strong> haben. Deshalb haben wir sowohl <strong><a href=\"https:\/\/blog.nordvillaspollensa.com\/de\/villen-auf-mallorca-in-strandnahe\/\">Villen auf Mallorca in Strandn\u00e4he<\/a><\/strong> als auch <strong><a href=\"https:\/\/blog.nordvillaspollensa.com\/de\/villen-in-puerto-pollensa-mallorca\/\">Villen in Puerto Pollensa Mallorca<\/a><\/strong> und <strong>Villen in der Serra de Tramuntana<\/strong>.\u00a0<\/p>\n\n\n\n<p>Welche Villa Sie auch immer brauchen, bei <strong>Nord Villas Pollensa<\/strong> werden Sie sie finden!<\/p>\n","protected":false},"excerpt":{"rendered":"<p>Auf Mallorca finden Sie alle Arten von Villen, aber keine wie die Villen in der N\u00e4he von Pollensa auf Mallorca&#8230;.<\/p>\n","protected":false},"author":2,"featured_media":713,"comment_status":"open","ping_status":"closed","sticky":false,"template":"","format":"standard","meta":{"footnotes":""},"categories":[2],"tags":[],"class_list":["post-717","post","type-post","status-publish","format-standard","has-post-thumbnail","hentry","category-unkategorisiert"],"yoast_head":"<!-- This site is optimized with the Yoast SEO plugin v27.4 - https:\/\/yoast.com\/product\/yoast-seo-wordpress\/ -->\n<title>Villen in der N\u00e4he von Pollensa Mallorca | Blog | Nord Villas Pollensa<\/title>\n<meta name=\"description\" content=\"Diese Villen erm\u00f6glichen es Ihnen, sowohl die Meeresseite als auch die wundersch\u00f6nen Berge der Serra de Tramuntana.\" \/>\n<meta name=\"robots\" content=\"index, follow, max-snippet:-1, max-image-preview:large, max-video-preview:-1\" \/>\n<link rel=\"canonical\" href=\"https:\/\/blog.nordvillaspollensa.com\/de\/villen-in-der-naehe-von-pollensa-mallorca\/\" \/>\n<meta property=\"og:locale\" content=\"de_DE\" \/>\n<meta property=\"og:type\" content=\"article\" \/>\n<meta property=\"og:title\" content=\"Villen in der N\u00e4he von Pollensa Mallorca | Blog | Nord Villas Pollensa\" \/>\n<meta property=\"og:description\" content=\"Diese Villen erm\u00f6glichen es Ihnen, sowohl die Meeresseite als auch die wundersch\u00f6nen Berge der Serra de Tramuntana.\" \/>\n<meta property=\"og:url\" content=\"https:\/\/blog.nordvillaspollensa.com\/de\/villen-in-der-naehe-von-pollensa-mallorca\/\" \/>\n<meta property=\"og:site_name\" content=\"Blog\" \/>\n<meta property=\"article:published_time\" content=\"2021-12-16T14:08:20+00:00\" \/>\n<meta property=\"article:modified_time\" content=\"2021-12-16T14:08:21+00:00\" \/>\n<meta property=\"og:image\" content=\"https:\/\/blog.nordvillaspollensa.com\/wp-content\/uploads\/2021\/12\/Captura-de-pantalla-2021-12-16-a-las-14.40.28.png\" \/>\n\t<meta property=\"og:image:width\" content=\"902\" \/>\n\t<meta property=\"og:image:height\" content=\"631\" \/>\n\t<meta property=\"og:image:type\" content=\"image\/png\" \/>\n<meta name=\"author\" content=\"nordvillaspollensa\" \/>\n<meta name=\"twitter:card\" content=\"summary_large_image\" \/>\n<meta name=\"twitter:label1\" content=\"Verfasst von\" \/>\n\t<meta name=\"twitter:data1\" content=\"nordvillaspollensa\" \/>\n\t<meta name=\"twitter:label2\" content=\"Gesch\u00e4tzte Lesezeit\" \/>\n\t<meta name=\"twitter:data2\" content=\"5\u00a0Minuten\" \/>\n<script type=\"application\/ld+json\" class=\"yoast-schema-graph\">{\"@context\":\"https:\\\/\\\/schema.org\",\"@graph\":[{\"@type\":\"Article\",\"@id\":\"https:\\\/\\\/blog.nordvillaspollensa.com\\\/de\\\/villen-in-der-naehe-von-pollensa-mallorca\\\/#article\",\"isPartOf\":{\"@id\":\"https:\\\/\\\/blog.nordvillaspollensa.com\\\/de\\\/villen-in-der-naehe-von-pollensa-mallorca\\\/\"},\"author\":{\"name\":\"nordvillaspollensa\",\"@id\":\"https:\\\/\\\/blog.nordvillaspollensa.com\\\/#\\\/schema\\\/person\\\/bc98f3f935de2b7ef2d8b3e674c7861d\"},\"headline\":\"Villen in der N\u00e4he von Pollensa Mallorca\",\"datePublished\":\"2021-12-16T14:08:20+00:00\",\"dateModified\":\"2021-12-16T14:08:21+00:00\",\"mainEntityOfPage\":{\"@id\":\"https:\\\/\\\/blog.nordvillaspollensa.com\\\/de\\\/villen-in-der-naehe-von-pollensa-mallorca\\\/\"},\"wordCount\":1222,\"commentCount\":0,\"image\":{\"@id\":\"https:\\\/\\\/blog.nordvillaspollensa.com\\\/de\\\/villen-in-der-naehe-von-pollensa-mallorca\\\/#primaryimage\"},\"thumbnailUrl\":\"https:\\\/\\\/blog.nordvillaspollensa.com\\\/wp-content\\\/uploads\\\/2021\\\/12\\\/Captura-de-pantalla-2021-12-16-a-las-14.40.28.png\",\"articleSection\":[\"Unkategorisiert\"],\"inLanguage\":\"de\",\"potentialAction\":[{\"@type\":\"CommentAction\",\"name\":\"Comment\",\"target\":[\"https:\\\/\\\/blog.nordvillaspollensa.com\\\/de\\\/villen-in-der-naehe-von-pollensa-mallorca\\\/#respond\"]}]},{\"@type\":\"WebPage\",\"@id\":\"https:\\\/\\\/blog.nordvillaspollensa.com\\\/de\\\/villen-in-der-naehe-von-pollensa-mallorca\\\/\",\"url\":\"https:\\\/\\\/blog.nordvillaspollensa.com\\\/de\\\/villen-in-der-naehe-von-pollensa-mallorca\\\/\",\"name\":\"Villen in der N\u00e4he von Pollensa Mallorca | Blog | Nord Villas Pollensa\",\"isPartOf\":{\"@id\":\"https:\\\/\\\/blog.nordvillaspollensa.com\\\/#website\"},\"primaryImageOfPage\":{\"@id\":\"https:\\\/\\\/blog.nordvillaspollensa.com\\\/de\\\/villen-in-der-naehe-von-pollensa-mallorca\\\/#primaryimage\"},\"image\":{\"@id\":\"https:\\\/\\\/blog.nordvillaspollensa.com\\\/de\\\/villen-in-der-naehe-von-pollensa-mallorca\\\/#primaryimage\"},\"thumbnailUrl\":\"https:\\\/\\\/blog.nordvillaspollensa.com\\\/wp-content\\\/uploads\\\/2021\\\/12\\\/Captura-de-pantalla-2021-12-16-a-las-14.40.28.png\",\"datePublished\":\"2021-12-16T14:08:20+00:00\",\"dateModified\":\"2021-12-16T14:08:21+00:00\",\"author\":{\"@id\":\"https:\\\/\\\/blog.nordvillaspollensa.com\\\/#\\\/schema\\\/person\\\/bc98f3f935de2b7ef2d8b3e674c7861d\"},\"description\":\"Diese Villen erm\u00f6glichen es Ihnen, sowohl die Meeresseite als auch die wundersch\u00f6nen Berge der Serra de Tramuntana.\",\"breadcrumb\":{\"@id\":\"https:\\\/\\\/blog.nordvillaspollensa.com\\\/de\\\/villen-in-der-naehe-von-pollensa-mallorca\\\/#breadcrumb\"},\"inLanguage\":\"de\",\"potentialAction\":[{\"@type\":\"ReadAction\",\"target\":[\"https:\\\/\\\/blog.nordvillaspollensa.com\\\/de\\\/villen-in-der-naehe-von-pollensa-mallorca\\\/\"]}]},{\"@type\":\"ImageObject\",\"inLanguage\":\"de\",\"@id\":\"https:\\\/\\\/blog.nordvillaspollensa.com\\\/de\\\/villen-in-der-naehe-von-pollensa-mallorca\\\/#primaryimage\",\"url\":\"https:\\\/\\\/blog.nordvillaspollensa.com\\\/wp-content\\\/uploads\\\/2021\\\/12\\\/Captura-de-pantalla-2021-12-16-a-las-14.40.28.png\",\"contentUrl\":\"https:\\\/\\\/blog.nordvillaspollensa.com\\\/wp-content\\\/uploads\\\/2021\\\/12\\\/Captura-de-pantalla-2021-12-16-a-las-14.40.28.png\",\"width\":902,\"height\":631},{\"@type\":\"BreadcrumbList\",\"@id\":\"https:\\\/\\\/blog.nordvillaspollensa.com\\\/de\\\/villen-in-der-naehe-von-pollensa-mallorca\\\/#breadcrumb\",\"itemListElement\":[{\"@type\":\"ListItem\",\"position\":1,\"name\":\"Home\",\"item\":\"https:\\\/\\\/blog.nordvillaspollensa.com\\\/\"},{\"@type\":\"ListItem\",\"position\":2,\"name\":\"Villen in der N\u00e4he von Pollensa Mallorca\"}]},{\"@type\":\"WebSite\",\"@id\":\"https:\\\/\\\/blog.nordvillaspollensa.com\\\/#website\",\"url\":\"https:\\\/\\\/blog.nordvillaspollensa.com\\\/\",\"name\":\"Blog\",\"description\":\"\",\"potentialAction\":[{\"@type\":\"SearchAction\",\"target\":{\"@type\":\"EntryPoint\",\"urlTemplate\":\"https:\\\/\\\/blog.nordvillaspollensa.com\\\/?s={search_term_string}\"},\"query-input\":{\"@type\":\"PropertyValueSpecification\",\"valueRequired\":true,\"valueName\":\"search_term_string\"}}],\"inLanguage\":\"de\"},{\"@type\":\"Person\",\"@id\":\"https:\\\/\\\/blog.nordvillaspollensa.com\\\/#\\\/schema\\\/person\\\/bc98f3f935de2b7ef2d8b3e674c7861d\",\"name\":\"nordvillaspollensa\",\"image\":{\"@type\":\"ImageObject\",\"inLanguage\":\"de\",\"@id\":\"https:\\\/\\\/secure.gravatar.com\\\/avatar\\\/99197ff27043ec5d46dbc6d45891ee2769f2141cd226b537f17594ef60f82c55?s=96&d=mm&r=g\",\"url\":\"https:\\\/\\\/secure.gravatar.com\\\/avatar\\\/99197ff27043ec5d46dbc6d45891ee2769f2141cd226b537f17594ef60f82c55?s=96&d=mm&r=g\",\"contentUrl\":\"https:\\\/\\\/secure.gravatar.com\\\/avatar\\\/99197ff27043ec5d46dbc6d45891ee2769f2141cd226b537f17594ef60f82c55?s=96&d=mm&r=g\",\"caption\":\"nordvillaspollensa\"},\"url\":\"https:\\\/\\\/blog.nordvillaspollensa.com\\\/de\\\/author\\\/nordvillaspollensa\\\/\"}]}<\/script>\n<!-- \/ Yoast SEO plugin. -->","yoast_head_json":{"title":"Villen in der N\u00e4he von Pollensa Mallorca | Blog | Nord Villas Pollensa","description":"Diese Villen erm\u00f6glichen es Ihnen, sowohl die Meeresseite als auch die wundersch\u00f6nen Berge der Serra de Tramuntana.","robots":{"index":"index","follow":"follow","max-snippet":"max-snippet:-1","max-image-preview":"max-image-preview:large","max-video-preview":"max-video-preview:-1"},"canonical":"https:\/\/blog.nordvillaspollensa.com\/de\/villen-in-der-naehe-von-pollensa-mallorca\/","og_locale":"de_DE","og_type":"article","og_title":"Villen in der N\u00e4he von Pollensa Mallorca | Blog | Nord Villas Pollensa","og_description":"Diese Villen erm\u00f6glichen es Ihnen, sowohl die Meeresseite als auch die wundersch\u00f6nen Berge der Serra de Tramuntana.","og_url":"https:\/\/blog.nordvillaspollensa.com\/de\/villen-in-der-naehe-von-pollensa-mallorca\/","og_site_name":"Blog","article_published_time":"2021-12-16T14:08:20+00:00","article_modified_time":"2021-12-16T14:08:21+00:00","og_image":[{"width":902,"height":631,"url":"https:\/\/blog.nordvillaspollensa.com\/wp-content\/uploads\/2021\/12\/Captura-de-pantalla-2021-12-16-a-las-14.40.28.png","type":"image\/png"}],"author":"nordvillaspollensa","twitter_card":"summary_large_image","twitter_misc":{"Verfasst von":"nordvillaspollensa","Gesch\u00e4tzte Lesezeit":"5\u00a0Minuten"},"schema":{"@context":"https:\/\/schema.org","@graph":[{"@type":"Article","@id":"https:\/\/blog.nordvillaspollensa.com\/de\/villen-in-der-naehe-von-pollensa-mallorca\/#article","isPartOf":{"@id":"https:\/\/blog.nordvillaspollensa.com\/de\/villen-in-der-naehe-von-pollensa-mallorca\/"},"author":{"name":"nordvillaspollensa","@id":"https:\/\/blog.nordvillaspollensa.com\/#\/schema\/person\/bc98f3f935de2b7ef2d8b3e674c7861d"},"headline":"Villen in der N\u00e4he von Pollensa Mallorca","datePublished":"2021-12-16T14:08:20+00:00","dateModified":"2021-12-16T14:08:21+00:00","mainEntityOfPage":{"@id":"https:\/\/blog.nordvillaspollensa.com\/de\/villen-in-der-naehe-von-pollensa-mallorca\/"},"wordCount":1222,"commentCount":0,"image":{"@id":"https:\/\/blog.nordvillaspollensa.com\/de\/villen-in-der-naehe-von-pollensa-mallorca\/#primaryimage"},"thumbnailUrl":"https:\/\/blog.nordvillaspollensa.com\/wp-content\/uploads\/2021\/12\/Captura-de-pantalla-2021-12-16-a-las-14.40.28.png","articleSection":["Unkategorisiert"],"inLanguage":"de","potentialAction":[{"@type":"CommentAction","name":"Comment","target":["https:\/\/blog.nordvillaspollensa.com\/de\/villen-in-der-naehe-von-pollensa-mallorca\/#respond"]}]},{"@type":"WebPage","@id":"https:\/\/blog.nordvillaspollensa.com\/de\/villen-in-der-naehe-von-pollensa-mallorca\/","url":"https:\/\/blog.nordvillaspollensa.com\/de\/villen-in-der-naehe-von-pollensa-mallorca\/","name":"Villen in der N\u00e4he von Pollensa Mallorca | Blog | Nord Villas Pollensa","isPartOf":{"@id":"https:\/\/blog.nordvillaspollensa.com\/#website"},"primaryImageOfPage":{"@id":"https:\/\/blog.nordvillaspollensa.com\/de\/villen-in-der-naehe-von-pollensa-mallorca\/#primaryimage"},"image":{"@id":"https:\/\/blog.nordvillaspollensa.com\/de\/villen-in-der-naehe-von-pollensa-mallorca\/#primaryimage"},"thumbnailUrl":"https:\/\/blog.nordvillaspollensa.com\/wp-content\/uploads\/2021\/12\/Captura-de-pantalla-2021-12-16-a-las-14.40.28.png","datePublished":"2021-12-16T14:08:20+00:00","dateModified":"2021-12-16T14:08:21+00:00","author":{"@id":"https:\/\/blog.nordvillaspollensa.com\/#\/schema\/person\/bc98f3f935de2b7ef2d8b3e674c7861d"},"description":"Diese Villen erm\u00f6glichen es Ihnen, sowohl die Meeresseite als auch die wundersch\u00f6nen Berge der Serra de Tramuntana.","breadcrumb":{"@id":"https:\/\/blog.nordvillaspollensa.com\/de\/villen-in-der-naehe-von-pollensa-mallorca\/#breadcrumb"},"inLanguage":"de","potentialAction":[{"@type":"ReadAction","target":["https:\/\/blog.nordvillaspollensa.com\/de\/villen-in-der-naehe-von-pollensa-mallorca\/"]}]},{"@type":"ImageObject","inLanguage":"de","@id":"https:\/\/blog.nordvillaspollensa.com\/de\/villen-in-der-naehe-von-pollensa-mallorca\/#primaryimage","url":"https:\/\/blog.nordvillaspollensa.com\/wp-content\/uploads\/2021\/12\/Captura-de-pantalla-2021-12-16-a-las-14.40.28.png","contentUrl":"https:\/\/blog.nordvillaspollensa.com\/wp-content\/uploads\/2021\/12\/Captura-de-pantalla-2021-12-16-a-las-14.40.28.png","width":902,"height":631},{"@type":"BreadcrumbList","@id":"https:\/\/blog.nordvillaspollensa.com\/de\/villen-in-der-naehe-von-pollensa-mallorca\/#breadcrumb","itemListElement":[{"@type":"ListItem","position":1,"name":"Home","item":"https:\/\/blog.nordvillaspollensa.com\/"},{"@type":"ListItem","position":2,"name":"Villen in der N\u00e4he von Pollensa Mallorca"}]},{"@type":"WebSite","@id":"https:\/\/blog.nordvillaspollensa.com\/#website","url":"https:\/\/blog.nordvillaspollensa.com\/","name":"Blog","description":"","potentialAction":[{"@type":"SearchAction","target":{"@type":"EntryPoint","urlTemplate":"https:\/\/blog.nordvillaspollensa.com\/?s={search_term_string}"},"query-input":{"@type":"PropertyValueSpecification","valueRequired":true,"valueName":"search_term_string"}}],"inLanguage":"de"},{"@type":"Person","@id":"https:\/\/blog.nordvillaspollensa.com\/#\/schema\/person\/bc98f3f935de2b7ef2d8b3e674c7861d","name":"nordvillaspollensa","image":{"@type":"ImageObject","inLanguage":"de","@id":"https:\/\/secure.gravatar.com\/avatar\/99197ff27043ec5d46dbc6d45891ee2769f2141cd226b537f17594ef60f82c55?s=96&d=mm&r=g","url":"https:\/\/secure.gravatar.com\/avatar\/99197ff27043ec5d46dbc6d45891ee2769f2141cd226b537f17594ef60f82c55?s=96&d=mm&r=g","contentUrl":"https:\/\/secure.gravatar.com\/avatar\/99197ff27043ec5d46dbc6d45891ee2769f2141cd226b537f17594ef60f82c55?s=96&d=mm&r=g","caption":"nordvillaspollensa"},"url":"https:\/\/blog.nordvillaspollensa.com\/de\/author\/nordvillaspollensa\/"}]}},"_links":{"self":[{"href":"https:\/\/blog.nordvillaspollensa.com\/de\/wp-json\/wp\/v2\/posts\/717","targetHints":{"allow":["GET"]}}],"collection":[{"href":"https:\/\/blog.nordvillaspollensa.com\/de\/wp-json\/wp\/v2\/posts"}],"about":[{"href":"https:\/\/blog.nordvillaspollensa.com\/de\/wp-json\/wp\/v2\/types\/post"}],"author":[{"embeddable":true,"href":"https:\/\/blog.nordvillaspollensa.com\/de\/wp-json\/wp\/v2\/users\/2"}],"replies":[{"embeddable":true,"href":"https:\/\/blog.nordvillaspollensa.com\/de\/wp-json\/wp\/v2\/comments?post=717"}],"version-history":[{"count":1,"href":"https:\/\/blog.nordvillaspollensa.com\/de\/wp-json\/wp\/v2\/posts\/717\/revisions"}],"predecessor-version":[{"id":718,"href":"https:\/\/blog.nordvillaspollensa.com\/de\/wp-json\/wp\/v2\/posts\/717\/revisions\/718"}],"wp:featuredmedia":[{"embeddable":true,"href":"https:\/\/blog.nordvillaspollensa.com\/de\/wp-json\/wp\/v2\/media\/713"}],"wp:attachment":[{"href":"https:\/\/blog.nordvillaspollensa.com\/de\/wp-json\/wp\/v2\/media?parent=717"}],"wp:term":[{"taxonomy":"category","embeddable":true,"href":"https:\/\/blog.nordvillaspollensa.com\/de\/wp-json\/wp\/v2\/categories?post=717"},{"taxonomy":"post_tag","embeddable":true,"href":"https:\/\/blog.nordvillaspollensa.com\/de\/wp-json\/wp\/v2\/tags?post=717"}],"curies":[{"name":"wp","href":"https:\/\/api.w.org\/{rel}","templated":true}]}}