{"id":1026,"date":"2022-12-27T11:33:33","date_gmt":"2022-12-27T11:33:33","guid":{"rendered":"https:\/\/blog.nordvillaspollensa.com\/?p=1026"},"modified":"2022-12-27T11:46:26","modified_gmt":"2022-12-27T11:46:26","slug":"alquiler-de-casas-vacacionales-en-mallorca","status":"publish","type":"post","link":"https:\/\/blog.nordvillaspollensa.com\/es\/alquiler-de-casas-vacacionales-en-mallorca\/","title":{"rendered":"Alquiler de casas vacacionales en Mallorca"},"content":{"rendered":"\n<p>Si te vas de vacaciones y quieres salir de lo corriente y buscar un <strong>alquiler de casas vacacionales en Mallorca,<\/strong> en <strong>Nord Villas Pollensa<\/strong> te ofrecemos m\u00faltiples opciones. En nuestras villas disfrutar\u00e1s de unas vacaciones diferentes con la sensaci\u00f3n de estar en casa.<\/p>\n\n\n\n<p>Mallorca es un lugar excelente para disfrutar de unas vacaciones id\u00edlicas junto a tu familia, amigos o pareja. Conocer los maravillosos lugares que tiene la isla ser\u00e1 solo una de las actividades que podr\u00e1s hacer mientras te alojas en alguna de nuestras <strong>casas vacacionales en Mallorca<\/strong>. En <strong>Nord Villas Pollensa<\/strong> te presentamos todas las <strong>casas vacacionales en Mallorca<\/strong> que tenemos para que puedas alojarte en una estupenda villa en los distintos pueblos del norte de Mallorca como Pollensa o Alcudia.<\/p>\n\n\n\n<p>Si quieres encontrar un <strong>alquiler de casas vacacionales en Mallorca,<\/strong> en <strong>Nord Villas Pollensa<\/strong> encontrar\u00e1s la opci\u00f3n perfecta para ti. Disfrutar\u00e1s de los bonitos municipios de la isla mientras te alojas en villas que te har\u00e1n sentir como en casa. \u00a1No hay unas vacaciones mejores!<\/p>\n\n\n\n<h2 class=\"wp-block-heading\"><strong>Alojamiento en Alcudia<\/strong><\/h2>\n\n\n\n<p>Para disfrutar del norte de la isla de Mallorca durante tus vacaciones, ser\u00e1 mejor que busques un buen <strong>alojamiento en Alcudia<\/strong>. En <strong>Nord Villas Pollensa<\/strong> te presentamos las <strong>casas vacacionales en Mallorca<\/strong> donde hospedarte para que puedas pasar unas magn\u00edficas vacaciones junto a los tuyos.<\/p>\n\n\n\n<p>Disfrutar del verano en Mallorca es una idea espectacular y todav\u00eda es mejor si alquilas tu <strong>alojamiento en Alcudia<\/strong>. Esta localidad tiene unas playas y calas preciosas en las que podr\u00e1s divertirte con tu familia, amigos o pareja. Adem\u00e1s de tener unas playas \u00fanicas el municipio tiene unos lugares impresionantes para visitar como la Puerta del Moll o las Murallas de Alcudia entre otras.<\/p>\n\n\n\n<p>Para muchos, <strong>Mallorca <\/strong>es una isla paradis\u00edaca y no les falta raz\u00f3n. En Mallorca hay muchos municipios incre\u00edbles como Dei\u00e1, la famosa Valldemossa, Pollensa o S\u00f3ller entre muchos otros. Pero la bah\u00eda de Alcudia es algo m\u00e1gico y espectacular, por eso te recomendamos que cuentes con tu <strong>alojamiento en Alcudia<\/strong> en tu visita a Mallorca. Disfrutar de la familia, amigos o pareja en unas villas incre\u00edbles con comida t\u00edpica de la isla, buena m\u00fasica y tomando el sol, es una oportunidad que no puedes dejar escapar.<\/p>\n\n\n\n<h2 class=\"wp-block-heading\"><strong>Villas de lujo en Mallorca alquiler vacacional<\/strong><\/h2>\n\n\n\n<p>Si est\u00e1s buscando <strong>villas de lujo en Mallorca alquiler vacacional<\/strong> para poder disfrutar al m\u00e1ximo de tus vacaciones y descanso junto a los tuyos, est\u00e1s en el lugar correcto. En <strong>Nord Villas Pollensa<\/strong> te ofrecemos m\u00faltiples villas vacacionales en las que podr\u00e1s hospedarte, siempre buscando la que m\u00e1s se ajuste a tus gustos y necesidades. Tendr\u00e9is unas vacaciones espectaculares y \u00fanicas, \u00a1de esas que son dif\u00edciles de olvidar!<\/p>\n\n\n\n<p>Con nuestras<strong> villas de lujo en Mallorca alquiler vacacional<\/strong>, disfrutar\u00e1s de una estancia de lo m\u00e1s agradable y satisfactoria.<\/p>\n\n\n\n<p>Si quieres tener una experiencia inolvidable durante las vacaciones, no dudes en contactar con nosotros. Las <strong>villas de lujo en Mallorca alquiler vacacional<\/strong> son un alojamiento \u00f3ptimo para disfrutar de unas estupendas vacaciones. Con las casas vacacionales que ofrecemos tendr\u00e1s la ocasi\u00f3n de disfrutar de una aventura especial junto a los tuyos.<\/p>\n\n\n\n<p>Nuestro objetivo es que durante tus vacaciones no te tengas que preocupar por nada, solo de pasarlo bien, descansar y disfrutar de nuestras <strong>villas de lujo en Mallorca alquiler vacacional<\/strong>. Nuestra finalidad en <strong>Nord Villas Pollensa<\/strong> es ofrecer una vivencia de lo m\u00e1s completa y placentera para que disfrutes de nuestras <strong>villas de lujo en Mallorca <\/strong>tanto como de la isla.<\/p>\n\n\n\n<h2 class=\"wp-block-heading\"><strong>Alquiler de villas en Pollensa<\/strong><\/h2>\n\n\n\n<p>Optar por un <strong>alquiler de Villas en Pollensa<\/strong> para conseguir unas vacaciones completas y \u00f3ptimas durante la estancia en la isla es una elecci\u00f3n ideal. Venir a Mallorca a conocer sus especiales rincones es una estupenda elecci\u00f3n.<\/p>\n\n\n\n<p>Por ello, la elecci\u00f3n de un <strong>alquiler de villas en Pollensa<\/strong> es la oportunidad perfecta para que experimentar emociones inolvidables en nuestra maravilla del Mediterr\u00e1neo.<\/p>\n\n\n\n<p>Si quieres disfrutar de la tranquilidad y de la compa\u00f1\u00eda de los tuyos sin que nadie m\u00e1s os moleste, un<strong> alquiler de villas en Pollensa <\/strong>es vuestra mejor opci\u00f3n. En <strong>Nord Villas<\/strong> tenemos varias <strong>casas vacacionales en Mallorca<\/strong> y podr\u00e1s elegir la que m\u00e1s se adapte a tus gustos.<\/p>\n\n\n\n<p>En <strong>Nord Villas Pollensa<\/strong> queremos que te sientas como en casa. Por este motivo queremos ofrecerte las mejores <strong>villas en Mallorca<\/strong> donde pasar unas vacaciones memorables que te mueras de ganas por repetir.<\/p>\n\n\n\n<h2 class=\"wp-block-heading\"><strong>Nord Villas Pollensa<\/strong><\/h2>\n\n\n\n<p>En <strong>Nord Villas Pollensa<\/strong> encontrar\u00e1s la <strong>casa vacacional en Mallorca<\/strong> que mejor se amolde a ti\u2026 \u00a1y Pollensa es la ubicaci\u00f3n ideal! Pollensa es un municipio que no te dejar\u00e1 indiferente. Este acogedor pueblo trae consigo mucha historia que contar, tanto en sus calles como en sus edificios, adem\u00e1s de conservar una especie aut\u00f3ctona de vegetales.<\/p>\n\n\n\n<p>En <strong>Nord Villas Pollensa<\/strong> ofrecemos una estancia de lo m\u00e1s id\u00edlica y adecuada para que cada momento en nuestras <strong>casas vacacionales en Mallorca<\/strong> sean \u00fanicos. De esta manera queremos que puedas disfrutar del alojamiento plenamente. Adem\u00e1s de conocer la isla con su singularidad y los pueblos de su alrededor, tambi\u00e9n podr\u00e1s conocer y degustar la gastronom\u00eda t\u00edpica de aqu\u00ed, llena de sabores deliciosos y manjares exquisitos. Sin duda intentamos hacer de tus vacaciones unos recuerdos inolvidables.<\/p>\n\n\n\n<p>En <strong>Nord Villas Pollensa<\/strong> encontrar\u00e1s alojamientos que quedar\u00e1n en tu memoria grabados para siempre, \u00a1eso seguro! Nuestras <strong>casas vacacionales en Mallorca<\/strong> tienen un encanto especial. Queremos que tengas ganas de volver y puedas volver a disfrutar junto a los tuyos de Mallorca. Tu \u00fanica preocupaci\u00f3n si te alojas en <strong>Nord Villas Pollensa<\/strong> ser\u00e1 la de disfrutar plenamente de tus vacaciones.<\/p>\n\n\n\n<p>\u00a1Te esperamos!<\/p>\n","protected":false},"excerpt":{"rendered":"<p>Si te vas de vacaciones y quieres salir de lo corriente y buscar un alquiler de casas vacacionales en Mallorca,&#8230;<\/p>\n","protected":false},"author":2,"featured_media":1030,"comment_status":"open","ping_status":"closed","sticky":false,"template":"","format":"standard","meta":{"footnotes":""},"categories":[3],"tags":[],"class_list":["post-1026","post","type-post","status-publish","format-standard","has-post-thumbnail","hentry","category-sin-categorizar"],"yoast_head":"<!-- This site is optimized with the Yoast SEO plugin v27.5 - https:\/\/yoast.com\/product\/yoast-seo-wordpress\/ -->\n<title>Alquiler de casas vacacionales en Mallorca - Blog<\/title>\n<meta name=\"description\" content=\"Si te vas de vacaciones y quieres salir de lo corriente y buscar un alquiler de casas vacacionales en Mallorca, en Nord Villas Pollensa te ofrecemos m\u00faltiples opciones.\" \/>\n<meta name=\"robots\" content=\"index, follow, max-snippet:-1, max-image-preview:large, max-video-preview:-1\" \/>\n<link rel=\"canonical\" href=\"https:\/\/blog.nordvillaspollensa.com\/es\/alquiler-de-casas-vacacionales-en-mallorca\/\" \/>\n<meta property=\"og:locale\" content=\"es_ES\" \/>\n<meta property=\"og:type\" content=\"article\" \/>\n<meta property=\"og:title\" content=\"Alquiler de casas vacacionales en Mallorca - Blog\" \/>\n<meta property=\"og:description\" content=\"Si te vas de vacaciones y quieres salir de lo corriente y buscar un alquiler de casas vacacionales en Mallorca, en Nord Villas Pollensa te ofrecemos m\u00faltiples opciones.\" \/>\n<meta property=\"og:url\" content=\"https:\/\/blog.nordvillaspollensa.com\/es\/alquiler-de-casas-vacacionales-en-mallorca\/\" \/>\n<meta property=\"og:site_name\" content=\"Blog\" \/>\n<meta property=\"article:published_time\" content=\"2022-12-27T11:33:33+00:00\" \/>\n<meta property=\"article:modified_time\" content=\"2022-12-27T11:46:26+00:00\" \/>\n<meta property=\"og:image\" content=\"https:\/\/blog.nordvillaspollensa.com\/wp-content\/uploads\/2022\/12\/grupos.jpg\" \/>\n\t<meta property=\"og:image:width\" content=\"1206\" \/>\n\t<meta property=\"og:image:height\" content=\"836\" \/>\n\t<meta property=\"og:image:type\" content=\"image\/jpeg\" \/>\n<meta name=\"author\" content=\"nordvillaspollensa\" \/>\n<meta name=\"twitter:card\" content=\"summary_large_image\" \/>\n<meta name=\"twitter:label1\" content=\"Escrito por\" \/>\n\t<meta name=\"twitter:data1\" content=\"nordvillaspollensa\" \/>\n\t<meta name=\"twitter:label2\" content=\"Tiempo de lectura\" \/>\n\t<meta name=\"twitter:data2\" content=\"5 minutos\" \/>\n<script type=\"application\/ld+json\" class=\"yoast-schema-graph\">{\"@context\":\"https:\\\/\\\/schema.org\",\"@graph\":[{\"@type\":\"Article\",\"@id\":\"https:\\\/\\\/blog.nordvillaspollensa.com\\\/es\\\/alquiler-de-casas-vacacionales-en-mallorca\\\/#article\",\"isPartOf\":{\"@id\":\"https:\\\/\\\/blog.nordvillaspollensa.com\\\/es\\\/alquiler-de-casas-vacacionales-en-mallorca\\\/\"},\"author\":{\"name\":\"nordvillaspollensa\",\"@id\":\"https:\\\/\\\/blog.nordvillaspollensa.com\\\/#\\\/schema\\\/person\\\/bc98f3f935de2b7ef2d8b3e674c7861d\"},\"headline\":\"Alquiler de casas vacacionales en Mallorca\",\"datePublished\":\"2022-12-27T11:33:33+00:00\",\"dateModified\":\"2022-12-27T11:46:26+00:00\",\"mainEntityOfPage\":{\"@id\":\"https:\\\/\\\/blog.nordvillaspollensa.com\\\/es\\\/alquiler-de-casas-vacacionales-en-mallorca\\\/\"},\"wordCount\":983,\"commentCount\":0,\"image\":{\"@id\":\"https:\\\/\\\/blog.nordvillaspollensa.com\\\/es\\\/alquiler-de-casas-vacacionales-en-mallorca\\\/#primaryimage\"},\"thumbnailUrl\":\"https:\\\/\\\/blog.nordvillaspollensa.com\\\/wp-content\\\/uploads\\\/2022\\\/12\\\/grupos.jpg\",\"articleSection\":[\"Sin categorizar\"],\"inLanguage\":\"es\",\"potentialAction\":[{\"@type\":\"CommentAction\",\"name\":\"Comment\",\"target\":[\"https:\\\/\\\/blog.nordvillaspollensa.com\\\/es\\\/alquiler-de-casas-vacacionales-en-mallorca\\\/#respond\"]}]},{\"@type\":\"WebPage\",\"@id\":\"https:\\\/\\\/blog.nordvillaspollensa.com\\\/es\\\/alquiler-de-casas-vacacionales-en-mallorca\\\/\",\"url\":\"https:\\\/\\\/blog.nordvillaspollensa.com\\\/es\\\/alquiler-de-casas-vacacionales-en-mallorca\\\/\",\"name\":\"Alquiler de casas vacacionales en Mallorca - Blog\",\"isPartOf\":{\"@id\":\"https:\\\/\\\/blog.nordvillaspollensa.com\\\/#website\"},\"primaryImageOfPage\":{\"@id\":\"https:\\\/\\\/blog.nordvillaspollensa.com\\\/es\\\/alquiler-de-casas-vacacionales-en-mallorca\\\/#primaryimage\"},\"image\":{\"@id\":\"https:\\\/\\\/blog.nordvillaspollensa.com\\\/es\\\/alquiler-de-casas-vacacionales-en-mallorca\\\/#primaryimage\"},\"thumbnailUrl\":\"https:\\\/\\\/blog.nordvillaspollensa.com\\\/wp-content\\\/uploads\\\/2022\\\/12\\\/grupos.jpg\",\"datePublished\":\"2022-12-27T11:33:33+00:00\",\"dateModified\":\"2022-12-27T11:46:26+00:00\",\"author\":{\"@id\":\"https:\\\/\\\/blog.nordvillaspollensa.com\\\/#\\\/schema\\\/person\\\/bc98f3f935de2b7ef2d8b3e674c7861d\"},\"description\":\"Si te vas de vacaciones y quieres salir de lo corriente y buscar un alquiler de casas vacacionales en Mallorca, en Nord Villas Pollensa te ofrecemos m\u00faltiples opciones.\",\"breadcrumb\":{\"@id\":\"https:\\\/\\\/blog.nordvillaspollensa.com\\\/es\\\/alquiler-de-casas-vacacionales-en-mallorca\\\/#breadcrumb\"},\"inLanguage\":\"es\",\"potentialAction\":[{\"@type\":\"ReadAction\",\"target\":[\"https:\\\/\\\/blog.nordvillaspollensa.com\\\/es\\\/alquiler-de-casas-vacacionales-en-mallorca\\\/\"]}]},{\"@type\":\"ImageObject\",\"inLanguage\":\"es\",\"@id\":\"https:\\\/\\\/blog.nordvillaspollensa.com\\\/es\\\/alquiler-de-casas-vacacionales-en-mallorca\\\/#primaryimage\",\"url\":\"https:\\\/\\\/blog.nordvillaspollensa.com\\\/wp-content\\\/uploads\\\/2022\\\/12\\\/grupos.jpg\",\"contentUrl\":\"https:\\\/\\\/blog.nordvillaspollensa.com\\\/wp-content\\\/uploads\\\/2022\\\/12\\\/grupos.jpg\",\"width\":1206,\"height\":836,\"caption\":\"Alquiler de casas vacacionales en Mallorca\"},{\"@type\":\"BreadcrumbList\",\"@id\":\"https:\\\/\\\/blog.nordvillaspollensa.com\\\/es\\\/alquiler-de-casas-vacacionales-en-mallorca\\\/#breadcrumb\",\"itemListElement\":[{\"@type\":\"ListItem\",\"position\":1,\"name\":\"Home\",\"item\":\"https:\\\/\\\/blog.nordvillaspollensa.com\\\/\"},{\"@type\":\"ListItem\",\"position\":2,\"name\":\"Alquiler de casas vacacionales en Mallorca\"}]},{\"@type\":\"WebSite\",\"@id\":\"https:\\\/\\\/blog.nordvillaspollensa.com\\\/#website\",\"url\":\"https:\\\/\\\/blog.nordvillaspollensa.com\\\/\",\"name\":\"Blog\",\"description\":\"\",\"potentialAction\":[{\"@type\":\"SearchAction\",\"target\":{\"@type\":\"EntryPoint\",\"urlTemplate\":\"https:\\\/\\\/blog.nordvillaspollensa.com\\\/?s={search_term_string}\"},\"query-input\":{\"@type\":\"PropertyValueSpecification\",\"valueRequired\":true,\"valueName\":\"search_term_string\"}}],\"inLanguage\":\"es\"},{\"@type\":\"Person\",\"@id\":\"https:\\\/\\\/blog.nordvillaspollensa.com\\\/#\\\/schema\\\/person\\\/bc98f3f935de2b7ef2d8b3e674c7861d\",\"name\":\"nordvillaspollensa\",\"image\":{\"@type\":\"ImageObject\",\"inLanguage\":\"es\",\"@id\":\"https:\\\/\\\/secure.gravatar.com\\\/avatar\\\/99197ff27043ec5d46dbc6d45891ee2769f2141cd226b537f17594ef60f82c55?s=96&d=mm&r=g\",\"url\":\"https:\\\/\\\/secure.gravatar.com\\\/avatar\\\/99197ff27043ec5d46dbc6d45891ee2769f2141cd226b537f17594ef60f82c55?s=96&d=mm&r=g\",\"contentUrl\":\"https:\\\/\\\/secure.gravatar.com\\\/avatar\\\/99197ff27043ec5d46dbc6d45891ee2769f2141cd226b537f17594ef60f82c55?s=96&d=mm&r=g\",\"caption\":\"nordvillaspollensa\"},\"url\":\"https:\\\/\\\/blog.nordvillaspollensa.com\\\/es\\\/author\\\/nordvillaspollensa\\\/\"}]}<\/script>\n<!-- \/ Yoast SEO plugin. -->","yoast_head_json":{"title":"Alquiler de casas vacacionales en Mallorca - Blog","description":"Si te vas de vacaciones y quieres salir de lo corriente y buscar un alquiler de casas vacacionales en Mallorca, en Nord Villas Pollensa te ofrecemos m\u00faltiples opciones.","robots":{"index":"index","follow":"follow","max-snippet":"max-snippet:-1","max-image-preview":"max-image-preview:large","max-video-preview":"max-video-preview:-1"},"canonical":"https:\/\/blog.nordvillaspollensa.com\/es\/alquiler-de-casas-vacacionales-en-mallorca\/","og_locale":"es_ES","og_type":"article","og_title":"Alquiler de casas vacacionales en Mallorca - Blog","og_description":"Si te vas de vacaciones y quieres salir de lo corriente y buscar un alquiler de casas vacacionales en Mallorca, en Nord Villas Pollensa te ofrecemos m\u00faltiples opciones.","og_url":"https:\/\/blog.nordvillaspollensa.com\/es\/alquiler-de-casas-vacacionales-en-mallorca\/","og_site_name":"Blog","article_published_time":"2022-12-27T11:33:33+00:00","article_modified_time":"2022-12-27T11:46:26+00:00","og_image":[{"width":1206,"height":836,"url":"https:\/\/blog.nordvillaspollensa.com\/wp-content\/uploads\/2022\/12\/grupos.jpg","type":"image\/jpeg"}],"author":"nordvillaspollensa","twitter_card":"summary_large_image","twitter_misc":{"Escrito por":"nordvillaspollensa","Tiempo de lectura":"5 minutos"},"schema":{"@context":"https:\/\/schema.org","@graph":[{"@type":"Article","@id":"https:\/\/blog.nordvillaspollensa.com\/es\/alquiler-de-casas-vacacionales-en-mallorca\/#article","isPartOf":{"@id":"https:\/\/blog.nordvillaspollensa.com\/es\/alquiler-de-casas-vacacionales-en-mallorca\/"},"author":{"name":"nordvillaspollensa","@id":"https:\/\/blog.nordvillaspollensa.com\/#\/schema\/person\/bc98f3f935de2b7ef2d8b3e674c7861d"},"headline":"Alquiler de casas vacacionales en Mallorca","datePublished":"2022-12-27T11:33:33+00:00","dateModified":"2022-12-27T11:46:26+00:00","mainEntityOfPage":{"@id":"https:\/\/blog.nordvillaspollensa.com\/es\/alquiler-de-casas-vacacionales-en-mallorca\/"},"wordCount":983,"commentCount":0,"image":{"@id":"https:\/\/blog.nordvillaspollensa.com\/es\/alquiler-de-casas-vacacionales-en-mallorca\/#primaryimage"},"thumbnailUrl":"https:\/\/blog.nordvillaspollensa.com\/wp-content\/uploads\/2022\/12\/grupos.jpg","articleSection":["Sin categorizar"],"inLanguage":"es","potentialAction":[{"@type":"CommentAction","name":"Comment","target":["https:\/\/blog.nordvillaspollensa.com\/es\/alquiler-de-casas-vacacionales-en-mallorca\/#respond"]}]},{"@type":"WebPage","@id":"https:\/\/blog.nordvillaspollensa.com\/es\/alquiler-de-casas-vacacionales-en-mallorca\/","url":"https:\/\/blog.nordvillaspollensa.com\/es\/alquiler-de-casas-vacacionales-en-mallorca\/","name":"Alquiler de casas vacacionales en Mallorca - Blog","isPartOf":{"@id":"https:\/\/blog.nordvillaspollensa.com\/#website"},"primaryImageOfPage":{"@id":"https:\/\/blog.nordvillaspollensa.com\/es\/alquiler-de-casas-vacacionales-en-mallorca\/#primaryimage"},"image":{"@id":"https:\/\/blog.nordvillaspollensa.com\/es\/alquiler-de-casas-vacacionales-en-mallorca\/#primaryimage"},"thumbnailUrl":"https:\/\/blog.nordvillaspollensa.com\/wp-content\/uploads\/2022\/12\/grupos.jpg","datePublished":"2022-12-27T11:33:33+00:00","dateModified":"2022-12-27T11:46:26+00:00","author":{"@id":"https:\/\/blog.nordvillaspollensa.com\/#\/schema\/person\/bc98f3f935de2b7ef2d8b3e674c7861d"},"description":"Si te vas de vacaciones y quieres salir de lo corriente y buscar un alquiler de casas vacacionales en Mallorca, en Nord Villas Pollensa te ofrecemos m\u00faltiples opciones.","breadcrumb":{"@id":"https:\/\/blog.nordvillaspollensa.com\/es\/alquiler-de-casas-vacacionales-en-mallorca\/#breadcrumb"},"inLanguage":"es","potentialAction":[{"@type":"ReadAction","target":["https:\/\/blog.nordvillaspollensa.com\/es\/alquiler-de-casas-vacacionales-en-mallorca\/"]}]},{"@type":"ImageObject","inLanguage":"es","@id":"https:\/\/blog.nordvillaspollensa.com\/es\/alquiler-de-casas-vacacionales-en-mallorca\/#primaryimage","url":"https:\/\/blog.nordvillaspollensa.com\/wp-content\/uploads\/2022\/12\/grupos.jpg","contentUrl":"https:\/\/blog.nordvillaspollensa.com\/wp-content\/uploads\/2022\/12\/grupos.jpg","width":1206,"height":836,"caption":"Alquiler de casas vacacionales en Mallorca"},{"@type":"BreadcrumbList","@id":"https:\/\/blog.nordvillaspollensa.com\/es\/alquiler-de-casas-vacacionales-en-mallorca\/#breadcrumb","itemListElement":[{"@type":"ListItem","position":1,"name":"Home","item":"https:\/\/blog.nordvillaspollensa.com\/"},{"@type":"ListItem","position":2,"name":"Alquiler de casas vacacionales en Mallorca"}]},{"@type":"WebSite","@id":"https:\/\/blog.nordvillaspollensa.com\/#website","url":"https:\/\/blog.nordvillaspollensa.com\/","name":"Blog","description":"","potentialAction":[{"@type":"SearchAction","target":{"@type":"EntryPoint","urlTemplate":"https:\/\/blog.nordvillaspollensa.com\/?s={search_term_string}"},"query-input":{"@type":"PropertyValueSpecification","valueRequired":true,"valueName":"search_term_string"}}],"inLanguage":"es"},{"@type":"Person","@id":"https:\/\/blog.nordvillaspollensa.com\/#\/schema\/person\/bc98f3f935de2b7ef2d8b3e674c7861d","name":"nordvillaspollensa","image":{"@type":"ImageObject","inLanguage":"es","@id":"https:\/\/secure.gravatar.com\/avatar\/99197ff27043ec5d46dbc6d45891ee2769f2141cd226b537f17594ef60f82c55?s=96&d=mm&r=g","url":"https:\/\/secure.gravatar.com\/avatar\/99197ff27043ec5d46dbc6d45891ee2769f2141cd226b537f17594ef60f82c55?s=96&d=mm&r=g","contentUrl":"https:\/\/secure.gravatar.com\/avatar\/99197ff27043ec5d46dbc6d45891ee2769f2141cd226b537f17594ef60f82c55?s=96&d=mm&r=g","caption":"nordvillaspollensa"},"url":"https:\/\/blog.nordvillaspollensa.com\/es\/author\/nordvillaspollensa\/"}]}},"_links":{"self":[{"href":"https:\/\/blog.nordvillaspollensa.com\/es\/wp-json\/wp\/v2\/posts\/1026","targetHints":{"allow":["GET"]}}],"collection":[{"href":"https:\/\/blog.nordvillaspollensa.com\/es\/wp-json\/wp\/v2\/posts"}],"about":[{"href":"https:\/\/blog.nordvillaspollensa.com\/es\/wp-json\/wp\/v2\/types\/post"}],"author":[{"embeddable":true,"href":"https:\/\/blog.nordvillaspollensa.com\/es\/wp-json\/wp\/v2\/users\/2"}],"replies":[{"embeddable":true,"href":"https:\/\/blog.nordvillaspollensa.com\/es\/wp-json\/wp\/v2\/comments?post=1026"}],"version-history":[{"count":2,"href":"https:\/\/blog.nordvillaspollensa.com\/es\/wp-json\/wp\/v2\/posts\/1026\/revisions"}],"predecessor-version":[{"id":1037,"href":"https:\/\/blog.nordvillaspollensa.com\/es\/wp-json\/wp\/v2\/posts\/1026\/revisions\/1037"}],"wp:featuredmedia":[{"embeddable":true,"href":"https:\/\/blog.nordvillaspollensa.com\/es\/wp-json\/wp\/v2\/media\/1030"}],"wp:attachment":[{"href":"https:\/\/blog.nordvillaspollensa.com\/es\/wp-json\/wp\/v2\/media?parent=1026"}],"wp:term":[{"taxonomy":"category","embeddable":true,"href":"https:\/\/blog.nordvillaspollensa.com\/es\/wp-json\/wp\/v2\/categories?post=1026"},{"taxonomy":"post_tag","embeddable":true,"href":"https:\/\/blog.nordvillaspollensa.com\/es\/wp-json\/wp\/v2\/tags?post=1026"}],"curies":[{"name":"wp","href":"https:\/\/api.w.org\/{rel}","templated":true}]}}