{"id":1165,"date":"2023-05-10T07:58:14","date_gmt":"2023-05-10T07:58:14","guid":{"rendered":"https:\/\/blog.nordvillaspollensa.com\/?p=1165"},"modified":"2023-05-10T07:58:15","modified_gmt":"2023-05-10T07:58:15","slug":"fiestas-populares-en-pollensa","status":"publish","type":"post","link":"https:\/\/blog.nordvillaspollensa.com\/es\/fiestas-populares-en-pollensa\/","title":{"rendered":"Fiestas populares en Pollensa"},"content":{"rendered":"\n<p>\u00bfEst\u00e1s pensando en disfrutar de unas <strong>vacaciones en Mallorca<\/strong>? Entonces, estamos convencidos de que tienes muy buen gusto.&nbsp;<\/p>\n\n\n\n<p>Nuestra preciosa isla es uno de los destinos m\u00e1s populares del Mediterr\u00e1neo. Es conocida por sus impresionantes <strong>playas de aguas cristalinas<\/strong>, su enriquecedora historia y cultura y su animada vida nocturna.&nbsp;<\/p>\n\n\n\n<p>Con su clima c\u00e1lido y sus paisajes de ensue\u00f1o, Mallorca atrae a visitantes de todo el mundo. Desde aquellos viajeros espa\u00f1oles y residentes en las islas vecinas, as\u00ed como aquellos que traspasan fronteras.&nbsp;<\/p>\n\n\n\n<p>Desde relajarse en sus playas id\u00edlicas hasta explorar aquellos pueblos pintorescos y disfrutar de la gastronom\u00eda local, Mallorca es la isla perfecta para combinar experiencias para todos los gustos.&nbsp;<\/p>\n\n\n\n<p>Otra maravillosa forma de disfrutar de sus encantos es a trav\u00e9s de sus eventos populares. Desde vibrantes fiestas locales hasta eventos de talla internacional que atraen a visitantes de todo el mundo.&nbsp;<\/p>\n\n\n\n<p>Mallorca cuenta con <strong>eventos populares<\/strong> en sus pueblos durante todo el a\u00f1o, sin embargo, hoy vamos a centrarnos en la fiesta m\u00e1s importante para los pollencins, no te la puedes perder si coincide con tus vacaciones en Mallorca.&nbsp;<\/p>\n\n\n\n<h2 class=\"wp-block-heading\">Fiestas en Pollensa<\/h2>\n\n\n\n<p>Pollensa, <strong>el tesoro de Mallorca<\/strong>, esa regi\u00f3n de Mallorca ideal para pasar tus vacaciones, en invierno, en verano o en cualquier estaci\u00f3n del a\u00f1o. Pues esta regi\u00f3n cuenta con privilegiados rincones combinando mar y monta\u00f1a. Como curiosidad, cabe hablar de que el pueblo fue fundado durante la conquista catalano-cristiana en el siglo XIII. En el post de hoy, podr\u00e1s descubrir aquellas fiestas m\u00e1s populares caracter\u00edsticas de la regi\u00f3n.&nbsp;<\/p>\n\n\n\n<h3 class=\"wp-block-heading\">La Patrona&nbsp;<\/h3>\n\n\n\n<p>\u00a1Apunta en tu agenda el segundo d\u00eda de agosto!&nbsp; Una de las fechas m\u00e1s especiales para los residentes de Pollensa. La ciudad se viste de blanco y colores que honran a su Patrona, <strong>Nuestra Se\u00f1ora de los \u00c1ngeles<\/strong>, y celebran la historia y tradiciones con gran entusiasmo.&nbsp;<\/p>\n\n\n\n<p>Son muchos los eventos que se llevan a cabo durante esta celebraci\u00f3n, pues es una semana cargada de fiestas. Pero sin duda, el acto m\u00e1s relevante y emocionante de las <strong>fiestas de la Patrona<\/strong> es la recreaci\u00f3n de la <strong>batalla de Moros y Cristianos.<\/strong><\/p>\n\n\n\n<p>Para contextualizar esta celebraci\u00f3n cabe remontarse a muchos siglos atr\u00e1s. Concretamente, al siglo XVI donde los pollencins (cristianos) defendieron a su pueblo contra los corsarios sarracenos (moros) la noche del 30 al 31 de mayo de 1550. Uno de los elementos m\u00e1s importantes de las celebraciones es la danza de los \u201ccossiers\u201d, \u00bfsab\u00edas que se reincorpor\u00f3 en 1981 tras 71 a\u00f1os de ausencia?<\/p>\n\n\n\n<h3 class=\"wp-block-heading\">Fiesta moros y cristianos&nbsp;<\/h3>\n\n\n\n<p>Cada 2 de agosto, durante la festividad de<strong> la Mare de D\u00e9u dels \u00c0ngels, La Patrona,<\/strong> varias son las celebraciones que se llevan a cabo, entre las m\u00e1s destacadas, se encuentra la <strong>Fiesta de Moros y Cristianos en Pollensa.<\/strong> En ella se recrea una emocionante batalla ganada contra los piratas que tuvo lugar en el a\u00f1o 1550. La recreaci\u00f3n es detallada y realista, los actores se visten con ropa blanca de dormir, como si fueran sorprendidos en la medianoche, tal y como ocurri\u00f3 en la batalla original.&nbsp;<\/p>\n\n\n\n<p>La representaci\u00f3n comienza en la <strong>calle mayor de Pollensa<\/strong>, ah\u00ed se escenifica el primer enfrentamiento entre los cristianos y los piratas. Se interpreta la lucha con pasi\u00f3n, coreograf\u00eda y efectos especiales, lo cual, invita a los espectadores a sumergirse en la atm\u00f3sfera de la \u00e9poca.&nbsp;<\/p>\n\n\n\n<p>La siguiente batalla tiene lugar en la plaza de Sant Jordi, donde la tensi\u00f3n se intensifica a medida que los actores representan la lucha con gran habilidad recreando, incluso, los sonidos de las espadas chocando y los gritos de los combatientes.&nbsp;<\/p>\n\n\n\n<p>La batalla final tiene lugar en el campo de f\u00fatbol, donde queda representado el momento cumbre de la victoria de los cristianos ante los piratas. Una vez conseguida la victoria, un impresionante espect\u00e1culo de fuegos artificiales lanzados desde el castillo comienza a explosionar. Los colores y las luces iluminan la noche, creando un momento realmente m\u00e1gico.&nbsp;<\/p>\n\n\n\n<p>La recreaci\u00f3n de esta batalla durante las<strong> fiestas de la Patrona<\/strong> es un evento muy emocionante y espectacular para sus residentes, pues rinde un gran homenaje a la historia y a la valent\u00eda de sus antepasados en el siglo XVI.&nbsp;<\/p>\n\n\n\n<h2 class=\"wp-block-heading\">Casas vacacionales en Mallorca<\/h2>\n\n\n\n<p>Despu\u00e9s de una fiesta como esta, lo m\u00e1s importante es tener un lugar donde poder descansar. Por ello, te invitamos a descubrir el lugar perfecto para tus <strong>vacaciones en Mallorca<\/strong>: <strong>Nord Villas Pollensa.&nbsp;<\/strong><\/p>\n\n\n\n<p>Ya sea que viajes con amigos, familia o en una escapada rom\u00e1ntica con tu pareja, en <strong>Nord Villas Pollensa <\/strong>encontrar\u00e1s el <strong>alojamiento ideal,<\/strong> estamos especializados en <strong>casas vacacionales en Mallorca,<\/strong> concretamente, en el norte de la isla para que disfrutes al m\u00e1ximo de tu estancia.&nbsp;<\/p>\n\n\n\n<p>Encontrar\u00e1s la villa perfecta con todas aquellas comodidades que puedas imaginar, asegurando la tranquilidad que necesitas durante tus vacaciones. Contamos con una infinita selecci\u00f3n de villas y fincas y su correspondiente explicaci\u00f3n en cuanto a tama\u00f1o, instalaciones, comodidades, para que encuentres aquella que mejor se adapte a tus preferencias y necesidades.&nbsp;<\/p>\n\n\n\n<p>Alojamiento entero, privacidad, libertad, piscina, monta\u00f1a\u2026 \u00bfSe te ocurre una mejor forma de disfrutar de tus vacaciones? Nuestras <strong>casas vacacionales en Mallorca<\/strong> tienen un encanto especial que te dejar\u00e1 grabado en la memoria el recuerdo para siempre. \u00a1Sabemos que pasar\u00e1!&nbsp;<\/p>\n\n\n\n<p>Nos esforzamos a diario para que siempre tengas ganas de volver a elegirnos y disfrutar con tus seres queridos. \u00a1Deja que tu \u00fanica preocupaci\u00f3n al alojarte en algunas de las villas de nuestro portal <strong>Nord Villas Pollensa<\/strong> sea disfrutar de tus vacaciones!&nbsp;<\/p>\n\n\n\n<p>En <strong>Nord Villas Pollensa <\/strong>estamos deseando conocerte para ofrecerte una experiencia inolvidable. \u00a1Prep\u00e1rate para unas vacaciones de ensue\u00f1o!<\/p>\n","protected":false},"excerpt":{"rendered":"<p>\u00bfEst\u00e1s pensando en disfrutar de unas vacaciones en Mallorca? Entonces, estamos convencidos de que tienes muy buen gusto.&nbsp; Nuestra preciosa&#8230;<\/p>\n","protected":false},"author":2,"featured_media":1174,"comment_status":"open","ping_status":"closed","sticky":false,"template":"","format":"standard","meta":{"footnotes":""},"categories":[3],"tags":[],"class_list":["post-1165","post","type-post","status-publish","format-standard","has-post-thumbnail","hentry","category-sin-categorizar"],"yoast_head":"<!-- This site is optimized with the Yoast SEO plugin v27.5 - https:\/\/yoast.com\/product\/yoast-seo-wordpress\/ -->\n<title>Fiestas populares en Pollensa| Blog Nord Villas Pollensa<\/title>\n<meta name=\"description\" content=\"Mallorca cuenta con eventos populares en sus pueblos durante todo el a\u00f1o. Hoy vamos a hablar de la fiesta m\u00e1s importante para los pollencins.\" \/>\n<meta name=\"robots\" content=\"index, follow, max-snippet:-1, max-image-preview:large, max-video-preview:-1\" \/>\n<link rel=\"canonical\" href=\"https:\/\/blog.nordvillaspollensa.com\/es\/fiestas-populares-en-pollensa\/\" \/>\n<meta property=\"og:locale\" content=\"es_ES\" \/>\n<meta property=\"og:type\" content=\"article\" \/>\n<meta property=\"og:title\" content=\"Fiestas populares en Pollensa| Blog Nord Villas Pollensa\" \/>\n<meta property=\"og:description\" content=\"Mallorca cuenta con eventos populares en sus pueblos durante todo el a\u00f1o. Hoy vamos a hablar de la fiesta m\u00e1s importante para los pollencins.\" \/>\n<meta property=\"og:url\" content=\"https:\/\/blog.nordvillaspollensa.com\/es\/fiestas-populares-en-pollensa\/\" \/>\n<meta property=\"og:site_name\" content=\"Blog\" \/>\n<meta property=\"article:published_time\" content=\"2023-05-10T07:58:14+00:00\" \/>\n<meta property=\"article:modified_time\" content=\"2023-05-10T07:58:15+00:00\" \/>\n<meta property=\"og:image\" content=\"https:\/\/blog.nordvillaspollensa.com\/wp-content\/uploads\/2023\/05\/Mantenimiento-Post-Quintana-5.jpg\" \/>\n\t<meta property=\"og:image:width\" content=\"1080\" \/>\n\t<meta property=\"og:image:height\" content=\"1080\" \/>\n\t<meta property=\"og:image:type\" content=\"image\/jpeg\" \/>\n<meta name=\"author\" content=\"nordvillaspollensa\" \/>\n<meta name=\"twitter:card\" content=\"summary_large_image\" \/>\n<meta name=\"twitter:label1\" content=\"Escrito por\" \/>\n\t<meta name=\"twitter:data1\" content=\"nordvillaspollensa\" \/>\n\t<meta name=\"twitter:label2\" content=\"Tiempo de lectura\" \/>\n\t<meta name=\"twitter:data2\" content=\"5 minutos\" \/>\n<script type=\"application\/ld+json\" class=\"yoast-schema-graph\">{\"@context\":\"https:\\\/\\\/schema.org\",\"@graph\":[{\"@type\":\"Article\",\"@id\":\"https:\\\/\\\/blog.nordvillaspollensa.com\\\/es\\\/fiestas-populares-en-pollensa\\\/#article\",\"isPartOf\":{\"@id\":\"https:\\\/\\\/blog.nordvillaspollensa.com\\\/es\\\/fiestas-populares-en-pollensa\\\/\"},\"author\":{\"name\":\"nordvillaspollensa\",\"@id\":\"https:\\\/\\\/blog.nordvillaspollensa.com\\\/#\\\/schema\\\/person\\\/bc98f3f935de2b7ef2d8b3e674c7861d\"},\"headline\":\"Fiestas populares en Pollensa\",\"datePublished\":\"2023-05-10T07:58:14+00:00\",\"dateModified\":\"2023-05-10T07:58:15+00:00\",\"mainEntityOfPage\":{\"@id\":\"https:\\\/\\\/blog.nordvillaspollensa.com\\\/es\\\/fiestas-populares-en-pollensa\\\/\"},\"wordCount\":990,\"commentCount\":0,\"image\":{\"@id\":\"https:\\\/\\\/blog.nordvillaspollensa.com\\\/es\\\/fiestas-populares-en-pollensa\\\/#primaryimage\"},\"thumbnailUrl\":\"https:\\\/\\\/blog.nordvillaspollensa.com\\\/wp-content\\\/uploads\\\/2023\\\/05\\\/Mantenimiento-Post-Quintana-5.jpg\",\"articleSection\":[\"Sin categorizar\"],\"inLanguage\":\"es\",\"potentialAction\":[{\"@type\":\"CommentAction\",\"name\":\"Comment\",\"target\":[\"https:\\\/\\\/blog.nordvillaspollensa.com\\\/es\\\/fiestas-populares-en-pollensa\\\/#respond\"]}]},{\"@type\":\"WebPage\",\"@id\":\"https:\\\/\\\/blog.nordvillaspollensa.com\\\/es\\\/fiestas-populares-en-pollensa\\\/\",\"url\":\"https:\\\/\\\/blog.nordvillaspollensa.com\\\/es\\\/fiestas-populares-en-pollensa\\\/\",\"name\":\"Fiestas populares en Pollensa| Blog Nord Villas Pollensa\",\"isPartOf\":{\"@id\":\"https:\\\/\\\/blog.nordvillaspollensa.com\\\/#website\"},\"primaryImageOfPage\":{\"@id\":\"https:\\\/\\\/blog.nordvillaspollensa.com\\\/es\\\/fiestas-populares-en-pollensa\\\/#primaryimage\"},\"image\":{\"@id\":\"https:\\\/\\\/blog.nordvillaspollensa.com\\\/es\\\/fiestas-populares-en-pollensa\\\/#primaryimage\"},\"thumbnailUrl\":\"https:\\\/\\\/blog.nordvillaspollensa.com\\\/wp-content\\\/uploads\\\/2023\\\/05\\\/Mantenimiento-Post-Quintana-5.jpg\",\"datePublished\":\"2023-05-10T07:58:14+00:00\",\"dateModified\":\"2023-05-10T07:58:15+00:00\",\"author\":{\"@id\":\"https:\\\/\\\/blog.nordvillaspollensa.com\\\/#\\\/schema\\\/person\\\/bc98f3f935de2b7ef2d8b3e674c7861d\"},\"description\":\"Mallorca cuenta con eventos populares en sus pueblos durante todo el a\u00f1o. Hoy vamos a hablar de la fiesta m\u00e1s importante para los pollencins.\",\"breadcrumb\":{\"@id\":\"https:\\\/\\\/blog.nordvillaspollensa.com\\\/es\\\/fiestas-populares-en-pollensa\\\/#breadcrumb\"},\"inLanguage\":\"es\",\"potentialAction\":[{\"@type\":\"ReadAction\",\"target\":[\"https:\\\/\\\/blog.nordvillaspollensa.com\\\/es\\\/fiestas-populares-en-pollensa\\\/\"]}]},{\"@type\":\"ImageObject\",\"inLanguage\":\"es\",\"@id\":\"https:\\\/\\\/blog.nordvillaspollensa.com\\\/es\\\/fiestas-populares-en-pollensa\\\/#primaryimage\",\"url\":\"https:\\\/\\\/blog.nordvillaspollensa.com\\\/wp-content\\\/uploads\\\/2023\\\/05\\\/Mantenimiento-Post-Quintana-5.jpg\",\"contentUrl\":\"https:\\\/\\\/blog.nordvillaspollensa.com\\\/wp-content\\\/uploads\\\/2023\\\/05\\\/Mantenimiento-Post-Quintana-5.jpg\",\"width\":1080,\"height\":1080,\"caption\":\"Moros y Cristianos\"},{\"@type\":\"BreadcrumbList\",\"@id\":\"https:\\\/\\\/blog.nordvillaspollensa.com\\\/es\\\/fiestas-populares-en-pollensa\\\/#breadcrumb\",\"itemListElement\":[{\"@type\":\"ListItem\",\"position\":1,\"name\":\"Home\",\"item\":\"https:\\\/\\\/blog.nordvillaspollensa.com\\\/\"},{\"@type\":\"ListItem\",\"position\":2,\"name\":\"Fiestas populares en Pollensa\"}]},{\"@type\":\"WebSite\",\"@id\":\"https:\\\/\\\/blog.nordvillaspollensa.com\\\/#website\",\"url\":\"https:\\\/\\\/blog.nordvillaspollensa.com\\\/\",\"name\":\"Blog\",\"description\":\"\",\"potentialAction\":[{\"@type\":\"SearchAction\",\"target\":{\"@type\":\"EntryPoint\",\"urlTemplate\":\"https:\\\/\\\/blog.nordvillaspollensa.com\\\/?s={search_term_string}\"},\"query-input\":{\"@type\":\"PropertyValueSpecification\",\"valueRequired\":true,\"valueName\":\"search_term_string\"}}],\"inLanguage\":\"es\"},{\"@type\":\"Person\",\"@id\":\"https:\\\/\\\/blog.nordvillaspollensa.com\\\/#\\\/schema\\\/person\\\/bc98f3f935de2b7ef2d8b3e674c7861d\",\"name\":\"nordvillaspollensa\",\"image\":{\"@type\":\"ImageObject\",\"inLanguage\":\"es\",\"@id\":\"https:\\\/\\\/secure.gravatar.com\\\/avatar\\\/99197ff27043ec5d46dbc6d45891ee2769f2141cd226b537f17594ef60f82c55?s=96&d=mm&r=g\",\"url\":\"https:\\\/\\\/secure.gravatar.com\\\/avatar\\\/99197ff27043ec5d46dbc6d45891ee2769f2141cd226b537f17594ef60f82c55?s=96&d=mm&r=g\",\"contentUrl\":\"https:\\\/\\\/secure.gravatar.com\\\/avatar\\\/99197ff27043ec5d46dbc6d45891ee2769f2141cd226b537f17594ef60f82c55?s=96&d=mm&r=g\",\"caption\":\"nordvillaspollensa\"},\"url\":\"https:\\\/\\\/blog.nordvillaspollensa.com\\\/es\\\/author\\\/nordvillaspollensa\\\/\"}]}<\/script>\n<!-- \/ Yoast SEO plugin. -->","yoast_head_json":{"title":"Fiestas populares en Pollensa| Blog Nord Villas Pollensa","description":"Mallorca cuenta con eventos populares en sus pueblos durante todo el a\u00f1o. Hoy vamos a hablar de la fiesta m\u00e1s importante para los pollencins.","robots":{"index":"index","follow":"follow","max-snippet":"max-snippet:-1","max-image-preview":"max-image-preview:large","max-video-preview":"max-video-preview:-1"},"canonical":"https:\/\/blog.nordvillaspollensa.com\/es\/fiestas-populares-en-pollensa\/","og_locale":"es_ES","og_type":"article","og_title":"Fiestas populares en Pollensa| Blog Nord Villas Pollensa","og_description":"Mallorca cuenta con eventos populares en sus pueblos durante todo el a\u00f1o. Hoy vamos a hablar de la fiesta m\u00e1s importante para los pollencins.","og_url":"https:\/\/blog.nordvillaspollensa.com\/es\/fiestas-populares-en-pollensa\/","og_site_name":"Blog","article_published_time":"2023-05-10T07:58:14+00:00","article_modified_time":"2023-05-10T07:58:15+00:00","og_image":[{"width":1080,"height":1080,"url":"https:\/\/blog.nordvillaspollensa.com\/wp-content\/uploads\/2023\/05\/Mantenimiento-Post-Quintana-5.jpg","type":"image\/jpeg"}],"author":"nordvillaspollensa","twitter_card":"summary_large_image","twitter_misc":{"Escrito por":"nordvillaspollensa","Tiempo de lectura":"5 minutos"},"schema":{"@context":"https:\/\/schema.org","@graph":[{"@type":"Article","@id":"https:\/\/blog.nordvillaspollensa.com\/es\/fiestas-populares-en-pollensa\/#article","isPartOf":{"@id":"https:\/\/blog.nordvillaspollensa.com\/es\/fiestas-populares-en-pollensa\/"},"author":{"name":"nordvillaspollensa","@id":"https:\/\/blog.nordvillaspollensa.com\/#\/schema\/person\/bc98f3f935de2b7ef2d8b3e674c7861d"},"headline":"Fiestas populares en Pollensa","datePublished":"2023-05-10T07:58:14+00:00","dateModified":"2023-05-10T07:58:15+00:00","mainEntityOfPage":{"@id":"https:\/\/blog.nordvillaspollensa.com\/es\/fiestas-populares-en-pollensa\/"},"wordCount":990,"commentCount":0,"image":{"@id":"https:\/\/blog.nordvillaspollensa.com\/es\/fiestas-populares-en-pollensa\/#primaryimage"},"thumbnailUrl":"https:\/\/blog.nordvillaspollensa.com\/wp-content\/uploads\/2023\/05\/Mantenimiento-Post-Quintana-5.jpg","articleSection":["Sin categorizar"],"inLanguage":"es","potentialAction":[{"@type":"CommentAction","name":"Comment","target":["https:\/\/blog.nordvillaspollensa.com\/es\/fiestas-populares-en-pollensa\/#respond"]}]},{"@type":"WebPage","@id":"https:\/\/blog.nordvillaspollensa.com\/es\/fiestas-populares-en-pollensa\/","url":"https:\/\/blog.nordvillaspollensa.com\/es\/fiestas-populares-en-pollensa\/","name":"Fiestas populares en Pollensa| Blog Nord Villas Pollensa","isPartOf":{"@id":"https:\/\/blog.nordvillaspollensa.com\/#website"},"primaryImageOfPage":{"@id":"https:\/\/blog.nordvillaspollensa.com\/es\/fiestas-populares-en-pollensa\/#primaryimage"},"image":{"@id":"https:\/\/blog.nordvillaspollensa.com\/es\/fiestas-populares-en-pollensa\/#primaryimage"},"thumbnailUrl":"https:\/\/blog.nordvillaspollensa.com\/wp-content\/uploads\/2023\/05\/Mantenimiento-Post-Quintana-5.jpg","datePublished":"2023-05-10T07:58:14+00:00","dateModified":"2023-05-10T07:58:15+00:00","author":{"@id":"https:\/\/blog.nordvillaspollensa.com\/#\/schema\/person\/bc98f3f935de2b7ef2d8b3e674c7861d"},"description":"Mallorca cuenta con eventos populares en sus pueblos durante todo el a\u00f1o. Hoy vamos a hablar de la fiesta m\u00e1s importante para los pollencins.","breadcrumb":{"@id":"https:\/\/blog.nordvillaspollensa.com\/es\/fiestas-populares-en-pollensa\/#breadcrumb"},"inLanguage":"es","potentialAction":[{"@type":"ReadAction","target":["https:\/\/blog.nordvillaspollensa.com\/es\/fiestas-populares-en-pollensa\/"]}]},{"@type":"ImageObject","inLanguage":"es","@id":"https:\/\/blog.nordvillaspollensa.com\/es\/fiestas-populares-en-pollensa\/#primaryimage","url":"https:\/\/blog.nordvillaspollensa.com\/wp-content\/uploads\/2023\/05\/Mantenimiento-Post-Quintana-5.jpg","contentUrl":"https:\/\/blog.nordvillaspollensa.com\/wp-content\/uploads\/2023\/05\/Mantenimiento-Post-Quintana-5.jpg","width":1080,"height":1080,"caption":"Moros y Cristianos"},{"@type":"BreadcrumbList","@id":"https:\/\/blog.nordvillaspollensa.com\/es\/fiestas-populares-en-pollensa\/#breadcrumb","itemListElement":[{"@type":"ListItem","position":1,"name":"Home","item":"https:\/\/blog.nordvillaspollensa.com\/"},{"@type":"ListItem","position":2,"name":"Fiestas populares en Pollensa"}]},{"@type":"WebSite","@id":"https:\/\/blog.nordvillaspollensa.com\/#website","url":"https:\/\/blog.nordvillaspollensa.com\/","name":"Blog","description":"","potentialAction":[{"@type":"SearchAction","target":{"@type":"EntryPoint","urlTemplate":"https:\/\/blog.nordvillaspollensa.com\/?s={search_term_string}"},"query-input":{"@type":"PropertyValueSpecification","valueRequired":true,"valueName":"search_term_string"}}],"inLanguage":"es"},{"@type":"Person","@id":"https:\/\/blog.nordvillaspollensa.com\/#\/schema\/person\/bc98f3f935de2b7ef2d8b3e674c7861d","name":"nordvillaspollensa","image":{"@type":"ImageObject","inLanguage":"es","@id":"https:\/\/secure.gravatar.com\/avatar\/99197ff27043ec5d46dbc6d45891ee2769f2141cd226b537f17594ef60f82c55?s=96&d=mm&r=g","url":"https:\/\/secure.gravatar.com\/avatar\/99197ff27043ec5d46dbc6d45891ee2769f2141cd226b537f17594ef60f82c55?s=96&d=mm&r=g","contentUrl":"https:\/\/secure.gravatar.com\/avatar\/99197ff27043ec5d46dbc6d45891ee2769f2141cd226b537f17594ef60f82c55?s=96&d=mm&r=g","caption":"nordvillaspollensa"},"url":"https:\/\/blog.nordvillaspollensa.com\/es\/author\/nordvillaspollensa\/"}]}},"_links":{"self":[{"href":"https:\/\/blog.nordvillaspollensa.com\/es\/wp-json\/wp\/v2\/posts\/1165","targetHints":{"allow":["GET"]}}],"collection":[{"href":"https:\/\/blog.nordvillaspollensa.com\/es\/wp-json\/wp\/v2\/posts"}],"about":[{"href":"https:\/\/blog.nordvillaspollensa.com\/es\/wp-json\/wp\/v2\/types\/post"}],"author":[{"embeddable":true,"href":"https:\/\/blog.nordvillaspollensa.com\/es\/wp-json\/wp\/v2\/users\/2"}],"replies":[{"embeddable":true,"href":"https:\/\/blog.nordvillaspollensa.com\/es\/wp-json\/wp\/v2\/comments?post=1165"}],"version-history":[{"count":1,"href":"https:\/\/blog.nordvillaspollensa.com\/es\/wp-json\/wp\/v2\/posts\/1165\/revisions"}],"predecessor-version":[{"id":1178,"href":"https:\/\/blog.nordvillaspollensa.com\/es\/wp-json\/wp\/v2\/posts\/1165\/revisions\/1178"}],"wp:featuredmedia":[{"embeddable":true,"href":"https:\/\/blog.nordvillaspollensa.com\/es\/wp-json\/wp\/v2\/media\/1174"}],"wp:attachment":[{"href":"https:\/\/blog.nordvillaspollensa.com\/es\/wp-json\/wp\/v2\/media?parent=1165"}],"wp:term":[{"taxonomy":"category","embeddable":true,"href":"https:\/\/blog.nordvillaspollensa.com\/es\/wp-json\/wp\/v2\/categories?post=1165"},{"taxonomy":"post_tag","embeddable":true,"href":"https:\/\/blog.nordvillaspollensa.com\/es\/wp-json\/wp\/v2\/tags?post=1165"}],"curies":[{"name":"wp","href":"https:\/\/api.w.org\/{rel}","templated":true}]}}