{"id":1330,"date":"2024-01-11T09:24:07","date_gmt":"2024-01-11T09:24:07","guid":{"rendered":"https:\/\/blog.nordvillaspollensa.com\/?p=1330"},"modified":"2024-01-11T09:24:09","modified_gmt":"2024-01-11T09:24:09","slug":"borrador-automatico","status":"publish","type":"post","link":"https:\/\/blog.nordvillaspollensa.com\/es\/borrador-automatico\/","title":{"rendered":"Mallorca en diciembre"},"content":{"rendered":"\n<p>En el coraz\u00f3n del Mediterr\u00e1neo, <strong>Mallorca<\/strong> se transforma en un encantador refugio durante el mes de diciembre, ofreciendo a visitantes y residentes una experiencia \u00fanica y memorable. Contrario a la percepci\u00f3n com\u00fan, esta joya balear no se duerme en invierno; m\u00e1s bien, despierta con una energ\u00eda tranquila y festiva que hace de diciembre uno de los <strong>momentos m\u00e1s especiales <\/strong>para visitar la isla.<\/p>\n\n\n\n<p><strong>Mallorca en diciembre<\/strong> presenta un clima suave y agradable que invita a explorar la belleza natural de la isla sin el bullicio del verano. Las temperaturas moderadas permiten disfrutar de <strong>actividades al aire libre<\/strong>, desde paseos por la costa hasta<strong> excursiones <\/strong>por las pintorescas <strong>rutas de senderismo<\/strong> que revelan la aut\u00e9ntica esencia de Mallorca.<\/p>\n\n\n\n<p>Las<strong> festividades navide\u00f1as<\/strong> llenan las calles y plazas de Mallorca con una atm\u00f3sfera m\u00e1gica. Desde Palma hasta los pueblos m\u00e1s remotos, las luces brillantes y la decoraci\u00f3n festiva crean un ambiente c\u00e1lido y acogedor. Los mercadillos navide\u00f1os se multiplican, ofreciendo una variedad de productos locales, regalos \u00fanicos y delicias gastron\u00f3micas que capturan el esp\u00edritu de la temporada.<\/p>\n\n\n\n<p>Desde eventos culturales hasta experiencias gastron\u00f3micas, <strong>Mallorca en diciembre<\/strong> es un fest\u00edn de oportunidades. Los mercados de arte, conciertos y representaciones teatrales brindan opciones culturales vibrantes, mientras que los restaurantes locales ofrecen men\u00fas especiales que celebran los sabores aut\u00e9nticos de la isla.<\/p>\n\n\n\n<p>Tras un d\u00eda repleto de actividades, encontrar el lugar perfecto para descansar es esencial. Las fincas de <strong>Nord Villas Pollensa<\/strong> ofrecen m\u00e1s que un simple alojamiento; son santuarios de tranquilidad y lujo en medio del esplendor natural de Mallorca. Con comodidades excepcionales y una atenci\u00f3n personalizada, estas fincas se convierten en el hogar ideal para disfrutar de la serenidad de <strong>diciembre en Mallorca.<\/strong><\/p>\n\n\n\n<p>As\u00ed que, mientras diciembre pinta la isla con un manto festivo, Mallorca se revela como un destino imprescindible. Ya sea explorando la rica historia cultural, disfrutando de la cocina local o simplemente relaj\u00e1ndose en una finca encantadora, la isla ofrece una experiencia inolvidable en este mes m\u00e1gico. Ven a<strong> descubrir Mallorca<\/strong> que solo unos pocos privilegiados conocen en diciembre.<\/p>\n\n\n\n<h2 class=\"wp-block-heading\">Actividades en Mallorca<\/h2>\n\n\n\n<p>La isla, durante este mes, ofrece un abanico de oportunidades para todos los gustos. Sum\u00e9rgete con nosotros mientras enumeramos algunas de las <strong>actividades m\u00e1s interesantes <\/strong>que te esperan en <strong>Mallorca durante diciembre.<\/strong><\/p>\n\n\n\n<p>Sum\u00e9rgete en una experiencia \u00fanica al presenciar el <strong>Canto de la Sibila<\/strong>, una de las <strong>tradiciones m\u00e1s antiguas que Mallorca <\/strong>conserva con devoci\u00f3n en diciembre. Este canto gregoriano, entonado por la Sibila, una joven vestida con una t\u00fanica blanca, crea un ambiente m\u00e1gico que te transportar\u00e1 a tiempos pasados. Acompa\u00f1ada por dos ni\u00f1os peque\u00f1os y portando una espada, la Sibila recorre la iglesia, ofreciendo una representaci\u00f3n fascinante.<\/p>\n\n\n\n<p>La celebraci\u00f3n tiene lugar el 24 de diciembre y se lleva a cabo en pr\u00e1cticamente todas las iglesias de Mallorca, permiti\u00e9ndote sumergirte en la rica herencia cultural de la isla. Desde 2010,<strong> el Canto de la Sibila <\/strong>ha sido reconocido como <strong>Patrimonio Cultural Inmaterial <\/strong>de la <strong>Humanidad por la UNESCO<\/strong>, subrayando su importancia hist\u00f3rica y su contribuci\u00f3n \u00fanica al folclore mallorqu\u00edn. No pierdas la oportunidad de presenciar este evento extraordinario que, con sus ra\u00edces en la Edad Media, te brinda una conexi\u00f3n aut\u00e9ntica con la historia de Mallorca.<\/p>\n\n\n\n<p>Aprovecha el<strong> invierno de Mallorca <\/strong>y d\u00e9jate envolver por la magia de los <strong>Jardines de Alfabia<\/strong>, una joya bot\u00e1nica que se erige como uno de los tesoros m\u00e1s preciosos y reconocidos de la isla. Este enclave, declarado<strong> Patrimonio Mundial de la UNESCO<\/strong>, ofrece una experiencia \u00fanica en la que la belleza natural se entrelaza con la historia y la cultura.<\/p>\n\n\n\n<p>La naturaleza y la arquitectura se entremezclan, creando una experiencia que deleita los sentidos y transporta a los visitantes a \u00e9pocas pasadas. Sin duda, un <strong>plan perfecto<\/strong> para disfrutar de la tranquilidad y la belleza que<strong> Mallorca <\/strong>tiene para ofrecer durante la <strong>temporada invernal.<\/strong><\/p>\n\n\n\n<p>Si tienes la fortuna de presenciar la llegada de la <strong>nieve a Mallorca <\/strong>durante diciembre, no pierdas la oportunidad de disfrutar de uno de los planes m\u00e1s emblem\u00e1ticos de la temporada invernal. Aunque la isla es conocida por sus impresionantes playas en verano, los meses m\u00e1s fr\u00edos revelan una faceta sorprendente con paisajes que capturan la esencia de la estaci\u00f3n.<\/p>\n\n\n\n<p>Aunque la nieve cubriendo <strong>Palma <\/strong>es un espect\u00e1culo poco com\u00fan, la <strong>Sierra de Tramuntana<\/strong> se viste de blanco con m\u00e1s frecuencia, ofreciendo un escenario impresionante. No olvides capturar este fen\u00f3meno y v\u00edstete adecuadamente para el clima fresco.<\/p>\n\n\n\n<h2 class=\"wp-block-heading\">Nord Villas Pollensa<\/h2>\n\n\n\n<p>Despu\u00e9s de un d\u00eda repleto de exploraci\u00f3n por la isla y la emocionante participaci\u00f3n en diversas actividades, el descanso perfecto aguarda en nuestras exclusivas fincas de <strong>Nord Villas Pollensa<\/strong>. Sum\u00e9rgete en el confort y la serenidad de nuestros alojamientos, dise\u00f1ados para ofrecer una <strong>experiencia \u00fanica en Mallorca<\/strong>. Cada finca es un refugio acogedor donde podr\u00e1s <strong>relajarte, recargar energ\u00edas y compartir momentos especiales <\/strong>en un entorno excepcional. Despu\u00e9s de disfrutar de la riqueza cultural y natural de <strong>Mallorca, <\/strong>encontrar\u00e1s en nuestras fincas el complemento perfecto para una <strong>estancia inolvidable.<\/strong><\/p>\n","protected":false},"excerpt":{"rendered":"<p>En el coraz\u00f3n del Mediterr\u00e1neo, Mallorca se transforma en un encantador refugio durante el mes de diciembre, ofreciendo a visitantes&#8230;<\/p>\n","protected":false},"author":2,"featured_media":1331,"comment_status":"open","ping_status":"closed","sticky":false,"template":"","format":"standard","meta":{"footnotes":""},"categories":[3],"tags":[],"class_list":["post-1330","post","type-post","status-publish","format-standard","has-post-thumbnail","hentry","category-sin-categorizar"],"yoast_head":"<!-- This site is optimized with the Yoast SEO plugin v27.5 - https:\/\/yoast.com\/product\/yoast-seo-wordpress\/ -->\n<title>Mallorca en diciembre - Blog<\/title>\n<meta name=\"description\" content=\"Descubre todo lo que la isla de Mallorca en diciembre puede ofrecerte. Te lo contamos todo en el blog de Nord Villas Pollensa.\" \/>\n<meta name=\"robots\" content=\"index, follow, max-snippet:-1, max-image-preview:large, max-video-preview:-1\" \/>\n<link rel=\"canonical\" href=\"https:\/\/blog.nordvillaspollensa.com\/es\/borrador-automatico\/\" \/>\n<meta property=\"og:locale\" content=\"es_ES\" \/>\n<meta property=\"og:type\" content=\"article\" \/>\n<meta property=\"og:title\" content=\"Mallorca en diciembre - Blog\" \/>\n<meta property=\"og:description\" content=\"Descubre todo lo que la isla de Mallorca en diciembre puede ofrecerte. Te lo contamos todo en el blog de Nord Villas Pollensa.\" \/>\n<meta property=\"og:url\" content=\"https:\/\/blog.nordvillaspollensa.com\/es\/borrador-automatico\/\" \/>\n<meta property=\"og:site_name\" content=\"Blog\" \/>\n<meta property=\"article:published_time\" content=\"2024-01-11T09:24:07+00:00\" \/>\n<meta property=\"article:modified_time\" content=\"2024-01-11T09:24:09+00:00\" \/>\n<meta property=\"og:image\" content=\"https:\/\/blog.nordvillaspollensa.com\/wp-content\/uploads\/2024\/01\/Diseno-sin-titulo.jpg\" \/>\n\t<meta property=\"og:image:width\" content=\"940\" \/>\n\t<meta property=\"og:image:height\" content=\"788\" \/>\n\t<meta property=\"og:image:type\" content=\"image\/jpeg\" \/>\n<meta name=\"author\" content=\"nordvillaspollensa\" \/>\n<meta name=\"twitter:card\" content=\"summary_large_image\" \/>\n<meta name=\"twitter:label1\" content=\"Escrito por\" \/>\n\t<meta name=\"twitter:data1\" content=\"nordvillaspollensa\" \/>\n\t<meta name=\"twitter:label2\" content=\"Tiempo de lectura\" \/>\n\t<meta name=\"twitter:data2\" content=\"4 minutos\" \/>\n<script type=\"application\/ld+json\" class=\"yoast-schema-graph\">{\"@context\":\"https:\\\/\\\/schema.org\",\"@graph\":[{\"@type\":\"Article\",\"@id\":\"https:\\\/\\\/blog.nordvillaspollensa.com\\\/es\\\/borrador-automatico\\\/#article\",\"isPartOf\":{\"@id\":\"https:\\\/\\\/blog.nordvillaspollensa.com\\\/es\\\/borrador-automatico\\\/\"},\"author\":{\"name\":\"nordvillaspollensa\",\"@id\":\"https:\\\/\\\/blog.nordvillaspollensa.com\\\/#\\\/schema\\\/person\\\/bc98f3f935de2b7ef2d8b3e674c7861d\"},\"headline\":\"Mallorca en diciembre\",\"datePublished\":\"2024-01-11T09:24:07+00:00\",\"dateModified\":\"2024-01-11T09:24:09+00:00\",\"mainEntityOfPage\":{\"@id\":\"https:\\\/\\\/blog.nordvillaspollensa.com\\\/es\\\/borrador-automatico\\\/\"},\"wordCount\":890,\"commentCount\":0,\"image\":{\"@id\":\"https:\\\/\\\/blog.nordvillaspollensa.com\\\/es\\\/borrador-automatico\\\/#primaryimage\"},\"thumbnailUrl\":\"https:\\\/\\\/blog.nordvillaspollensa.com\\\/wp-content\\\/uploads\\\/2024\\\/01\\\/Diseno-sin-titulo.jpg\",\"articleSection\":[\"Sin categorizar\"],\"inLanguage\":\"es\",\"potentialAction\":[{\"@type\":\"CommentAction\",\"name\":\"Comment\",\"target\":[\"https:\\\/\\\/blog.nordvillaspollensa.com\\\/es\\\/borrador-automatico\\\/#respond\"]}]},{\"@type\":\"WebPage\",\"@id\":\"https:\\\/\\\/blog.nordvillaspollensa.com\\\/es\\\/borrador-automatico\\\/\",\"url\":\"https:\\\/\\\/blog.nordvillaspollensa.com\\\/es\\\/borrador-automatico\\\/\",\"name\":\"Mallorca en diciembre - Blog\",\"isPartOf\":{\"@id\":\"https:\\\/\\\/blog.nordvillaspollensa.com\\\/#website\"},\"primaryImageOfPage\":{\"@id\":\"https:\\\/\\\/blog.nordvillaspollensa.com\\\/es\\\/borrador-automatico\\\/#primaryimage\"},\"image\":{\"@id\":\"https:\\\/\\\/blog.nordvillaspollensa.com\\\/es\\\/borrador-automatico\\\/#primaryimage\"},\"thumbnailUrl\":\"https:\\\/\\\/blog.nordvillaspollensa.com\\\/wp-content\\\/uploads\\\/2024\\\/01\\\/Diseno-sin-titulo.jpg\",\"datePublished\":\"2024-01-11T09:24:07+00:00\",\"dateModified\":\"2024-01-11T09:24:09+00:00\",\"author\":{\"@id\":\"https:\\\/\\\/blog.nordvillaspollensa.com\\\/#\\\/schema\\\/person\\\/bc98f3f935de2b7ef2d8b3e674c7861d\"},\"description\":\"Descubre todo lo que la isla de Mallorca en diciembre puede ofrecerte. Te lo contamos todo en el blog de Nord Villas Pollensa.\",\"breadcrumb\":{\"@id\":\"https:\\\/\\\/blog.nordvillaspollensa.com\\\/es\\\/borrador-automatico\\\/#breadcrumb\"},\"inLanguage\":\"es\",\"potentialAction\":[{\"@type\":\"ReadAction\",\"target\":[\"https:\\\/\\\/blog.nordvillaspollensa.com\\\/es\\\/borrador-automatico\\\/\"]}]},{\"@type\":\"ImageObject\",\"inLanguage\":\"es\",\"@id\":\"https:\\\/\\\/blog.nordvillaspollensa.com\\\/es\\\/borrador-automatico\\\/#primaryimage\",\"url\":\"https:\\\/\\\/blog.nordvillaspollensa.com\\\/wp-content\\\/uploads\\\/2024\\\/01\\\/Diseno-sin-titulo.jpg\",\"contentUrl\":\"https:\\\/\\\/blog.nordvillaspollensa.com\\\/wp-content\\\/uploads\\\/2024\\\/01\\\/Diseno-sin-titulo.jpg\",\"width\":940,\"height\":788,\"caption\":\"Mallorca en diciembre\"},{\"@type\":\"BreadcrumbList\",\"@id\":\"https:\\\/\\\/blog.nordvillaspollensa.com\\\/es\\\/borrador-automatico\\\/#breadcrumb\",\"itemListElement\":[{\"@type\":\"ListItem\",\"position\":1,\"name\":\"Home\",\"item\":\"https:\\\/\\\/blog.nordvillaspollensa.com\\\/\"},{\"@type\":\"ListItem\",\"position\":2,\"name\":\"Mallorca en diciembre\"}]},{\"@type\":\"WebSite\",\"@id\":\"https:\\\/\\\/blog.nordvillaspollensa.com\\\/#website\",\"url\":\"https:\\\/\\\/blog.nordvillaspollensa.com\\\/\",\"name\":\"Blog\",\"description\":\"\",\"potentialAction\":[{\"@type\":\"SearchAction\",\"target\":{\"@type\":\"EntryPoint\",\"urlTemplate\":\"https:\\\/\\\/blog.nordvillaspollensa.com\\\/?s={search_term_string}\"},\"query-input\":{\"@type\":\"PropertyValueSpecification\",\"valueRequired\":true,\"valueName\":\"search_term_string\"}}],\"inLanguage\":\"es\"},{\"@type\":\"Person\",\"@id\":\"https:\\\/\\\/blog.nordvillaspollensa.com\\\/#\\\/schema\\\/person\\\/bc98f3f935de2b7ef2d8b3e674c7861d\",\"name\":\"nordvillaspollensa\",\"image\":{\"@type\":\"ImageObject\",\"inLanguage\":\"es\",\"@id\":\"https:\\\/\\\/secure.gravatar.com\\\/avatar\\\/99197ff27043ec5d46dbc6d45891ee2769f2141cd226b537f17594ef60f82c55?s=96&d=mm&r=g\",\"url\":\"https:\\\/\\\/secure.gravatar.com\\\/avatar\\\/99197ff27043ec5d46dbc6d45891ee2769f2141cd226b537f17594ef60f82c55?s=96&d=mm&r=g\",\"contentUrl\":\"https:\\\/\\\/secure.gravatar.com\\\/avatar\\\/99197ff27043ec5d46dbc6d45891ee2769f2141cd226b537f17594ef60f82c55?s=96&d=mm&r=g\",\"caption\":\"nordvillaspollensa\"},\"url\":\"https:\\\/\\\/blog.nordvillaspollensa.com\\\/es\\\/author\\\/nordvillaspollensa\\\/\"}]}<\/script>\n<!-- \/ Yoast SEO plugin. -->","yoast_head_json":{"title":"Mallorca en diciembre - Blog","description":"Descubre todo lo que la isla de Mallorca en diciembre puede ofrecerte. Te lo contamos todo en el blog de Nord Villas Pollensa.","robots":{"index":"index","follow":"follow","max-snippet":"max-snippet:-1","max-image-preview":"max-image-preview:large","max-video-preview":"max-video-preview:-1"},"canonical":"https:\/\/blog.nordvillaspollensa.com\/es\/borrador-automatico\/","og_locale":"es_ES","og_type":"article","og_title":"Mallorca en diciembre - Blog","og_description":"Descubre todo lo que la isla de Mallorca en diciembre puede ofrecerte. Te lo contamos todo en el blog de Nord Villas Pollensa.","og_url":"https:\/\/blog.nordvillaspollensa.com\/es\/borrador-automatico\/","og_site_name":"Blog","article_published_time":"2024-01-11T09:24:07+00:00","article_modified_time":"2024-01-11T09:24:09+00:00","og_image":[{"width":940,"height":788,"url":"https:\/\/blog.nordvillaspollensa.com\/wp-content\/uploads\/2024\/01\/Diseno-sin-titulo.jpg","type":"image\/jpeg"}],"author":"nordvillaspollensa","twitter_card":"summary_large_image","twitter_misc":{"Escrito por":"nordvillaspollensa","Tiempo de lectura":"4 minutos"},"schema":{"@context":"https:\/\/schema.org","@graph":[{"@type":"Article","@id":"https:\/\/blog.nordvillaspollensa.com\/es\/borrador-automatico\/#article","isPartOf":{"@id":"https:\/\/blog.nordvillaspollensa.com\/es\/borrador-automatico\/"},"author":{"name":"nordvillaspollensa","@id":"https:\/\/blog.nordvillaspollensa.com\/#\/schema\/person\/bc98f3f935de2b7ef2d8b3e674c7861d"},"headline":"Mallorca en diciembre","datePublished":"2024-01-11T09:24:07+00:00","dateModified":"2024-01-11T09:24:09+00:00","mainEntityOfPage":{"@id":"https:\/\/blog.nordvillaspollensa.com\/es\/borrador-automatico\/"},"wordCount":890,"commentCount":0,"image":{"@id":"https:\/\/blog.nordvillaspollensa.com\/es\/borrador-automatico\/#primaryimage"},"thumbnailUrl":"https:\/\/blog.nordvillaspollensa.com\/wp-content\/uploads\/2024\/01\/Diseno-sin-titulo.jpg","articleSection":["Sin categorizar"],"inLanguage":"es","potentialAction":[{"@type":"CommentAction","name":"Comment","target":["https:\/\/blog.nordvillaspollensa.com\/es\/borrador-automatico\/#respond"]}]},{"@type":"WebPage","@id":"https:\/\/blog.nordvillaspollensa.com\/es\/borrador-automatico\/","url":"https:\/\/blog.nordvillaspollensa.com\/es\/borrador-automatico\/","name":"Mallorca en diciembre - Blog","isPartOf":{"@id":"https:\/\/blog.nordvillaspollensa.com\/#website"},"primaryImageOfPage":{"@id":"https:\/\/blog.nordvillaspollensa.com\/es\/borrador-automatico\/#primaryimage"},"image":{"@id":"https:\/\/blog.nordvillaspollensa.com\/es\/borrador-automatico\/#primaryimage"},"thumbnailUrl":"https:\/\/blog.nordvillaspollensa.com\/wp-content\/uploads\/2024\/01\/Diseno-sin-titulo.jpg","datePublished":"2024-01-11T09:24:07+00:00","dateModified":"2024-01-11T09:24:09+00:00","author":{"@id":"https:\/\/blog.nordvillaspollensa.com\/#\/schema\/person\/bc98f3f935de2b7ef2d8b3e674c7861d"},"description":"Descubre todo lo que la isla de Mallorca en diciembre puede ofrecerte. Te lo contamos todo en el blog de Nord Villas Pollensa.","breadcrumb":{"@id":"https:\/\/blog.nordvillaspollensa.com\/es\/borrador-automatico\/#breadcrumb"},"inLanguage":"es","potentialAction":[{"@type":"ReadAction","target":["https:\/\/blog.nordvillaspollensa.com\/es\/borrador-automatico\/"]}]},{"@type":"ImageObject","inLanguage":"es","@id":"https:\/\/blog.nordvillaspollensa.com\/es\/borrador-automatico\/#primaryimage","url":"https:\/\/blog.nordvillaspollensa.com\/wp-content\/uploads\/2024\/01\/Diseno-sin-titulo.jpg","contentUrl":"https:\/\/blog.nordvillaspollensa.com\/wp-content\/uploads\/2024\/01\/Diseno-sin-titulo.jpg","width":940,"height":788,"caption":"Mallorca en diciembre"},{"@type":"BreadcrumbList","@id":"https:\/\/blog.nordvillaspollensa.com\/es\/borrador-automatico\/#breadcrumb","itemListElement":[{"@type":"ListItem","position":1,"name":"Home","item":"https:\/\/blog.nordvillaspollensa.com\/"},{"@type":"ListItem","position":2,"name":"Mallorca en diciembre"}]},{"@type":"WebSite","@id":"https:\/\/blog.nordvillaspollensa.com\/#website","url":"https:\/\/blog.nordvillaspollensa.com\/","name":"Blog","description":"","potentialAction":[{"@type":"SearchAction","target":{"@type":"EntryPoint","urlTemplate":"https:\/\/blog.nordvillaspollensa.com\/?s={search_term_string}"},"query-input":{"@type":"PropertyValueSpecification","valueRequired":true,"valueName":"search_term_string"}}],"inLanguage":"es"},{"@type":"Person","@id":"https:\/\/blog.nordvillaspollensa.com\/#\/schema\/person\/bc98f3f935de2b7ef2d8b3e674c7861d","name":"nordvillaspollensa","image":{"@type":"ImageObject","inLanguage":"es","@id":"https:\/\/secure.gravatar.com\/avatar\/99197ff27043ec5d46dbc6d45891ee2769f2141cd226b537f17594ef60f82c55?s=96&d=mm&r=g","url":"https:\/\/secure.gravatar.com\/avatar\/99197ff27043ec5d46dbc6d45891ee2769f2141cd226b537f17594ef60f82c55?s=96&d=mm&r=g","contentUrl":"https:\/\/secure.gravatar.com\/avatar\/99197ff27043ec5d46dbc6d45891ee2769f2141cd226b537f17594ef60f82c55?s=96&d=mm&r=g","caption":"nordvillaspollensa"},"url":"https:\/\/blog.nordvillaspollensa.com\/es\/author\/nordvillaspollensa\/"}]}},"_links":{"self":[{"href":"https:\/\/blog.nordvillaspollensa.com\/es\/wp-json\/wp\/v2\/posts\/1330","targetHints":{"allow":["GET"]}}],"collection":[{"href":"https:\/\/blog.nordvillaspollensa.com\/es\/wp-json\/wp\/v2\/posts"}],"about":[{"href":"https:\/\/blog.nordvillaspollensa.com\/es\/wp-json\/wp\/v2\/types\/post"}],"author":[{"embeddable":true,"href":"https:\/\/blog.nordvillaspollensa.com\/es\/wp-json\/wp\/v2\/users\/2"}],"replies":[{"embeddable":true,"href":"https:\/\/blog.nordvillaspollensa.com\/es\/wp-json\/wp\/v2\/comments?post=1330"}],"version-history":[{"count":1,"href":"https:\/\/blog.nordvillaspollensa.com\/es\/wp-json\/wp\/v2\/posts\/1330\/revisions"}],"predecessor-version":[{"id":1335,"href":"https:\/\/blog.nordvillaspollensa.com\/es\/wp-json\/wp\/v2\/posts\/1330\/revisions\/1335"}],"wp:featuredmedia":[{"embeddable":true,"href":"https:\/\/blog.nordvillaspollensa.com\/es\/wp-json\/wp\/v2\/media\/1331"}],"wp:attachment":[{"href":"https:\/\/blog.nordvillaspollensa.com\/es\/wp-json\/wp\/v2\/media?parent=1330"}],"wp:term":[{"taxonomy":"category","embeddable":true,"href":"https:\/\/blog.nordvillaspollensa.com\/es\/wp-json\/wp\/v2\/categories?post=1330"},{"taxonomy":"post_tag","embeddable":true,"href":"https:\/\/blog.nordvillaspollensa.com\/es\/wp-json\/wp\/v2\/tags?post=1330"}],"curies":[{"name":"wp","href":"https:\/\/api.w.org\/{rel}","templated":true}]}}