{"id":1337,"date":"2024-01-11T09:43:01","date_gmt":"2024-01-11T09:43:01","guid":{"rendered":"https:\/\/blog.nordvillaspollensa.com\/?p=1337"},"modified":"2024-01-11T09:43:02","modified_gmt":"2024-01-11T09:43:02","slug":"mallorca-en-navidad","status":"publish","type":"post","link":"https:\/\/blog.nordvillaspollensa.com\/es\/mallorca-en-navidad\/","title":{"rendered":"Mallorca en Navidad"},"content":{"rendered":"\n<p>Mallorca, conocida por sus playas paradis\u00edacas y su encanto mediterr\u00e1neo, se transforma en un escenario a\u00fan m\u00e1s cautivador durante la \u00e9poca navide\u00f1a. Las calles adoquinadas y plazas hist\u00f3ricas se llenan de luces deslumbrantes, aromas de delicias culinarias y la calidez caracter\u00edstica de las festividades. En este art\u00edculo, exploraremos la vibrante atm\u00f3sfera <strong>navide\u00f1a en Mallorca<\/strong> y por qu\u00e9 pasar estas vacaciones en familia se convierte en una experiencia \u00fanica. \u00bfY qu\u00e9 mejor manera de disfrutar de esta temporada especial que aloj\u00e1ndote en una encantadora finca de <strong>Nord Villas Pollensa<\/strong>?<\/p>\n\n\n\n<p>Las opciones de<strong> actividades durante la Navidad<\/strong> son tan variadas como encantadoras. Desde explorar los mercadillos navide\u00f1os hasta participar en tradiciones locales, la isla ofrece una experiencia festiva aut\u00e9ntica. Los <strong>mercadillos<\/strong> en Palma, S\u00f3ller y Alc\u00fadia son puntos destacados, donde encontrar\u00e1s regalos artesanales, decoraciones festivas y, por supuesto, el ambiente m\u00e1gico que define la temporada.<\/p>\n\n\n\n<p>La Navidad es, por excelencia, un momento para compartir con la familia, y <strong>Mallorca en Navidad<\/strong> brinda el escenario perfecto para hacerlo. Pasear por las calles iluminadas, disfrutar de actuaciones musicales y degustar los mejores dulces locales crean recuerdos inolvidables para todas las edades. Adem\u00e1s, muchos eventos y actividades est\u00e1n dise\u00f1ados pensando en la familia, desde espect\u00e1culos para ni\u00f1os hasta la oportunidad de conocer las tradiciones locales.<\/p>\n\n\n\n<p>Para complementar la experiencia navide\u00f1a, considera alojarte en una de las encantadoras fincas de<strong> Nord Villas Pollensa<\/strong>. Con una amplia selecci\u00f3n de propiedades que combinan comodidad y autenticidad, estas fincas ofrecen el refugio perfecto para disfrutar de la Navidad en un entorno tranquilo y privado. Desde acogedores interiores hasta amplios jardines, cada finca es \u00fanica, brindando a los hu\u00e9spedes la oportunidad de sumergirse por completo en el esp\u00edritu navide\u00f1o.<\/p>\n\n\n\n<h2 class=\"wp-block-heading\">Mercadillos de Navidad en Mallorca<\/h2>\n\n\n\n<p>En estas semanas previas a la Navidad, Mallorca se viste de luces y alegr\u00eda con sus encantadores mercadillos navide\u00f1os, convirti\u00e9ndose en una opci\u00f3n inigualable para disfrutar del esp\u00edritu festivo. Los <strong>mercadillos de Navidad en Mallorca<\/strong> han evolucionado para convertirse en uno de los planes m\u00e1s destacados durante la temporada navide\u00f1a en la isla.<\/p>\n\n\n\n<p>La oferta de mercadillos no se limita a Palma; se extiende por <strong>diferentes pueblos de Mallorca<\/strong>, brind\u00e1ndote la oportunidad de explorar diversas opciones. Encontrar\u00e1s una amplia gama de <strong>productos navide\u00f1os<\/strong>, ideas para la<strong> decoraci\u00f3n y regalos<\/strong>, as\u00ed como una variedad de art\u00edculos \u00fanicos en cada puesto.<\/p>\n\n\n\n<p>Todos los a\u00f1os, <strong>Pueblo Espa\u00f1ol<\/strong> lleva a cabo un <strong>mercadillo de navidad en diciembre<\/strong>. Este maravilloso espacio arquitect\u00f3nico situado en Palma representa los monumentos y las construcciones m\u00e1s famosas de Espa\u00f1a, por lo que sus calles y plazas ofrecen un entorno evocador para realizar este evento tan especial. Adem\u00e1s de actividades para ni\u00f1os y opciones de regalos y gastronom\u00eda.<\/p>\n\n\n\n<p>El encantador<strong> Christmas Market de Puerto Portals en Mallorca<\/strong> dar\u00e1 inicio el 14 de diciembre y se extender\u00e1 hasta el 6 de enero de 2024. Este vibrante evento contar\u00e1 con m\u00e1s de cuarenta acogedoras casetas de madera, donde los visitantes podr\u00e1n explorar una amplia variedad de art\u00edculos, desde decoraciones hasta juguetes de madera y complementos. La oferta gastron\u00f3mica ser\u00e1 igualmente impresionante, proporcionando una experiencia culinaria festiva.<\/p>\n\n\n\n<p>Adem\u00e1s de las compras y la deliciosa comida, el mercado tiene preparado un emocionante programa de actividades para toda la familia. Entre ellas, destaca la instalaci\u00f3n de una pista de patinaje que promete <strong>diversi\u00f3n y entretenimiento para todas las edades.<\/strong><\/p>\n\n\n\n<p>Estos <strong>mercados navide\u00f1os <\/strong>tienen su ra\u00edz en Europa, particularmente en naciones como Alemania, Austria y Francia. A medida que el tiempo ha pasado, su popularidad ha trascendido fronteras y se ha extendido a numerosas otras regiones alrededor del globo.<\/p>\n\n\n\n<p>El <strong>cl\u00e1sico mercadillo<\/strong> ben\u00e9fico organizado por la asociaci\u00f3n<strong> Es Refugi<\/strong>, dedicada a personas sin hogar, inaugura sus puertas, marcando el inicio de su trig\u00e9sima segunda edici\u00f3n.<\/p>\n\n\n\n<p>El <strong>\u00abMercadet de Nadal de Es Refugi\u00bb<\/strong> ofrecer\u00e1 una amplia variedad de productos, desde libros, muebles antiguos y vintage, hasta bisuter\u00eda, bolsos, ropa para adultos y ni\u00f1os, una boutique con prendas de marca, zapatos de reconocidas marcas mallorquinas, objetos de regalo y adornos navide\u00f1os, todo a precios muy atractivos.<\/p>\n\n\n\n<h2 class=\"wp-block-heading\">Nord Villas Pollensa<\/h2>\n\n\n\n<p>Despu\u00e9s de sumergirte en la animada atm\u00f3sfera de los <strong>mercadillos navide\u00f1os<\/strong>, te extendemos una c\u00e1lida invitaci\u00f3n a experimentar la serenidad y el descanso en nuestras cautivadoras fincas en <strong>Nord Villas Pollensa<\/strong>. Dise\u00f1adas con esmero, nuestras propiedades ofrecen un refugio exclusivo, donde la tranquilidad se fusiona con la privacidad, creando el escenario perfecto para disfrutar plenamente de la Navidad en un entorno genuinamente acogedor.<\/p>\n\n\n\n<p>En este rinc\u00f3n de <strong>Mallorca<\/strong>, cada finca es m\u00e1s que un lugar de alojamiento, lejos del bullicio cotidiano. Puedes esperar experimentar la magia de la temporada navide\u00f1a en un ambiente que combina elegancia con autenticidad.<br>Este 2023, permitirnos ser tu elecci\u00f3n para las<strong> vacaciones navide\u00f1as<\/strong>. Haz de<strong> Nord Villas Pollensa<\/strong> tu<strong> refugio navide\u00f1o<\/strong> y descubre la belleza tranquila de Mallorca durante esta temporada festiva.<\/p>\n","protected":false},"excerpt":{"rendered":"<p>Mallorca, conocida por sus playas paradis\u00edacas y su encanto mediterr\u00e1neo, se transforma en un escenario a\u00fan m\u00e1s cautivador durante la&#8230;<\/p>\n","protected":false},"author":2,"featured_media":1338,"comment_status":"open","ping_status":"closed","sticky":false,"template":"","format":"standard","meta":{"footnotes":""},"categories":[3],"tags":[],"class_list":["post-1337","post","type-post","status-publish","format-standard","has-post-thumbnail","hentry","category-sin-categorizar"],"yoast_head":"<!-- This site is optimized with the Yoast SEO plugin v27.5 - https:\/\/yoast.com\/product\/yoast-seo-wordpress\/ -->\n<title>Mallorca en Navidad - Blog<\/title>\n<meta name=\"description\" content=\"Descubre la lista sin fin de las actividades en Mallorca durante la \u00e9poca navide\u00f1a. \u00a1Te lo contamos todo en el Blog de Nord Villas Pollensa!\" \/>\n<meta name=\"robots\" content=\"index, follow, max-snippet:-1, max-image-preview:large, max-video-preview:-1\" \/>\n<link rel=\"canonical\" href=\"https:\/\/blog.nordvillaspollensa.com\/es\/mallorca-en-navidad\/\" \/>\n<meta property=\"og:locale\" content=\"es_ES\" \/>\n<meta property=\"og:type\" content=\"article\" \/>\n<meta property=\"og:title\" content=\"Mallorca en Navidad - Blog\" \/>\n<meta property=\"og:description\" content=\"Descubre la lista sin fin de las actividades en Mallorca durante la \u00e9poca navide\u00f1a. \u00a1Te lo contamos todo en el Blog de Nord Villas Pollensa!\" \/>\n<meta property=\"og:url\" content=\"https:\/\/blog.nordvillaspollensa.com\/es\/mallorca-en-navidad\/\" \/>\n<meta property=\"og:site_name\" content=\"Blog\" \/>\n<meta property=\"article:published_time\" content=\"2024-01-11T09:43:01+00:00\" \/>\n<meta property=\"article:modified_time\" content=\"2024-01-11T09:43:02+00:00\" \/>\n<meta property=\"og:image\" content=\"https:\/\/blog.nordvillaspollensa.com\/wp-content\/uploads\/2024\/01\/Diseno-sin-titulo-1.png\" \/>\n\t<meta property=\"og:image:width\" content=\"940\" \/>\n\t<meta property=\"og:image:height\" content=\"788\" \/>\n\t<meta property=\"og:image:type\" content=\"image\/png\" \/>\n<meta name=\"author\" content=\"nordvillaspollensa\" \/>\n<meta name=\"twitter:card\" content=\"summary_large_image\" \/>\n<meta name=\"twitter:label1\" content=\"Escrito por\" \/>\n\t<meta name=\"twitter:data1\" content=\"nordvillaspollensa\" \/>\n\t<meta name=\"twitter:label2\" content=\"Tiempo de lectura\" \/>\n\t<meta name=\"twitter:data2\" content=\"4 minutos\" \/>\n<script type=\"application\/ld+json\" class=\"yoast-schema-graph\">{\"@context\":\"https:\\\/\\\/schema.org\",\"@graph\":[{\"@type\":\"Article\",\"@id\":\"https:\\\/\\\/blog.nordvillaspollensa.com\\\/es\\\/mallorca-en-navidad\\\/#article\",\"isPartOf\":{\"@id\":\"https:\\\/\\\/blog.nordvillaspollensa.com\\\/es\\\/mallorca-en-navidad\\\/\"},\"author\":{\"name\":\"nordvillaspollensa\",\"@id\":\"https:\\\/\\\/blog.nordvillaspollensa.com\\\/#\\\/schema\\\/person\\\/bc98f3f935de2b7ef2d8b3e674c7861d\"},\"headline\":\"Mallorca en Navidad\",\"datePublished\":\"2024-01-11T09:43:01+00:00\",\"dateModified\":\"2024-01-11T09:43:02+00:00\",\"mainEntityOfPage\":{\"@id\":\"https:\\\/\\\/blog.nordvillaspollensa.com\\\/es\\\/mallorca-en-navidad\\\/\"},\"wordCount\":867,\"commentCount\":0,\"image\":{\"@id\":\"https:\\\/\\\/blog.nordvillaspollensa.com\\\/es\\\/mallorca-en-navidad\\\/#primaryimage\"},\"thumbnailUrl\":\"https:\\\/\\\/blog.nordvillaspollensa.com\\\/wp-content\\\/uploads\\\/2024\\\/01\\\/Diseno-sin-titulo-1.png\",\"articleSection\":[\"Sin categorizar\"],\"inLanguage\":\"es\",\"potentialAction\":[{\"@type\":\"CommentAction\",\"name\":\"Comment\",\"target\":[\"https:\\\/\\\/blog.nordvillaspollensa.com\\\/es\\\/mallorca-en-navidad\\\/#respond\"]}]},{\"@type\":\"WebPage\",\"@id\":\"https:\\\/\\\/blog.nordvillaspollensa.com\\\/es\\\/mallorca-en-navidad\\\/\",\"url\":\"https:\\\/\\\/blog.nordvillaspollensa.com\\\/es\\\/mallorca-en-navidad\\\/\",\"name\":\"Mallorca en Navidad - Blog\",\"isPartOf\":{\"@id\":\"https:\\\/\\\/blog.nordvillaspollensa.com\\\/#website\"},\"primaryImageOfPage\":{\"@id\":\"https:\\\/\\\/blog.nordvillaspollensa.com\\\/es\\\/mallorca-en-navidad\\\/#primaryimage\"},\"image\":{\"@id\":\"https:\\\/\\\/blog.nordvillaspollensa.com\\\/es\\\/mallorca-en-navidad\\\/#primaryimage\"},\"thumbnailUrl\":\"https:\\\/\\\/blog.nordvillaspollensa.com\\\/wp-content\\\/uploads\\\/2024\\\/01\\\/Diseno-sin-titulo-1.png\",\"datePublished\":\"2024-01-11T09:43:01+00:00\",\"dateModified\":\"2024-01-11T09:43:02+00:00\",\"author\":{\"@id\":\"https:\\\/\\\/blog.nordvillaspollensa.com\\\/#\\\/schema\\\/person\\\/bc98f3f935de2b7ef2d8b3e674c7861d\"},\"description\":\"Descubre la lista sin fin de las actividades en Mallorca durante la \u00e9poca navide\u00f1a. \u00a1Te lo contamos todo en el Blog de Nord Villas Pollensa!\",\"breadcrumb\":{\"@id\":\"https:\\\/\\\/blog.nordvillaspollensa.com\\\/es\\\/mallorca-en-navidad\\\/#breadcrumb\"},\"inLanguage\":\"es\",\"potentialAction\":[{\"@type\":\"ReadAction\",\"target\":[\"https:\\\/\\\/blog.nordvillaspollensa.com\\\/es\\\/mallorca-en-navidad\\\/\"]}]},{\"@type\":\"ImageObject\",\"inLanguage\":\"es\",\"@id\":\"https:\\\/\\\/blog.nordvillaspollensa.com\\\/es\\\/mallorca-en-navidad\\\/#primaryimage\",\"url\":\"https:\\\/\\\/blog.nordvillaspollensa.com\\\/wp-content\\\/uploads\\\/2024\\\/01\\\/Diseno-sin-titulo-1.png\",\"contentUrl\":\"https:\\\/\\\/blog.nordvillaspollensa.com\\\/wp-content\\\/uploads\\\/2024\\\/01\\\/Diseno-sin-titulo-1.png\",\"width\":940,\"height\":788},{\"@type\":\"BreadcrumbList\",\"@id\":\"https:\\\/\\\/blog.nordvillaspollensa.com\\\/es\\\/mallorca-en-navidad\\\/#breadcrumb\",\"itemListElement\":[{\"@type\":\"ListItem\",\"position\":1,\"name\":\"Home\",\"item\":\"https:\\\/\\\/blog.nordvillaspollensa.com\\\/\"},{\"@type\":\"ListItem\",\"position\":2,\"name\":\"Mallorca en Navidad\"}]},{\"@type\":\"WebSite\",\"@id\":\"https:\\\/\\\/blog.nordvillaspollensa.com\\\/#website\",\"url\":\"https:\\\/\\\/blog.nordvillaspollensa.com\\\/\",\"name\":\"Blog\",\"description\":\"\",\"potentialAction\":[{\"@type\":\"SearchAction\",\"target\":{\"@type\":\"EntryPoint\",\"urlTemplate\":\"https:\\\/\\\/blog.nordvillaspollensa.com\\\/?s={search_term_string}\"},\"query-input\":{\"@type\":\"PropertyValueSpecification\",\"valueRequired\":true,\"valueName\":\"search_term_string\"}}],\"inLanguage\":\"es\"},{\"@type\":\"Person\",\"@id\":\"https:\\\/\\\/blog.nordvillaspollensa.com\\\/#\\\/schema\\\/person\\\/bc98f3f935de2b7ef2d8b3e674c7861d\",\"name\":\"nordvillaspollensa\",\"image\":{\"@type\":\"ImageObject\",\"inLanguage\":\"es\",\"@id\":\"https:\\\/\\\/secure.gravatar.com\\\/avatar\\\/99197ff27043ec5d46dbc6d45891ee2769f2141cd226b537f17594ef60f82c55?s=96&d=mm&r=g\",\"url\":\"https:\\\/\\\/secure.gravatar.com\\\/avatar\\\/99197ff27043ec5d46dbc6d45891ee2769f2141cd226b537f17594ef60f82c55?s=96&d=mm&r=g\",\"contentUrl\":\"https:\\\/\\\/secure.gravatar.com\\\/avatar\\\/99197ff27043ec5d46dbc6d45891ee2769f2141cd226b537f17594ef60f82c55?s=96&d=mm&r=g\",\"caption\":\"nordvillaspollensa\"},\"url\":\"https:\\\/\\\/blog.nordvillaspollensa.com\\\/es\\\/author\\\/nordvillaspollensa\\\/\"}]}<\/script>\n<!-- \/ Yoast SEO plugin. -->","yoast_head_json":{"title":"Mallorca en Navidad - Blog","description":"Descubre la lista sin fin de las actividades en Mallorca durante la \u00e9poca navide\u00f1a. \u00a1Te lo contamos todo en el Blog de Nord Villas Pollensa!","robots":{"index":"index","follow":"follow","max-snippet":"max-snippet:-1","max-image-preview":"max-image-preview:large","max-video-preview":"max-video-preview:-1"},"canonical":"https:\/\/blog.nordvillaspollensa.com\/es\/mallorca-en-navidad\/","og_locale":"es_ES","og_type":"article","og_title":"Mallorca en Navidad - Blog","og_description":"Descubre la lista sin fin de las actividades en Mallorca durante la \u00e9poca navide\u00f1a. \u00a1Te lo contamos todo en el Blog de Nord Villas Pollensa!","og_url":"https:\/\/blog.nordvillaspollensa.com\/es\/mallorca-en-navidad\/","og_site_name":"Blog","article_published_time":"2024-01-11T09:43:01+00:00","article_modified_time":"2024-01-11T09:43:02+00:00","og_image":[{"width":940,"height":788,"url":"https:\/\/blog.nordvillaspollensa.com\/wp-content\/uploads\/2024\/01\/Diseno-sin-titulo-1.png","type":"image\/png"}],"author":"nordvillaspollensa","twitter_card":"summary_large_image","twitter_misc":{"Escrito por":"nordvillaspollensa","Tiempo de lectura":"4 minutos"},"schema":{"@context":"https:\/\/schema.org","@graph":[{"@type":"Article","@id":"https:\/\/blog.nordvillaspollensa.com\/es\/mallorca-en-navidad\/#article","isPartOf":{"@id":"https:\/\/blog.nordvillaspollensa.com\/es\/mallorca-en-navidad\/"},"author":{"name":"nordvillaspollensa","@id":"https:\/\/blog.nordvillaspollensa.com\/#\/schema\/person\/bc98f3f935de2b7ef2d8b3e674c7861d"},"headline":"Mallorca en Navidad","datePublished":"2024-01-11T09:43:01+00:00","dateModified":"2024-01-11T09:43:02+00:00","mainEntityOfPage":{"@id":"https:\/\/blog.nordvillaspollensa.com\/es\/mallorca-en-navidad\/"},"wordCount":867,"commentCount":0,"image":{"@id":"https:\/\/blog.nordvillaspollensa.com\/es\/mallorca-en-navidad\/#primaryimage"},"thumbnailUrl":"https:\/\/blog.nordvillaspollensa.com\/wp-content\/uploads\/2024\/01\/Diseno-sin-titulo-1.png","articleSection":["Sin categorizar"],"inLanguage":"es","potentialAction":[{"@type":"CommentAction","name":"Comment","target":["https:\/\/blog.nordvillaspollensa.com\/es\/mallorca-en-navidad\/#respond"]}]},{"@type":"WebPage","@id":"https:\/\/blog.nordvillaspollensa.com\/es\/mallorca-en-navidad\/","url":"https:\/\/blog.nordvillaspollensa.com\/es\/mallorca-en-navidad\/","name":"Mallorca en Navidad - Blog","isPartOf":{"@id":"https:\/\/blog.nordvillaspollensa.com\/#website"},"primaryImageOfPage":{"@id":"https:\/\/blog.nordvillaspollensa.com\/es\/mallorca-en-navidad\/#primaryimage"},"image":{"@id":"https:\/\/blog.nordvillaspollensa.com\/es\/mallorca-en-navidad\/#primaryimage"},"thumbnailUrl":"https:\/\/blog.nordvillaspollensa.com\/wp-content\/uploads\/2024\/01\/Diseno-sin-titulo-1.png","datePublished":"2024-01-11T09:43:01+00:00","dateModified":"2024-01-11T09:43:02+00:00","author":{"@id":"https:\/\/blog.nordvillaspollensa.com\/#\/schema\/person\/bc98f3f935de2b7ef2d8b3e674c7861d"},"description":"Descubre la lista sin fin de las actividades en Mallorca durante la \u00e9poca navide\u00f1a. \u00a1Te lo contamos todo en el Blog de Nord Villas Pollensa!","breadcrumb":{"@id":"https:\/\/blog.nordvillaspollensa.com\/es\/mallorca-en-navidad\/#breadcrumb"},"inLanguage":"es","potentialAction":[{"@type":"ReadAction","target":["https:\/\/blog.nordvillaspollensa.com\/es\/mallorca-en-navidad\/"]}]},{"@type":"ImageObject","inLanguage":"es","@id":"https:\/\/blog.nordvillaspollensa.com\/es\/mallorca-en-navidad\/#primaryimage","url":"https:\/\/blog.nordvillaspollensa.com\/wp-content\/uploads\/2024\/01\/Diseno-sin-titulo-1.png","contentUrl":"https:\/\/blog.nordvillaspollensa.com\/wp-content\/uploads\/2024\/01\/Diseno-sin-titulo-1.png","width":940,"height":788},{"@type":"BreadcrumbList","@id":"https:\/\/blog.nordvillaspollensa.com\/es\/mallorca-en-navidad\/#breadcrumb","itemListElement":[{"@type":"ListItem","position":1,"name":"Home","item":"https:\/\/blog.nordvillaspollensa.com\/"},{"@type":"ListItem","position":2,"name":"Mallorca en Navidad"}]},{"@type":"WebSite","@id":"https:\/\/blog.nordvillaspollensa.com\/#website","url":"https:\/\/blog.nordvillaspollensa.com\/","name":"Blog","description":"","potentialAction":[{"@type":"SearchAction","target":{"@type":"EntryPoint","urlTemplate":"https:\/\/blog.nordvillaspollensa.com\/?s={search_term_string}"},"query-input":{"@type":"PropertyValueSpecification","valueRequired":true,"valueName":"search_term_string"}}],"inLanguage":"es"},{"@type":"Person","@id":"https:\/\/blog.nordvillaspollensa.com\/#\/schema\/person\/bc98f3f935de2b7ef2d8b3e674c7861d","name":"nordvillaspollensa","image":{"@type":"ImageObject","inLanguage":"es","@id":"https:\/\/secure.gravatar.com\/avatar\/99197ff27043ec5d46dbc6d45891ee2769f2141cd226b537f17594ef60f82c55?s=96&d=mm&r=g","url":"https:\/\/secure.gravatar.com\/avatar\/99197ff27043ec5d46dbc6d45891ee2769f2141cd226b537f17594ef60f82c55?s=96&d=mm&r=g","contentUrl":"https:\/\/secure.gravatar.com\/avatar\/99197ff27043ec5d46dbc6d45891ee2769f2141cd226b537f17594ef60f82c55?s=96&d=mm&r=g","caption":"nordvillaspollensa"},"url":"https:\/\/blog.nordvillaspollensa.com\/es\/author\/nordvillaspollensa\/"}]}},"_links":{"self":[{"href":"https:\/\/blog.nordvillaspollensa.com\/es\/wp-json\/wp\/v2\/posts\/1337","targetHints":{"allow":["GET"]}}],"collection":[{"href":"https:\/\/blog.nordvillaspollensa.com\/es\/wp-json\/wp\/v2\/posts"}],"about":[{"href":"https:\/\/blog.nordvillaspollensa.com\/es\/wp-json\/wp\/v2\/types\/post"}],"author":[{"embeddable":true,"href":"https:\/\/blog.nordvillaspollensa.com\/es\/wp-json\/wp\/v2\/users\/2"}],"replies":[{"embeddable":true,"href":"https:\/\/blog.nordvillaspollensa.com\/es\/wp-json\/wp\/v2\/comments?post=1337"}],"version-history":[{"count":1,"href":"https:\/\/blog.nordvillaspollensa.com\/es\/wp-json\/wp\/v2\/posts\/1337\/revisions"}],"predecessor-version":[{"id":1342,"href":"https:\/\/blog.nordvillaspollensa.com\/es\/wp-json\/wp\/v2\/posts\/1337\/revisions\/1342"}],"wp:featuredmedia":[{"embeddable":true,"href":"https:\/\/blog.nordvillaspollensa.com\/es\/wp-json\/wp\/v2\/media\/1338"}],"wp:attachment":[{"href":"https:\/\/blog.nordvillaspollensa.com\/es\/wp-json\/wp\/v2\/media?parent=1337"}],"wp:term":[{"taxonomy":"category","embeddable":true,"href":"https:\/\/blog.nordvillaspollensa.com\/es\/wp-json\/wp\/v2\/categories?post=1337"},{"taxonomy":"post_tag","embeddable":true,"href":"https:\/\/blog.nordvillaspollensa.com\/es\/wp-json\/wp\/v2\/tags?post=1337"}],"curies":[{"name":"wp","href":"https:\/\/api.w.org\/{rel}","templated":true}]}}