{"id":1571,"date":"2024-11-22T18:01:00","date_gmt":"2024-11-22T18:01:00","guid":{"rendered":"https:\/\/blog.nordvillaspollensa.com\/?p=1571"},"modified":"2024-11-28T18:03:56","modified_gmt":"2024-11-28T18:03:56","slug":"que-ver-en-mallorca-en-3-dias","status":"publish","type":"post","link":"https:\/\/blog.nordvillaspollensa.com\/es\/que-ver-en-mallorca-en-3-dias\/","title":{"rendered":"Qu\u00e9 ver en Mallorca en 3 d\u00edas"},"content":{"rendered":"\n<p>Mallorca es un destino ideal para explorar en tres d\u00edas. Aunque parezca poco tiempo, si organizas bien tu itinerario podr\u00e1s disfrutar de sus playas, pueblos pintorescos y maravillas naturales sin perderte lo esencial. Si a\u00fan no sabes muy bien c\u00f3mo organizar tu viaje y <strong>qu\u00e9 ver en Mallorca en 3 d\u00edas<\/strong>, \u00a1aqu\u00ed te lo contamos!<\/p>\n\n\n\n<p>Desde el centro de Palma hasta los encantadores paisajes de la Sierra de Tramuntana y las impresionantes cuevas de la isla, hay mucho por ver y descubrir.<\/p>\n\n\n\n<p>Aqu\u00ed te mostramos c\u00f3mo aprovechar cada d\u00eda al m\u00e1ximo para vivir una experiencia completa y <strong>qu\u00e9 ver en Mallorca en 3 d\u00edas<\/strong><\/p>\n\n\n\n<p>Comienza tu recorrido en Palma, el coraz\u00f3n cultural y social de la isla. Lugares ic\u00f3nicos como la<strong> Catedral de Mallorca <\/strong>no pueden faltar en tu itinerario. Esta maravilla g\u00f3tica, ubicada junto al mar, ofrece impresionantes vitrales y detalles arquitect\u00f3nicos que reflejan siglos de historia.<\/p>\n\n\n\n<p>A unos minutos, el <strong>Palacio Real de la Almudaina<\/strong> se alza como otro punto de visita obligado; desde sus jardines y terrazas tienes vistas impresionantes de la bah\u00eda.<\/p>\n\n\n\n<p>Aprovecha para recorrer el <strong>Paseo del Born<\/strong>, una avenida bordeada de tiendas boutique, ideal para disfrutar de la atm\u00f3sfera local.<\/p>\n\n\n\n<p>Palma es conocida tambi\u00e9n por su gastronom\u00eda, por lo que te sugerimos detenerte en el barrio de <strong>Santa Catalina<\/strong>, donde encontrar\u00e1s restaurantes y bares de tapas para probar sabores mallorquines.<\/p>\n\n\n\n<p>Al finalizar el d\u00eda, puedes relajarte en una de nuestras villas, donde tendr\u00e1s la tranquilidad y el espacio que necesitas para descansar y recargar energ\u00edas para el d\u00eda siguiente.<br><br>Para el segundo d\u00eda, la <strong>Sierra de Tramuntana<\/strong>, ofrece paisajes impresionantes, ideales para amantes de la naturaleza y la fotograf\u00eda. Inicia en el pintoresco pueblo de Valldemossa, famoso por su arquitectura de piedra.<\/p>\n\n\n\n<p>Un paseo por sus calles empedradas te transportar\u00e1 a otra \u00e9poca, y sus vistas de la monta\u00f1a te dejar\u00e1n sin palabras.<\/p>\n\n\n\n<p>Despu\u00e9s de <strong>Valldemossa<\/strong>, dir\u00edgete hacia <strong>Dei\u00e0<\/strong>. Este lugar tiene un encanto especial gracias a su fusi\u00f3n de monta\u00f1as y costa, y la playa cerca de Dei\u00e0 es perfecta para refrescarte en un entorno rodeado de naturaleza.<\/p>\n\n\n\n<p>Si buscas un lugar c\u00f3modo para finalizar el d\u00eda, nuestras villas son la elecci\u00f3n ideal, ya que te ofrecen un ambiente hogare\u00f1o y un espacio donde podr\u00e1s desconectar y compartir en familia o con amigos.<\/p>\n\n\n\n<p>Un imprescindible que no te debes perder es <strong>Pollensa<\/strong>, el&nbsp; lugar perfecto para disfrutar de un d\u00eda lleno de encanto durante tu estancia en Mallorca. Comienza tu recorrido en el centro hist\u00f3rico, explorando las callejuelas empedradas y la Plaza Mayor, donde encontrar\u00e1s cafeter\u00edas y tiendas con productos locales.<\/p>\n\n\n\n<p>Desde all\u00ed, dir\u00edgete hacia el <strong>Calvario<\/strong>, una de las atracciones m\u00e1s emblem\u00e1ticas del pueblo. Sube los 365 escalones hasta la cima para disfrutar de una vista impresionante de Pollensa y sus alrededores; es un lugar ideal para tomar fotograf\u00edas y apreciar la tranquilidad de la zona.<\/p>\n\n\n\n<p>Si visitas Pollensa durante un domingo, tienes la oportunidad de explorar su popular mercado semanal. En la plaza y sus alrededores, encontrar\u00e1s una amplia variedad de productos frescos, artesan\u00edas, y delicias t\u00edpicas de la isla.<\/p>\n\n\n\n<p>Para terminar el d\u00eda, una visita a las cercanas playas de <strong>Cala San Vicente<\/strong> o el <strong>Puerto de Pollensa<\/strong> es una cosa que no puedes perderte. Estas playas de arena dorada y aguas cristalinas est\u00e1n a poca distancia y son perfectas para relajarte despu\u00e9s de explorar el pueblo.<\/p>\n\n\n\n<p>Al final del d\u00eda, una de nuestras villas en <strong>Nord Villas Pollensa<\/strong> te ofrece un espacio c\u00f3modo y acogedor para descansar y disfrutar de una estancia relajada en familia.<\/p>\n\n\n\n<p>Para el \u00faltimo d\u00eda, te recomendamos explorar las famosas <strong>Cuevas del Drach y Cuevas dels Hams<\/strong>. Estas impresionantes formaciones geol\u00f3gicas est\u00e1n ubicadas cerca de Porto Cristo, en la costa este de Mallorca, y ofrecen un espect\u00e1culo de estalactitas y estalagmitas, adem\u00e1s de conciertos de m\u00fasica cl\u00e1sica en el lago subterr\u00e1neo de las Cuevas del Drach. Es una experiencia \u00fanica que te sumergir\u00e1 en un mundo de maravillas naturales.<\/p>\n\n\n\n<p>Despu\u00e9s de visitar las cuevas, rel\u00e1jate en las playas cercanas, como Cala Varques o Cala Rom\u00e1ntica, donde podr\u00e1s disfrutar de unas vistas preciosas.<\/p>\n\n\n\n<p>Estas calas ofrecen un ambiente tranquilo para disfrutar del sol mediterr\u00e1neo en todo su esplendor. Y, por supuesto, siempre es agradable terminar tu recorrido con una deliciosa comida en uno de los restaurantes locales, probando especialidades como el tumbet mallorqu\u00edn.<\/p>\n\n\n\n<p>Al regresar a tu alojamiento, nuestras villas te ofrecer\u00e1n la comodidad que necesitas para descansar antes de finalizar tu viaje.<\/p>\n\n\n\n<h2 class=\"wp-block-heading\"><strong>Nord Villas Pollensa<\/strong><\/h2>\n\n\n\n<p>Sea lo que sea que elijas hacer durante tus d\u00edas en Mallorca, el alojamiento perfecto lo encontrar\u00e1s en una de nuestras villas. No lo decimos solo nosotros, sino todos los que, a\u00f1o tras a\u00f1o, regresan porque disfrutan de la comodidad y privacidad de su propio hogar en la isla.<\/p>\n\n\n\n<p>Si buscas un espacio donde descansar y sentirte como en casa mientras exploras Mallorca, en <strong>Nord Villas Pollensa<\/strong> estamos listos para hacer de tus vacaciones una experiencia inolvidable. \u00a1Te esperamos!<\/p>\n","protected":false},"excerpt":{"rendered":"<p>Mallorca es un destino ideal para explorar en tres d\u00edas. Aunque parezca poco tiempo, si organizas bien tu itinerario podr\u00e1s&#8230;<\/p>\n","protected":false},"author":2,"featured_media":1572,"comment_status":"open","ping_status":"closed","sticky":false,"template":"","format":"standard","meta":{"footnotes":""},"categories":[3],"tags":[],"class_list":["post-1571","post","type-post","status-publish","format-standard","has-post-thumbnail","hentry","category-sin-categorizar"],"yoast_head":"<!-- This site is optimized with the Yoast SEO plugin v27.5 - https:\/\/yoast.com\/product\/yoast-seo-wordpress\/ -->\n<title>Qu\u00e9 ver en Mallorca en 3 d\u00edas - Blog<\/title>\n<meta name=\"description\" content=\"Si a\u00fan no sabes muy bien c\u00f3mo organizar tu viaje y qu\u00e9 ver en Palma de Mallorca en 3 d\u00edas, \u00a1aqu\u00ed te lo contamos!\" \/>\n<meta name=\"robots\" content=\"index, follow, max-snippet:-1, max-image-preview:large, max-video-preview:-1\" \/>\n<link rel=\"canonical\" href=\"https:\/\/blog.nordvillaspollensa.com\/es\/que-ver-en-mallorca-en-3-dias\/\" \/>\n<meta property=\"og:locale\" content=\"es_ES\" \/>\n<meta property=\"og:type\" content=\"article\" \/>\n<meta property=\"og:title\" content=\"Qu\u00e9 ver en Mallorca en 3 d\u00edas - Blog\" \/>\n<meta property=\"og:description\" content=\"Si a\u00fan no sabes muy bien c\u00f3mo organizar tu viaje y qu\u00e9 ver en Palma de Mallorca en 3 d\u00edas, \u00a1aqu\u00ed te lo contamos!\" \/>\n<meta property=\"og:url\" content=\"https:\/\/blog.nordvillaspollensa.com\/es\/que-ver-en-mallorca-en-3-dias\/\" \/>\n<meta property=\"og:site_name\" content=\"Blog\" \/>\n<meta property=\"article:published_time\" content=\"2024-11-22T18:01:00+00:00\" \/>\n<meta property=\"article:modified_time\" content=\"2024-11-28T18:03:56+00:00\" \/>\n<meta property=\"og:image\" content=\"https:\/\/blog.nordvillaspollensa.com\/wp-content\/uploads\/2024\/11\/BEBIDAS-APPER-2024-11-28T185816.652.png\" \/>\n\t<meta property=\"og:image:width\" content=\"670\" \/>\n\t<meta property=\"og:image:height\" content=\"380\" \/>\n\t<meta property=\"og:image:type\" content=\"image\/png\" \/>\n<meta name=\"author\" content=\"nordvillaspollensa\" \/>\n<meta name=\"twitter:card\" content=\"summary_large_image\" \/>\n<meta name=\"twitter:label1\" content=\"Escrito por\" \/>\n\t<meta name=\"twitter:data1\" content=\"nordvillaspollensa\" \/>\n\t<meta name=\"twitter:label2\" content=\"Tiempo de lectura\" \/>\n\t<meta name=\"twitter:data2\" content=\"4 minutos\" \/>\n<script type=\"application\/ld+json\" class=\"yoast-schema-graph\">{\"@context\":\"https:\\\/\\\/schema.org\",\"@graph\":[{\"@type\":\"Article\",\"@id\":\"https:\\\/\\\/blog.nordvillaspollensa.com\\\/es\\\/que-ver-en-mallorca-en-3-dias\\\/#article\",\"isPartOf\":{\"@id\":\"https:\\\/\\\/blog.nordvillaspollensa.com\\\/es\\\/que-ver-en-mallorca-en-3-dias\\\/\"},\"author\":{\"name\":\"nordvillaspollensa\",\"@id\":\"https:\\\/\\\/blog.nordvillaspollensa.com\\\/#\\\/schema\\\/person\\\/bc98f3f935de2b7ef2d8b3e674c7861d\"},\"headline\":\"Qu\u00e9 ver en Mallorca en 3 d\u00edas\",\"datePublished\":\"2024-11-22T18:01:00+00:00\",\"dateModified\":\"2024-11-28T18:03:56+00:00\",\"mainEntityOfPage\":{\"@id\":\"https:\\\/\\\/blog.nordvillaspollensa.com\\\/es\\\/que-ver-en-mallorca-en-3-dias\\\/\"},\"wordCount\":894,\"commentCount\":0,\"image\":{\"@id\":\"https:\\\/\\\/blog.nordvillaspollensa.com\\\/es\\\/que-ver-en-mallorca-en-3-dias\\\/#primaryimage\"},\"thumbnailUrl\":\"https:\\\/\\\/blog.nordvillaspollensa.com\\\/wp-content\\\/uploads\\\/2024\\\/11\\\/BEBIDAS-APPER-2024-11-28T185816.652.png\",\"articleSection\":[\"Sin categorizar\"],\"inLanguage\":\"es\",\"potentialAction\":[{\"@type\":\"CommentAction\",\"name\":\"Comment\",\"target\":[\"https:\\\/\\\/blog.nordvillaspollensa.com\\\/es\\\/que-ver-en-mallorca-en-3-dias\\\/#respond\"]}]},{\"@type\":\"WebPage\",\"@id\":\"https:\\\/\\\/blog.nordvillaspollensa.com\\\/es\\\/que-ver-en-mallorca-en-3-dias\\\/\",\"url\":\"https:\\\/\\\/blog.nordvillaspollensa.com\\\/es\\\/que-ver-en-mallorca-en-3-dias\\\/\",\"name\":\"Qu\u00e9 ver en Mallorca en 3 d\u00edas - Blog\",\"isPartOf\":{\"@id\":\"https:\\\/\\\/blog.nordvillaspollensa.com\\\/#website\"},\"primaryImageOfPage\":{\"@id\":\"https:\\\/\\\/blog.nordvillaspollensa.com\\\/es\\\/que-ver-en-mallorca-en-3-dias\\\/#primaryimage\"},\"image\":{\"@id\":\"https:\\\/\\\/blog.nordvillaspollensa.com\\\/es\\\/que-ver-en-mallorca-en-3-dias\\\/#primaryimage\"},\"thumbnailUrl\":\"https:\\\/\\\/blog.nordvillaspollensa.com\\\/wp-content\\\/uploads\\\/2024\\\/11\\\/BEBIDAS-APPER-2024-11-28T185816.652.png\",\"datePublished\":\"2024-11-22T18:01:00+00:00\",\"dateModified\":\"2024-11-28T18:03:56+00:00\",\"author\":{\"@id\":\"https:\\\/\\\/blog.nordvillaspollensa.com\\\/#\\\/schema\\\/person\\\/bc98f3f935de2b7ef2d8b3e674c7861d\"},\"description\":\"Si a\u00fan no sabes muy bien c\u00f3mo organizar tu viaje y qu\u00e9 ver en Palma de Mallorca en 3 d\u00edas, \u00a1aqu\u00ed te lo contamos!\",\"breadcrumb\":{\"@id\":\"https:\\\/\\\/blog.nordvillaspollensa.com\\\/es\\\/que-ver-en-mallorca-en-3-dias\\\/#breadcrumb\"},\"inLanguage\":\"es\",\"potentialAction\":[{\"@type\":\"ReadAction\",\"target\":[\"https:\\\/\\\/blog.nordvillaspollensa.com\\\/es\\\/que-ver-en-mallorca-en-3-dias\\\/\"]}]},{\"@type\":\"ImageObject\",\"inLanguage\":\"es\",\"@id\":\"https:\\\/\\\/blog.nordvillaspollensa.com\\\/es\\\/que-ver-en-mallorca-en-3-dias\\\/#primaryimage\",\"url\":\"https:\\\/\\\/blog.nordvillaspollensa.com\\\/wp-content\\\/uploads\\\/2024\\\/11\\\/BEBIDAS-APPER-2024-11-28T185816.652.png\",\"contentUrl\":\"https:\\\/\\\/blog.nordvillaspollensa.com\\\/wp-content\\\/uploads\\\/2024\\\/11\\\/BEBIDAS-APPER-2024-11-28T185816.652.png\",\"width\":670,\"height\":380},{\"@type\":\"BreadcrumbList\",\"@id\":\"https:\\\/\\\/blog.nordvillaspollensa.com\\\/es\\\/que-ver-en-mallorca-en-3-dias\\\/#breadcrumb\",\"itemListElement\":[{\"@type\":\"ListItem\",\"position\":1,\"name\":\"Home\",\"item\":\"https:\\\/\\\/blog.nordvillaspollensa.com\\\/\"},{\"@type\":\"ListItem\",\"position\":2,\"name\":\"Qu\u00e9 ver en Mallorca en 3 d\u00edas\"}]},{\"@type\":\"WebSite\",\"@id\":\"https:\\\/\\\/blog.nordvillaspollensa.com\\\/#website\",\"url\":\"https:\\\/\\\/blog.nordvillaspollensa.com\\\/\",\"name\":\"Blog\",\"description\":\"\",\"potentialAction\":[{\"@type\":\"SearchAction\",\"target\":{\"@type\":\"EntryPoint\",\"urlTemplate\":\"https:\\\/\\\/blog.nordvillaspollensa.com\\\/?s={search_term_string}\"},\"query-input\":{\"@type\":\"PropertyValueSpecification\",\"valueRequired\":true,\"valueName\":\"search_term_string\"}}],\"inLanguage\":\"es\"},{\"@type\":\"Person\",\"@id\":\"https:\\\/\\\/blog.nordvillaspollensa.com\\\/#\\\/schema\\\/person\\\/bc98f3f935de2b7ef2d8b3e674c7861d\",\"name\":\"nordvillaspollensa\",\"image\":{\"@type\":\"ImageObject\",\"inLanguage\":\"es\",\"@id\":\"https:\\\/\\\/secure.gravatar.com\\\/avatar\\\/99197ff27043ec5d46dbc6d45891ee2769f2141cd226b537f17594ef60f82c55?s=96&d=mm&r=g\",\"url\":\"https:\\\/\\\/secure.gravatar.com\\\/avatar\\\/99197ff27043ec5d46dbc6d45891ee2769f2141cd226b537f17594ef60f82c55?s=96&d=mm&r=g\",\"contentUrl\":\"https:\\\/\\\/secure.gravatar.com\\\/avatar\\\/99197ff27043ec5d46dbc6d45891ee2769f2141cd226b537f17594ef60f82c55?s=96&d=mm&r=g\",\"caption\":\"nordvillaspollensa\"},\"url\":\"https:\\\/\\\/blog.nordvillaspollensa.com\\\/es\\\/author\\\/nordvillaspollensa\\\/\"}]}<\/script>\n<!-- \/ Yoast SEO plugin. -->","yoast_head_json":{"title":"Qu\u00e9 ver en Mallorca en 3 d\u00edas - Blog","description":"Si a\u00fan no sabes muy bien c\u00f3mo organizar tu viaje y qu\u00e9 ver en Palma de Mallorca en 3 d\u00edas, \u00a1aqu\u00ed te lo contamos!","robots":{"index":"index","follow":"follow","max-snippet":"max-snippet:-1","max-image-preview":"max-image-preview:large","max-video-preview":"max-video-preview:-1"},"canonical":"https:\/\/blog.nordvillaspollensa.com\/es\/que-ver-en-mallorca-en-3-dias\/","og_locale":"es_ES","og_type":"article","og_title":"Qu\u00e9 ver en Mallorca en 3 d\u00edas - Blog","og_description":"Si a\u00fan no sabes muy bien c\u00f3mo organizar tu viaje y qu\u00e9 ver en Palma de Mallorca en 3 d\u00edas, \u00a1aqu\u00ed te lo contamos!","og_url":"https:\/\/blog.nordvillaspollensa.com\/es\/que-ver-en-mallorca-en-3-dias\/","og_site_name":"Blog","article_published_time":"2024-11-22T18:01:00+00:00","article_modified_time":"2024-11-28T18:03:56+00:00","og_image":[{"width":670,"height":380,"url":"https:\/\/blog.nordvillaspollensa.com\/wp-content\/uploads\/2024\/11\/BEBIDAS-APPER-2024-11-28T185816.652.png","type":"image\/png"}],"author":"nordvillaspollensa","twitter_card":"summary_large_image","twitter_misc":{"Escrito por":"nordvillaspollensa","Tiempo de lectura":"4 minutos"},"schema":{"@context":"https:\/\/schema.org","@graph":[{"@type":"Article","@id":"https:\/\/blog.nordvillaspollensa.com\/es\/que-ver-en-mallorca-en-3-dias\/#article","isPartOf":{"@id":"https:\/\/blog.nordvillaspollensa.com\/es\/que-ver-en-mallorca-en-3-dias\/"},"author":{"name":"nordvillaspollensa","@id":"https:\/\/blog.nordvillaspollensa.com\/#\/schema\/person\/bc98f3f935de2b7ef2d8b3e674c7861d"},"headline":"Qu\u00e9 ver en Mallorca en 3 d\u00edas","datePublished":"2024-11-22T18:01:00+00:00","dateModified":"2024-11-28T18:03:56+00:00","mainEntityOfPage":{"@id":"https:\/\/blog.nordvillaspollensa.com\/es\/que-ver-en-mallorca-en-3-dias\/"},"wordCount":894,"commentCount":0,"image":{"@id":"https:\/\/blog.nordvillaspollensa.com\/es\/que-ver-en-mallorca-en-3-dias\/#primaryimage"},"thumbnailUrl":"https:\/\/blog.nordvillaspollensa.com\/wp-content\/uploads\/2024\/11\/BEBIDAS-APPER-2024-11-28T185816.652.png","articleSection":["Sin categorizar"],"inLanguage":"es","potentialAction":[{"@type":"CommentAction","name":"Comment","target":["https:\/\/blog.nordvillaspollensa.com\/es\/que-ver-en-mallorca-en-3-dias\/#respond"]}]},{"@type":"WebPage","@id":"https:\/\/blog.nordvillaspollensa.com\/es\/que-ver-en-mallorca-en-3-dias\/","url":"https:\/\/blog.nordvillaspollensa.com\/es\/que-ver-en-mallorca-en-3-dias\/","name":"Qu\u00e9 ver en Mallorca en 3 d\u00edas - Blog","isPartOf":{"@id":"https:\/\/blog.nordvillaspollensa.com\/#website"},"primaryImageOfPage":{"@id":"https:\/\/blog.nordvillaspollensa.com\/es\/que-ver-en-mallorca-en-3-dias\/#primaryimage"},"image":{"@id":"https:\/\/blog.nordvillaspollensa.com\/es\/que-ver-en-mallorca-en-3-dias\/#primaryimage"},"thumbnailUrl":"https:\/\/blog.nordvillaspollensa.com\/wp-content\/uploads\/2024\/11\/BEBIDAS-APPER-2024-11-28T185816.652.png","datePublished":"2024-11-22T18:01:00+00:00","dateModified":"2024-11-28T18:03:56+00:00","author":{"@id":"https:\/\/blog.nordvillaspollensa.com\/#\/schema\/person\/bc98f3f935de2b7ef2d8b3e674c7861d"},"description":"Si a\u00fan no sabes muy bien c\u00f3mo organizar tu viaje y qu\u00e9 ver en Palma de Mallorca en 3 d\u00edas, \u00a1aqu\u00ed te lo contamos!","breadcrumb":{"@id":"https:\/\/blog.nordvillaspollensa.com\/es\/que-ver-en-mallorca-en-3-dias\/#breadcrumb"},"inLanguage":"es","potentialAction":[{"@type":"ReadAction","target":["https:\/\/blog.nordvillaspollensa.com\/es\/que-ver-en-mallorca-en-3-dias\/"]}]},{"@type":"ImageObject","inLanguage":"es","@id":"https:\/\/blog.nordvillaspollensa.com\/es\/que-ver-en-mallorca-en-3-dias\/#primaryimage","url":"https:\/\/blog.nordvillaspollensa.com\/wp-content\/uploads\/2024\/11\/BEBIDAS-APPER-2024-11-28T185816.652.png","contentUrl":"https:\/\/blog.nordvillaspollensa.com\/wp-content\/uploads\/2024\/11\/BEBIDAS-APPER-2024-11-28T185816.652.png","width":670,"height":380},{"@type":"BreadcrumbList","@id":"https:\/\/blog.nordvillaspollensa.com\/es\/que-ver-en-mallorca-en-3-dias\/#breadcrumb","itemListElement":[{"@type":"ListItem","position":1,"name":"Home","item":"https:\/\/blog.nordvillaspollensa.com\/"},{"@type":"ListItem","position":2,"name":"Qu\u00e9 ver en Mallorca en 3 d\u00edas"}]},{"@type":"WebSite","@id":"https:\/\/blog.nordvillaspollensa.com\/#website","url":"https:\/\/blog.nordvillaspollensa.com\/","name":"Blog","description":"","potentialAction":[{"@type":"SearchAction","target":{"@type":"EntryPoint","urlTemplate":"https:\/\/blog.nordvillaspollensa.com\/?s={search_term_string}"},"query-input":{"@type":"PropertyValueSpecification","valueRequired":true,"valueName":"search_term_string"}}],"inLanguage":"es"},{"@type":"Person","@id":"https:\/\/blog.nordvillaspollensa.com\/#\/schema\/person\/bc98f3f935de2b7ef2d8b3e674c7861d","name":"nordvillaspollensa","image":{"@type":"ImageObject","inLanguage":"es","@id":"https:\/\/secure.gravatar.com\/avatar\/99197ff27043ec5d46dbc6d45891ee2769f2141cd226b537f17594ef60f82c55?s=96&d=mm&r=g","url":"https:\/\/secure.gravatar.com\/avatar\/99197ff27043ec5d46dbc6d45891ee2769f2141cd226b537f17594ef60f82c55?s=96&d=mm&r=g","contentUrl":"https:\/\/secure.gravatar.com\/avatar\/99197ff27043ec5d46dbc6d45891ee2769f2141cd226b537f17594ef60f82c55?s=96&d=mm&r=g","caption":"nordvillaspollensa"},"url":"https:\/\/blog.nordvillaspollensa.com\/es\/author\/nordvillaspollensa\/"}]}},"_links":{"self":[{"href":"https:\/\/blog.nordvillaspollensa.com\/es\/wp-json\/wp\/v2\/posts\/1571","targetHints":{"allow":["GET"]}}],"collection":[{"href":"https:\/\/blog.nordvillaspollensa.com\/es\/wp-json\/wp\/v2\/posts"}],"about":[{"href":"https:\/\/blog.nordvillaspollensa.com\/es\/wp-json\/wp\/v2\/types\/post"}],"author":[{"embeddable":true,"href":"https:\/\/blog.nordvillaspollensa.com\/es\/wp-json\/wp\/v2\/users\/2"}],"replies":[{"embeddable":true,"href":"https:\/\/blog.nordvillaspollensa.com\/es\/wp-json\/wp\/v2\/comments?post=1571"}],"version-history":[{"count":1,"href":"https:\/\/blog.nordvillaspollensa.com\/es\/wp-json\/wp\/v2\/posts\/1571\/revisions"}],"predecessor-version":[{"id":1576,"href":"https:\/\/blog.nordvillaspollensa.com\/es\/wp-json\/wp\/v2\/posts\/1571\/revisions\/1576"}],"wp:featuredmedia":[{"embeddable":true,"href":"https:\/\/blog.nordvillaspollensa.com\/es\/wp-json\/wp\/v2\/media\/1572"}],"wp:attachment":[{"href":"https:\/\/blog.nordvillaspollensa.com\/es\/wp-json\/wp\/v2\/media?parent=1571"}],"wp:term":[{"taxonomy":"category","embeddable":true,"href":"https:\/\/blog.nordvillaspollensa.com\/es\/wp-json\/wp\/v2\/categories?post=1571"},{"taxonomy":"post_tag","embeddable":true,"href":"https:\/\/blog.nordvillaspollensa.com\/es\/wp-json\/wp\/v2\/tags?post=1571"}],"curies":[{"name":"wp","href":"https:\/\/api.w.org\/{rel}","templated":true}]}}