{"id":922,"date":"2022-07-29T10:15:52","date_gmt":"2022-07-29T10:15:52","guid":{"rendered":"https:\/\/blog.nordvillaspollensa.com\/?p=922"},"modified":"2022-07-29T10:15:53","modified_gmt":"2022-07-29T10:15:53","slug":"alquiler-vacacional-mallorca","status":"publish","type":"post","link":"https:\/\/blog.nordvillaspollensa.com\/es\/alquiler-vacacional-mallorca\/","title":{"rendered":"Alquiler vacacional Mallorca"},"content":{"rendered":"\n<p>Una de las mejores opciones donde alojarte en la isla, es una casa de <strong>alquiler vacacional Mallorca<\/strong>. Esta opci\u00f3n es ideal si durante tus vacaciones buscas privacidad, tranquilidad y tiempo con los tuyos.&nbsp;<\/p>\n\n\n\n<p>Elegir esta opci\u00f3n es perfecta para tener libertad de horarios y todo tipo de comodidades a todas horas. Te permitir\u00e1 <strong>conocer Mallorca <\/strong>de una forma totalmente diferente e ideal para que tus vacaciones sean inolvidables.&nbsp;<\/p>\n\n\n\n<p>No existe una estaci\u00f3n del a\u00f1o mejor que otra para <strong>visitar Mallorca<\/strong>. Dependiendo de la estaci\u00f3n del a\u00f1o podr\u00e1s hacer unas actividades u otras, eso s\u00ed, siempre disfrutando del <strong>buen tiempo de Mallorca<\/strong> y de todos sus diferentes escenarios.&nbsp;<\/p>\n\n\n\n<p>Por todo ello, si est\u00e1s pensando en <strong>viajar a Mallorca<\/strong>, no dudes en elegir el <strong>alquiler vacacional Mallorca <\/strong>y de esta manera asegurarte de que tus vacaciones sean inolvidables, tranquilas y repletas de momentos inolvidables.&nbsp;<\/p>\n\n\n\n<h2 class=\"wp-block-heading\"><strong>Mallorca<\/strong><\/h2>\n\n\n\n<p><strong>Mallorca <\/strong>es la mayor de las <strong>islas Baleares<\/strong>. De clima mediterr\u00e1neo y conocida por sus paradis\u00edacas playas, es el destino de vacaciones de much\u00edsimas personas cada a\u00f1o. Adem\u00e1s, cuenta con todo tipo de lugares para visitar y much\u00edsimas actividades para hacer.&nbsp;<\/p>\n\n\n\n<p>Una de las cosas que no te puedes perder durante tu <strong>estancia en Mallorca <\/strong>son los diferentes pueblos de la isla. Desde pueblos costeros como <strong>Santany\u00ed<\/strong>, a preciosos <strong>pueblos ubicados en la Serra de Tramuntana<\/strong> como <strong>Fornalutx <\/strong>o <strong>Valldemossa<\/strong>.&nbsp;<\/p>\n\n\n\n<p>Adem\u00e1s, en todos ellos, durante todo el a\u00f1o, se llevan a cabo mercados que te permitir\u00e1n conocer los <strong>productos artesanales m\u00e1s conocidos de Mallorca<\/strong>. En los <strong>mercados de Mallorca<\/strong>, tambi\u00e9n podr\u00e1s encontrar productos de Km0 de agricultores y ganaderos de la zona.&nbsp;<\/p>\n\n\n\n<p>Esto es solo una parte de lo que tienes que<strong> visitar en Mallorca<\/strong>. Tambi\u00e9n podr\u00e1s disfrutar de la <strong>Serra de Tramuntana<\/strong>, declarada como patrimonio mundial de la UNESCO desde 2011. Est\u00e1 clasificada con este t\u00edtulo gracias al paisaje cultural que tiene y que el hombre ha ido trabajando a lo largo de los a\u00f1os.<\/p>\n\n\n\n<h2 class=\"wp-block-heading\"><strong>Vacaciones en Mallorca<\/strong><\/h2>\n\n\n\n<p>Si buscas pasar unas vacaciones inolvidables, <strong>Mallorca<\/strong> es el lugar para ello. Cuenta con todo tipo de lugares donde descansar, pero tambi\u00e9n con todo tipo de actividades para hacer. Esto es una de las cosas m\u00e1s atrae a los <strong>visitantes de Mallorca<\/strong> cada a\u00f1o.&nbsp;<\/p>\n\n\n\n<p>En la \u00e9poca de oto\u00f1o y primavera, por ejemplo, la gente viene a<strong> Mallorca <\/strong>a disfrutar de excursiones, de ciclismo y de todo tipo de excursiones. Aprovechando el buen tiempo y las c\u00e1lidas temperaturas, son perfectas para realizar excursiones sin pasar excesivo calor. Adem\u00e1s, en estas temporadas tambi\u00e9n es posible darse ba\u00f1os en las<strong> cristalinas aguas de Mallorca.&nbsp;<\/strong><\/p>\n\n\n\n<p>En cambio, el <strong>verano en Mallorca<\/strong> est\u00e1 ideado para relajarte en la playa y refrescarte en el mar. Las temperaturas suben en esta \u00e9poca del a\u00f1o y el calor aprieta, es por ello por lo que relajarte en las <strong>paradis\u00edacas playas de Mallorca<\/strong> sea todo lo que quieras hacer.&nbsp;<\/p>\n\n\n\n<p>Pero todas las estaciones del a\u00f1o tienen algo en com\u00fan, y son todos aquellos rincones que tienes que visitar durante tus <strong>vacaciones en Mallorca<\/strong>. Por ejemplo, conocer <strong>Palma de Mallorca<\/strong> y sus monumentos hist\u00f3ricos, como la catedral, es algo que no te puedes perder si <strong>viajas a Mallorca<\/strong>, da igual la estaci\u00f3n del a\u00f1o que sea.&nbsp;<\/p>\n\n\n\n<h2 class=\"wp-block-heading\"><strong>Alquilar casas en Mallorca<\/strong><\/h2>\n\n\n\n<p><strong>Alquilar casas en Mallorca<\/strong> cada vez est\u00e1 m\u00e1s demandado. \u00bfLa raz\u00f3n? Todas las ventajas que te da tener tu propio espacio durante tus <strong>vacaciones en Mallorca<\/strong>. El <strong>alquiler vacacional Mallorca<\/strong> es algo que, desde hace a\u00f1os, va en aumento y se demanda mucho m\u00e1s.&nbsp;<\/p>\n\n\n\n<p>La opci\u00f3n de <strong>alquilar casas en Mallorca<\/strong> te permite tener un espacio \u00fanico para ti, en el lugar exacto que t\u00fa quieras y con las comodidades que t\u00fa busques. Sin duda es la opci\u00f3n perfecta si viajas con un grupo de amigos, con familia o con tu pareja, y no quieres que nadie te moleste.&nbsp;<\/p>\n\n\n\n<p>Pero hay que elegir bien la casa para que todo salga bien, por eso, es necesario dejarte asesorar por gente que conozca el mercado y en la que puedas confiar sin problemas. Un ejemplo de ello es <strong>Nord Villas Pollensa<\/strong>.&nbsp;<\/p>\n\n\n\n<p>Situados y especializados en el norte de Mallorca, conocen todos los detalles que una casa tiene que tener para que se adecue a cada persona y cada grupo que recurre a ellos para el <strong>alquiler vacacional Mallorca <\/strong>de villas y fincas.&nbsp;<\/p>\n\n\n\n<h2 class=\"wp-block-heading\"><strong>Villas en Pollensa<\/strong><\/h2>\n\n\n\n<p><strong><a href=\"https:\/\/www.nordvillaspollensa.com\/\">Nord Villas Pollensa<\/a><\/strong> oferta<strong> villas en Pollensa <\/strong>en las que podr\u00e1s descansar y disfrutar del buen<strong> tiempo en Mallorca<\/strong>. Pollensa est\u00e1 situado en el <strong>norte de Mallorca<\/strong> y cuenta con todo tipo de ambientes y zonas.\u00a0<\/p>\n\n\n\n<p>En <strong>Pollensa<\/strong> podr\u00e1s disfrutar de la <strong>Serra de Tramuntana<\/strong>, pero tambi\u00e9n de la costa y sus preciosas playas. Un claro ejemplo de la uni\u00f3n de estos dos paisajes es la <strong>playa del Coll Baix<\/strong>. En ella disfrutar\u00e1s de una playa virgen de piedra pero rodeada de acantilados y repleta de vegetaci\u00f3n.&nbsp;<\/p>\n\n\n\n<p>Pero <strong>Pollensa<\/strong> tambi\u00e9n tiene un casco antiguo precioso. Uno de los lugares que no te puedes perder son los<strong> 365 escalones del calvario de Pollensa<\/strong>. Tras subirlos y descubrir la <strong>historia de Pollensa<\/strong>, disfrutar\u00e1s de unas vistas incre\u00edbles de la <strong>bah\u00eda de Pollensa.&nbsp;&nbsp;<\/strong><\/p>\n\n\n\n<p>Por \u00faltimo, queremos recomendarte el <strong>puerto de Pollensa.<\/strong> Este tranquilo pueblo costero es el lugar ideal donde pasar unas vacaciones inolvidables. Cuenta con preciosas playas y un paseo mar\u00edtimo repleto de ambiente, restaurantes y cocteler\u00edas.&nbsp;<\/p>\n\n\n\n<h2 class=\"wp-block-heading\"><strong>Nord Villas Pollensa<\/strong><\/h2>\n\n\n\n<p>Como hemos comentado antes,<strong> Nord Villas Pollensa<\/strong> es el lugar ideal para alquilar una <strong>villa en Mallorca<\/strong>. Contamos con todo tipo de villas y fincas donde disfrutar de unas vacaciones \u00fanicas e inolvidables.&nbsp;<\/p>\n\n\n\n<p>Adem\u00e1s, en <strong>Nord Villas Pollensa<\/strong> cuenta con servicios extra que har\u00e1n que tus vacaciones sean perfectas. Podr\u00e1s tener servicio transfer, taxis o alquiler de coches para asegurarte poder moverte sin problemas por <strong>Mallorca.&nbsp;<\/strong><\/p>\n\n\n\n<p>Pero eso no es todo, podr\u00e1s alquilar barcos para conocer <strong>mejor la costa de Mallorca<\/strong> o realizar excursiones en kayak para llegar a todos los <strong>recovecos de Mallorca<\/strong>. Y para descansar y relajarte al m\u00e1ximo, tambi\u00e9n podr\u00e1s elegir nuestro servicio de masajes a domicilio para que todo sea perfecto.&nbsp;<\/p>\n\n\n\n<p>\u00bfQu\u00e9 te parece la idea? Si buscas <strong>alquiler vacacional en Mallorca <\/strong>\u00a1cont\u00e1ctanos!<\/p>\n","protected":false},"excerpt":{"rendered":"<p>Una de las mejores opciones donde alojarte en la isla, es una casa de alquiler vacacional Mallorca. Esta opci\u00f3n es&#8230;<\/p>\n","protected":false},"author":2,"featured_media":923,"comment_status":"open","ping_status":"closed","sticky":false,"template":"","format":"standard","meta":{"footnotes":""},"categories":[3],"tags":[],"class_list":["post-922","post","type-post","status-publish","format-standard","has-post-thumbnail","hentry","category-sin-categorizar"],"yoast_head":"<!-- This site is optimized with the Yoast SEO plugin v27.5 - https:\/\/yoast.com\/product\/yoast-seo-wordpress\/ -->\n<title>Alquiler vacacional Mallorca - Blog<\/title>\n<meta name=\"description\" content=\"Una de las mejores opciones donde alojarte en la isla, es una casa de alquiler vacacional Mallorca. \u00a1Te esperamos!\" \/>\n<meta name=\"robots\" content=\"index, follow, max-snippet:-1, max-image-preview:large, max-video-preview:-1\" \/>\n<link rel=\"canonical\" href=\"https:\/\/blog.nordvillaspollensa.com\/es\/alquiler-vacacional-mallorca\/\" \/>\n<meta property=\"og:locale\" content=\"es_ES\" \/>\n<meta property=\"og:type\" content=\"article\" \/>\n<meta property=\"og:title\" content=\"Alquiler vacacional Mallorca - Blog\" \/>\n<meta property=\"og:description\" content=\"Una de las mejores opciones donde alojarte en la isla, es una casa de alquiler vacacional Mallorca. \u00a1Te esperamos!\" \/>\n<meta property=\"og:url\" content=\"https:\/\/blog.nordvillaspollensa.com\/es\/alquiler-vacacional-mallorca\/\" \/>\n<meta property=\"og:site_name\" content=\"Blog\" \/>\n<meta property=\"article:published_time\" content=\"2022-07-29T10:15:52+00:00\" \/>\n<meta property=\"article:modified_time\" content=\"2022-07-29T10:15:53+00:00\" \/>\n<meta property=\"og:image\" content=\"https:\/\/blog.nordvillaspollensa.com\/wp-content\/uploads\/2022\/07\/Captura-de-pantalla-2022-07-29-a-las-12.14.14.png\" \/>\n\t<meta property=\"og:image:width\" content=\"944\" \/>\n\t<meta property=\"og:image:height\" content=\"664\" \/>\n\t<meta property=\"og:image:type\" content=\"image\/png\" \/>\n<meta name=\"author\" content=\"nordvillaspollensa\" \/>\n<meta name=\"twitter:card\" content=\"summary_large_image\" \/>\n<meta name=\"twitter:label1\" content=\"Escrito por\" \/>\n\t<meta name=\"twitter:data1\" content=\"nordvillaspollensa\" \/>\n\t<meta name=\"twitter:label2\" content=\"Tiempo de lectura\" \/>\n\t<meta name=\"twitter:data2\" content=\"5 minutos\" \/>\n<script type=\"application\/ld+json\" class=\"yoast-schema-graph\">{\"@context\":\"https:\\\/\\\/schema.org\",\"@graph\":[{\"@type\":\"Article\",\"@id\":\"https:\\\/\\\/blog.nordvillaspollensa.com\\\/es\\\/alquiler-vacacional-mallorca\\\/#article\",\"isPartOf\":{\"@id\":\"https:\\\/\\\/blog.nordvillaspollensa.com\\\/es\\\/alquiler-vacacional-mallorca\\\/\"},\"author\":{\"name\":\"nordvillaspollensa\",\"@id\":\"https:\\\/\\\/blog.nordvillaspollensa.com\\\/#\\\/schema\\\/person\\\/bc98f3f935de2b7ef2d8b3e674c7861d\"},\"headline\":\"Alquiler vacacional Mallorca\",\"datePublished\":\"2022-07-29T10:15:52+00:00\",\"dateModified\":\"2022-07-29T10:15:53+00:00\",\"mainEntityOfPage\":{\"@id\":\"https:\\\/\\\/blog.nordvillaspollensa.com\\\/es\\\/alquiler-vacacional-mallorca\\\/\"},\"wordCount\":1099,\"commentCount\":0,\"image\":{\"@id\":\"https:\\\/\\\/blog.nordvillaspollensa.com\\\/es\\\/alquiler-vacacional-mallorca\\\/#primaryimage\"},\"thumbnailUrl\":\"https:\\\/\\\/blog.nordvillaspollensa.com\\\/wp-content\\\/uploads\\\/2022\\\/07\\\/Captura-de-pantalla-2022-07-29-a-las-12.14.14.png\",\"articleSection\":[\"Sin categorizar\"],\"inLanguage\":\"es\",\"potentialAction\":[{\"@type\":\"CommentAction\",\"name\":\"Comment\",\"target\":[\"https:\\\/\\\/blog.nordvillaspollensa.com\\\/es\\\/alquiler-vacacional-mallorca\\\/#respond\"]}]},{\"@type\":\"WebPage\",\"@id\":\"https:\\\/\\\/blog.nordvillaspollensa.com\\\/es\\\/alquiler-vacacional-mallorca\\\/\",\"url\":\"https:\\\/\\\/blog.nordvillaspollensa.com\\\/es\\\/alquiler-vacacional-mallorca\\\/\",\"name\":\"Alquiler vacacional Mallorca - Blog\",\"isPartOf\":{\"@id\":\"https:\\\/\\\/blog.nordvillaspollensa.com\\\/#website\"},\"primaryImageOfPage\":{\"@id\":\"https:\\\/\\\/blog.nordvillaspollensa.com\\\/es\\\/alquiler-vacacional-mallorca\\\/#primaryimage\"},\"image\":{\"@id\":\"https:\\\/\\\/blog.nordvillaspollensa.com\\\/es\\\/alquiler-vacacional-mallorca\\\/#primaryimage\"},\"thumbnailUrl\":\"https:\\\/\\\/blog.nordvillaspollensa.com\\\/wp-content\\\/uploads\\\/2022\\\/07\\\/Captura-de-pantalla-2022-07-29-a-las-12.14.14.png\",\"datePublished\":\"2022-07-29T10:15:52+00:00\",\"dateModified\":\"2022-07-29T10:15:53+00:00\",\"author\":{\"@id\":\"https:\\\/\\\/blog.nordvillaspollensa.com\\\/#\\\/schema\\\/person\\\/bc98f3f935de2b7ef2d8b3e674c7861d\"},\"description\":\"Una de las mejores opciones donde alojarte en la isla, es una casa de alquiler vacacional Mallorca. \u00a1Te esperamos!\",\"breadcrumb\":{\"@id\":\"https:\\\/\\\/blog.nordvillaspollensa.com\\\/es\\\/alquiler-vacacional-mallorca\\\/#breadcrumb\"},\"inLanguage\":\"es\",\"potentialAction\":[{\"@type\":\"ReadAction\",\"target\":[\"https:\\\/\\\/blog.nordvillaspollensa.com\\\/es\\\/alquiler-vacacional-mallorca\\\/\"]}]},{\"@type\":\"ImageObject\",\"inLanguage\":\"es\",\"@id\":\"https:\\\/\\\/blog.nordvillaspollensa.com\\\/es\\\/alquiler-vacacional-mallorca\\\/#primaryimage\",\"url\":\"https:\\\/\\\/blog.nordvillaspollensa.com\\\/wp-content\\\/uploads\\\/2022\\\/07\\\/Captura-de-pantalla-2022-07-29-a-las-12.14.14.png\",\"contentUrl\":\"https:\\\/\\\/blog.nordvillaspollensa.com\\\/wp-content\\\/uploads\\\/2022\\\/07\\\/Captura-de-pantalla-2022-07-29-a-las-12.14.14.png\",\"width\":944,\"height\":664},{\"@type\":\"BreadcrumbList\",\"@id\":\"https:\\\/\\\/blog.nordvillaspollensa.com\\\/es\\\/alquiler-vacacional-mallorca\\\/#breadcrumb\",\"itemListElement\":[{\"@type\":\"ListItem\",\"position\":1,\"name\":\"Home\",\"item\":\"https:\\\/\\\/blog.nordvillaspollensa.com\\\/\"},{\"@type\":\"ListItem\",\"position\":2,\"name\":\"Alquiler vacacional Mallorca\"}]},{\"@type\":\"WebSite\",\"@id\":\"https:\\\/\\\/blog.nordvillaspollensa.com\\\/#website\",\"url\":\"https:\\\/\\\/blog.nordvillaspollensa.com\\\/\",\"name\":\"Blog\",\"description\":\"\",\"potentialAction\":[{\"@type\":\"SearchAction\",\"target\":{\"@type\":\"EntryPoint\",\"urlTemplate\":\"https:\\\/\\\/blog.nordvillaspollensa.com\\\/?s={search_term_string}\"},\"query-input\":{\"@type\":\"PropertyValueSpecification\",\"valueRequired\":true,\"valueName\":\"search_term_string\"}}],\"inLanguage\":\"es\"},{\"@type\":\"Person\",\"@id\":\"https:\\\/\\\/blog.nordvillaspollensa.com\\\/#\\\/schema\\\/person\\\/bc98f3f935de2b7ef2d8b3e674c7861d\",\"name\":\"nordvillaspollensa\",\"image\":{\"@type\":\"ImageObject\",\"inLanguage\":\"es\",\"@id\":\"https:\\\/\\\/secure.gravatar.com\\\/avatar\\\/99197ff27043ec5d46dbc6d45891ee2769f2141cd226b537f17594ef60f82c55?s=96&d=mm&r=g\",\"url\":\"https:\\\/\\\/secure.gravatar.com\\\/avatar\\\/99197ff27043ec5d46dbc6d45891ee2769f2141cd226b537f17594ef60f82c55?s=96&d=mm&r=g\",\"contentUrl\":\"https:\\\/\\\/secure.gravatar.com\\\/avatar\\\/99197ff27043ec5d46dbc6d45891ee2769f2141cd226b537f17594ef60f82c55?s=96&d=mm&r=g\",\"caption\":\"nordvillaspollensa\"},\"url\":\"https:\\\/\\\/blog.nordvillaspollensa.com\\\/es\\\/author\\\/nordvillaspollensa\\\/\"}]}<\/script>\n<!-- \/ Yoast SEO plugin. -->","yoast_head_json":{"title":"Alquiler vacacional Mallorca - Blog","description":"Una de las mejores opciones donde alojarte en la isla, es una casa de alquiler vacacional Mallorca. \u00a1Te esperamos!","robots":{"index":"index","follow":"follow","max-snippet":"max-snippet:-1","max-image-preview":"max-image-preview:large","max-video-preview":"max-video-preview:-1"},"canonical":"https:\/\/blog.nordvillaspollensa.com\/es\/alquiler-vacacional-mallorca\/","og_locale":"es_ES","og_type":"article","og_title":"Alquiler vacacional Mallorca - Blog","og_description":"Una de las mejores opciones donde alojarte en la isla, es una casa de alquiler vacacional Mallorca. \u00a1Te esperamos!","og_url":"https:\/\/blog.nordvillaspollensa.com\/es\/alquiler-vacacional-mallorca\/","og_site_name":"Blog","article_published_time":"2022-07-29T10:15:52+00:00","article_modified_time":"2022-07-29T10:15:53+00:00","og_image":[{"width":944,"height":664,"url":"https:\/\/blog.nordvillaspollensa.com\/wp-content\/uploads\/2022\/07\/Captura-de-pantalla-2022-07-29-a-las-12.14.14.png","type":"image\/png"}],"author":"nordvillaspollensa","twitter_card":"summary_large_image","twitter_misc":{"Escrito por":"nordvillaspollensa","Tiempo de lectura":"5 minutos"},"schema":{"@context":"https:\/\/schema.org","@graph":[{"@type":"Article","@id":"https:\/\/blog.nordvillaspollensa.com\/es\/alquiler-vacacional-mallorca\/#article","isPartOf":{"@id":"https:\/\/blog.nordvillaspollensa.com\/es\/alquiler-vacacional-mallorca\/"},"author":{"name":"nordvillaspollensa","@id":"https:\/\/blog.nordvillaspollensa.com\/#\/schema\/person\/bc98f3f935de2b7ef2d8b3e674c7861d"},"headline":"Alquiler vacacional Mallorca","datePublished":"2022-07-29T10:15:52+00:00","dateModified":"2022-07-29T10:15:53+00:00","mainEntityOfPage":{"@id":"https:\/\/blog.nordvillaspollensa.com\/es\/alquiler-vacacional-mallorca\/"},"wordCount":1099,"commentCount":0,"image":{"@id":"https:\/\/blog.nordvillaspollensa.com\/es\/alquiler-vacacional-mallorca\/#primaryimage"},"thumbnailUrl":"https:\/\/blog.nordvillaspollensa.com\/wp-content\/uploads\/2022\/07\/Captura-de-pantalla-2022-07-29-a-las-12.14.14.png","articleSection":["Sin categorizar"],"inLanguage":"es","potentialAction":[{"@type":"CommentAction","name":"Comment","target":["https:\/\/blog.nordvillaspollensa.com\/es\/alquiler-vacacional-mallorca\/#respond"]}]},{"@type":"WebPage","@id":"https:\/\/blog.nordvillaspollensa.com\/es\/alquiler-vacacional-mallorca\/","url":"https:\/\/blog.nordvillaspollensa.com\/es\/alquiler-vacacional-mallorca\/","name":"Alquiler vacacional Mallorca - Blog","isPartOf":{"@id":"https:\/\/blog.nordvillaspollensa.com\/#website"},"primaryImageOfPage":{"@id":"https:\/\/blog.nordvillaspollensa.com\/es\/alquiler-vacacional-mallorca\/#primaryimage"},"image":{"@id":"https:\/\/blog.nordvillaspollensa.com\/es\/alquiler-vacacional-mallorca\/#primaryimage"},"thumbnailUrl":"https:\/\/blog.nordvillaspollensa.com\/wp-content\/uploads\/2022\/07\/Captura-de-pantalla-2022-07-29-a-las-12.14.14.png","datePublished":"2022-07-29T10:15:52+00:00","dateModified":"2022-07-29T10:15:53+00:00","author":{"@id":"https:\/\/blog.nordvillaspollensa.com\/#\/schema\/person\/bc98f3f935de2b7ef2d8b3e674c7861d"},"description":"Una de las mejores opciones donde alojarte en la isla, es una casa de alquiler vacacional Mallorca. \u00a1Te esperamos!","breadcrumb":{"@id":"https:\/\/blog.nordvillaspollensa.com\/es\/alquiler-vacacional-mallorca\/#breadcrumb"},"inLanguage":"es","potentialAction":[{"@type":"ReadAction","target":["https:\/\/blog.nordvillaspollensa.com\/es\/alquiler-vacacional-mallorca\/"]}]},{"@type":"ImageObject","inLanguage":"es","@id":"https:\/\/blog.nordvillaspollensa.com\/es\/alquiler-vacacional-mallorca\/#primaryimage","url":"https:\/\/blog.nordvillaspollensa.com\/wp-content\/uploads\/2022\/07\/Captura-de-pantalla-2022-07-29-a-las-12.14.14.png","contentUrl":"https:\/\/blog.nordvillaspollensa.com\/wp-content\/uploads\/2022\/07\/Captura-de-pantalla-2022-07-29-a-las-12.14.14.png","width":944,"height":664},{"@type":"BreadcrumbList","@id":"https:\/\/blog.nordvillaspollensa.com\/es\/alquiler-vacacional-mallorca\/#breadcrumb","itemListElement":[{"@type":"ListItem","position":1,"name":"Home","item":"https:\/\/blog.nordvillaspollensa.com\/"},{"@type":"ListItem","position":2,"name":"Alquiler vacacional Mallorca"}]},{"@type":"WebSite","@id":"https:\/\/blog.nordvillaspollensa.com\/#website","url":"https:\/\/blog.nordvillaspollensa.com\/","name":"Blog","description":"","potentialAction":[{"@type":"SearchAction","target":{"@type":"EntryPoint","urlTemplate":"https:\/\/blog.nordvillaspollensa.com\/?s={search_term_string}"},"query-input":{"@type":"PropertyValueSpecification","valueRequired":true,"valueName":"search_term_string"}}],"inLanguage":"es"},{"@type":"Person","@id":"https:\/\/blog.nordvillaspollensa.com\/#\/schema\/person\/bc98f3f935de2b7ef2d8b3e674c7861d","name":"nordvillaspollensa","image":{"@type":"ImageObject","inLanguage":"es","@id":"https:\/\/secure.gravatar.com\/avatar\/99197ff27043ec5d46dbc6d45891ee2769f2141cd226b537f17594ef60f82c55?s=96&d=mm&r=g","url":"https:\/\/secure.gravatar.com\/avatar\/99197ff27043ec5d46dbc6d45891ee2769f2141cd226b537f17594ef60f82c55?s=96&d=mm&r=g","contentUrl":"https:\/\/secure.gravatar.com\/avatar\/99197ff27043ec5d46dbc6d45891ee2769f2141cd226b537f17594ef60f82c55?s=96&d=mm&r=g","caption":"nordvillaspollensa"},"url":"https:\/\/blog.nordvillaspollensa.com\/es\/author\/nordvillaspollensa\/"}]}},"_links":{"self":[{"href":"https:\/\/blog.nordvillaspollensa.com\/es\/wp-json\/wp\/v2\/posts\/922","targetHints":{"allow":["GET"]}}],"collection":[{"href":"https:\/\/blog.nordvillaspollensa.com\/es\/wp-json\/wp\/v2\/posts"}],"about":[{"href":"https:\/\/blog.nordvillaspollensa.com\/es\/wp-json\/wp\/v2\/types\/post"}],"author":[{"embeddable":true,"href":"https:\/\/blog.nordvillaspollensa.com\/es\/wp-json\/wp\/v2\/users\/2"}],"replies":[{"embeddable":true,"href":"https:\/\/blog.nordvillaspollensa.com\/es\/wp-json\/wp\/v2\/comments?post=922"}],"version-history":[{"count":1,"href":"https:\/\/blog.nordvillaspollensa.com\/es\/wp-json\/wp\/v2\/posts\/922\/revisions"}],"predecessor-version":[{"id":927,"href":"https:\/\/blog.nordvillaspollensa.com\/es\/wp-json\/wp\/v2\/posts\/922\/revisions\/927"}],"wp:featuredmedia":[{"embeddable":true,"href":"https:\/\/blog.nordvillaspollensa.com\/es\/wp-json\/wp\/v2\/media\/923"}],"wp:attachment":[{"href":"https:\/\/blog.nordvillaspollensa.com\/es\/wp-json\/wp\/v2\/media?parent=922"}],"wp:term":[{"taxonomy":"category","embeddable":true,"href":"https:\/\/blog.nordvillaspollensa.com\/es\/wp-json\/wp\/v2\/categories?post=922"},{"taxonomy":"post_tag","embeddable":true,"href":"https:\/\/blog.nordvillaspollensa.com\/es\/wp-json\/wp\/v2\/tags?post=922"}],"curies":[{"name":"wp","href":"https:\/\/api.w.org\/{rel}","templated":true}]}}