{"id":940,"date":"2022-07-29T10:43:10","date_gmt":"2022-07-29T10:43:10","guid":{"rendered":"https:\/\/blog.nordvillaspollensa.com\/?p=940"},"modified":"2022-07-29T10:50:37","modified_gmt":"2022-07-29T10:50:37","slug":"nord-villas-pollensa","status":"publish","type":"post","link":"https:\/\/blog.nordvillaspollensa.com\/es\/nord-villas-pollensa\/","title":{"rendered":"Nord Villas Pollensa"},"content":{"rendered":"\n<p>En <strong>Nord Villas Pollensa<\/strong> estamos especializados en el <strong>alquiler vacacional de villas en Mallorca<\/strong>. Contamos con villas por todo Mallorca, pero en especial en el norte de la isla. De esta manera nos aseguramos de que encuentres la villa que m\u00e1s encaje con el lugar donde quieres <strong>descansar en Mallorca<\/strong>.&nbsp;<\/p>\n\n\n\n<p>Adem\u00e1s, contamos con villas y fincas de todos los tama\u00f1os, para que dependiendo del grupo de personas con el que viajes, encuentres la casa que m\u00e1s se adecue a tus gustos y preferencias.&nbsp;<\/p>\n\n\n\n<p>Dado a los diferentes paisajes del <strong>norte de Mallorca<\/strong>, disfrutamos de ofrecer villas y casas en el <strong>centro de Alcudia<\/strong> y <strong>Pollensa<\/strong>, pero tambi\u00e9n en su parte costera y en su zona m\u00e1s monta\u00f1osa, como es la<strong> Serra de Tramuntana<\/strong>.&nbsp;<\/p>\n\n\n\n<p>Por todo ello, si buscas alquilar una <strong>villa en Mallorca<\/strong>, no pierdas la oportunidad de contactarnos y dejar que te asesoremos y ofrezcamos la casa que m\u00e1s se adecue a tus <strong>vacaciones en Mallorca<\/strong>.&nbsp;<\/p>\n\n\n\n<h2 class=\"wp-block-heading\"><strong>Villas en Mallorca<\/strong><\/h2>\n\n\n\n<p>La opci\u00f3n de elegir las <strong>villas de Mallorca<\/strong> como lugar donde descansar es perfecta si quieres disfrutar de tu gente en el ambiente en el que t\u00fa quieras y con todas las comodidades posibles.&nbsp;<\/p>\n\n\n\n<p>Es la opci\u00f3n perfecta para tener privacidad, tranquilidad y no tener horarios. En las <strong>villas de Mallorca<\/strong> podr\u00e1s disfrutar de todas las instalaciones durante todo el d\u00eda sin problemas. Adem\u00e1s, est\u00e1n todas equipadas para que no te falte de nada durante tus vacaciones.&nbsp;<\/p>\n\n\n\n<p>Una de las cosas m\u00e1s complicadas de elegir <strong>villa en Mallorca<\/strong>, es saber d\u00f3nde de la isla quieres alojarte. Al tener tantas zonas diferentes, depende de ti elegir los paisajes de la costa o la precisa <strong>Serra de Tramuntana<\/strong>, por ello te recomendamos el <strong>norte de Mallorca<\/strong>. Es la combinaci\u00f3n perfecta de estas dos opciones.&nbsp;<\/p>\n\n\n\n<p>En el <strong>norte de Mallorca<\/strong>, tanto en <strong>Alcudia<\/strong> como <strong>Pollensa<\/strong>, podr\u00e1s disfrutar de much\u00edsimo ambiente en sus zonas costeras y disfrutar as\u00ed de las playas y el <strong>buen tiempo de Mallorca<\/strong>. Pero tambi\u00e9n podr\u00e1s conocer las monta\u00f1as y recovecos de la <strong>Serra de Tramuntana<\/strong>.&nbsp;<\/p>\n\n\n\n<h2 class=\"wp-block-heading\"><strong>Villas en Pollensa<\/strong><\/h2>\n\n\n\n<p>Pollensa es la zona m\u00e1s al <strong>norte de Mallorca<\/strong>, y por ende la m\u00e1s cercana a nuestra isla vecina, <strong>Menorca<\/strong>. Se trata de una ciudad con much\u00edsima historia donde podr\u00e1s disfrutar de paradis\u00edacas playas.&nbsp;<\/p>\n\n\n\n<p>Un ejemplo de ello es la<strong> playa de Formentor<\/strong>. Una <strong>playa de Mallorca<\/strong> de arena dorada, aguas cristalinas y much\u00edsimos servicios. Su encanto est\u00e1 principalmente en los pinos que rodean la playa y llegan casi hasta la costa. En la <strong>playa de Formentor<\/strong> podr\u00e1s encontrar tumbonas, hamacas y un chiringuito donde refrescarte.&nbsp;<\/p>\n\n\n\n<p>Si, por el contrario, lo que quieres es conocer el <strong>pueblo de Pollensa<\/strong>, no dudes en recorrer el <strong>casco antiguo de Pollensa<\/strong> y subir los <strong>365 escalones del calvario de Pollensa<\/strong> que te llevar\u00e1n hasta las incre\u00edbles vistas de la <strong>bah\u00eda de Pollensa<\/strong>.&nbsp;<\/p>\n\n\n\n<p>Por \u00faltimo, queremos recomendarte un paseo y una velada en el <strong>puerto de Pollensa<\/strong>. Se trata de un pueblo costero muy familiar donde podr\u00e1s disfrutar de un paseo mar\u00edtimo precioso con todo tipo de restaurantes, bares y discotecas.&nbsp;<\/p>\n\n\n\n<h2 class=\"wp-block-heading\"><strong>Villas en Alcudia&nbsp;<\/strong><\/h2>\n\n\n\n<p><strong>Alcudia<\/strong> es otra de las opciones en cuanto a villas en el <strong>norte de Mallorca<\/strong>. Este precioso pueblo cuenta con infinidad de lugares que visitar y conocer, a la vez que lugares donde relajarte y desconectar.&nbsp;<\/p>\n\n\n\n<p>Si por algo destaca <strong>Alcudia<\/strong> es por su historia, reflejada en lugares tan \u00fanicos como el casco antiguo y las <strong>murallas de Alcudia <\/strong>y la <strong>antigua ciudad romana de Pollentia<\/strong>. Pasear por estos lugares significa transportarte en el tiempo y llegar a conocer las diferentes culturas que han pasado por la isla a lo largo del tiempo.&nbsp;<\/p>\n\n\n\n<p>Si, por el contrario, te apetece disfrutar de playas y de la <strong>costa de Mallorca<\/strong>, <strong>Alcudia <\/strong>tambi\u00e9n es el sitio perfecto. Podr\u00e1s disfrutar de playas de arena como la <strong>Playa de Alcudia<\/strong> o <strong>Sant Joan<\/strong>. Se trata de playas donde tomar el sol y refrescarte, pero en las que tambi\u00e9n tendr\u00e1s la opci\u00f3n de realizar deportes acu\u00e1ticos como jet ski.&nbsp;<\/p>\n\n\n\n<p>La <strong>Serra de Tramuntana <\/strong>tambi\u00e9n est\u00e1 muy cerca de <strong>Alcudia<\/strong> y esto permite hacer senderismo y ciclismo por las monta\u00f1as. \u00bfSab\u00edas que cada a\u00f1o miles de personas vienen a <strong>Mallorca a hacer ciclismo<\/strong>? Gracias a las condiciones y rutas de la isla, muchas personas deciden <strong>viajar a Mallorca <\/strong>para practicar su deporte favorito.&nbsp;<\/p>\n\n\n\n<h2 class=\"wp-block-heading\"><strong>Alquiler villas Mallorca<\/strong><\/h2>\n\n\n\n<p>Si buscas<strong> alquilar villas en Mallorca<\/strong> \u00a1cont\u00e1ctanos! En <strong>Nord Villas Pollensa <\/strong>trabajamos a diario para ofrecer un servicio profesional y todo tipo de opciones para nuestros clientes. Por ello contamos con un amplio abanico de casas, las ofertamos dependiendo de las necesidades de nuestros clientes.&nbsp;<\/p>\n\n\n\n<p>En <strong>Nord Villas Pollensa<\/strong> contamos con <strong>villas en el norte de Mallorca,<\/strong> pero tambi\u00e9n en el resto de la isla. As\u00ed que da igual donde busques una <strong>villa en Mallorca<\/strong>, con <strong>Nord Villas Pollensa<\/strong> la encontrar\u00e1s.&nbsp;<\/p>\n\n\n\n<p>Adem\u00e1s, en <strong><a href=\"https:\/\/www.nordvillaspollensa.com\/es\/\">Nord Villas Pollensa<\/a> <\/strong>contamos con servicios extra para que no te falte de nada durante tus <strong>vacaciones en Mallorca<\/strong>. Ofrecemos la opci\u00f3n de transfer o taxis para que puedas recorrer la isla sin problema. Pero tambi\u00e9n tenemos la opci\u00f3n de hacer masajes en nuestras villas para que te relajes y desconectes al m\u00e1ximo durante el verano.&nbsp;<\/p>\n\n\n\n<p>Adem\u00e1s, tenemos barcos y kayaks para que conozcas la <strong>costa de Mallorca<\/strong> y disfrutes buceando y descubriendo tambi\u00e9n el fondo marino. \u00bfQu\u00e9 te parece la idea? Te aseguramos que con <strong>Nord Villas Pollensa<\/strong> no te faltar\u00e1 nada durante tus<strong> vacaciones en Mallorca<\/strong>.&nbsp;<\/p>\n\n\n\n<p>\u00a1Te esperamos!<\/p>\n","protected":false},"excerpt":{"rendered":"<p>En Nord Villas Pollensa estamos especializados en el alquiler vacacional de villas en Mallorca. Contamos con villas por todo Mallorca,&#8230;<\/p>\n","protected":false},"author":2,"featured_media":936,"comment_status":"open","ping_status":"closed","sticky":false,"template":"","format":"standard","meta":{"footnotes":""},"categories":[3],"tags":[],"class_list":["post-940","post","type-post","status-publish","format-standard","has-post-thumbnail","hentry","category-sin-categorizar"],"yoast_head":"<!-- This site is optimized with the Yoast SEO plugin v27.5 - https:\/\/yoast.com\/product\/yoast-seo-wordpress\/ -->\n<title>Nord Villas Pollensa - Blog<\/title>\n<meta name=\"description\" content=\"En Nord Villas Pollensa estamos especializados en el alquiler vacacional de villas en Mallorca. Contamos con villas por todo Mallorca.\" \/>\n<meta name=\"robots\" content=\"index, follow, max-snippet:-1, max-image-preview:large, max-video-preview:-1\" \/>\n<link rel=\"canonical\" href=\"https:\/\/blog.nordvillaspollensa.com\/es\/nord-villas-pollensa\/\" \/>\n<meta property=\"og:locale\" content=\"es_ES\" \/>\n<meta property=\"og:type\" content=\"article\" \/>\n<meta property=\"og:title\" content=\"Nord Villas Pollensa - Blog\" \/>\n<meta property=\"og:description\" content=\"En Nord Villas Pollensa estamos especializados en el alquiler vacacional de villas en Mallorca. Contamos con villas por todo Mallorca.\" \/>\n<meta property=\"og:url\" content=\"https:\/\/blog.nordvillaspollensa.com\/es\/nord-villas-pollensa\/\" \/>\n<meta property=\"og:site_name\" content=\"Blog\" \/>\n<meta property=\"article:published_time\" content=\"2022-07-29T10:43:10+00:00\" \/>\n<meta property=\"article:modified_time\" content=\"2022-07-29T10:50:37+00:00\" \/>\n<meta property=\"og:image\" content=\"https:\/\/blog.nordvillaspollensa.com\/wp-content\/uploads\/2022\/07\/Captura-de-pantalla-2022-07-29-a-las-12.32.56.png\" \/>\n\t<meta property=\"og:image:width\" content=\"984\" \/>\n\t<meta property=\"og:image:height\" content=\"687\" \/>\n\t<meta property=\"og:image:type\" content=\"image\/png\" \/>\n<meta name=\"author\" content=\"nordvillaspollensa\" \/>\n<meta name=\"twitter:card\" content=\"summary_large_image\" \/>\n<meta name=\"twitter:label1\" content=\"Escrito por\" \/>\n\t<meta name=\"twitter:data1\" content=\"nordvillaspollensa\" \/>\n\t<meta name=\"twitter:label2\" content=\"Tiempo de lectura\" \/>\n\t<meta name=\"twitter:data2\" content=\"5 minutos\" \/>\n<script type=\"application\/ld+json\" class=\"yoast-schema-graph\">{\"@context\":\"https:\\\/\\\/schema.org\",\"@graph\":[{\"@type\":\"Article\",\"@id\":\"https:\\\/\\\/blog.nordvillaspollensa.com\\\/es\\\/nord-villas-pollensa\\\/#article\",\"isPartOf\":{\"@id\":\"https:\\\/\\\/blog.nordvillaspollensa.com\\\/es\\\/nord-villas-pollensa\\\/\"},\"author\":{\"name\":\"nordvillaspollensa\",\"@id\":\"https:\\\/\\\/blog.nordvillaspollensa.com\\\/#\\\/schema\\\/person\\\/bc98f3f935de2b7ef2d8b3e674c7861d\"},\"headline\":\"Nord Villas Pollensa\",\"datePublished\":\"2022-07-29T10:43:10+00:00\",\"dateModified\":\"2022-07-29T10:50:37+00:00\",\"mainEntityOfPage\":{\"@id\":\"https:\\\/\\\/blog.nordvillaspollensa.com\\\/es\\\/nord-villas-pollensa\\\/\"},\"wordCount\":978,\"commentCount\":0,\"image\":{\"@id\":\"https:\\\/\\\/blog.nordvillaspollensa.com\\\/es\\\/nord-villas-pollensa\\\/#primaryimage\"},\"thumbnailUrl\":\"https:\\\/\\\/blog.nordvillaspollensa.com\\\/wp-content\\\/uploads\\\/2022\\\/07\\\/Captura-de-pantalla-2022-07-29-a-las-12.32.56.png\",\"articleSection\":[\"Sin categorizar\"],\"inLanguage\":\"es\",\"potentialAction\":[{\"@type\":\"CommentAction\",\"name\":\"Comment\",\"target\":[\"https:\\\/\\\/blog.nordvillaspollensa.com\\\/es\\\/nord-villas-pollensa\\\/#respond\"]}]},{\"@type\":\"WebPage\",\"@id\":\"https:\\\/\\\/blog.nordvillaspollensa.com\\\/es\\\/nord-villas-pollensa\\\/\",\"url\":\"https:\\\/\\\/blog.nordvillaspollensa.com\\\/es\\\/nord-villas-pollensa\\\/\",\"name\":\"Nord Villas Pollensa - Blog\",\"isPartOf\":{\"@id\":\"https:\\\/\\\/blog.nordvillaspollensa.com\\\/#website\"},\"primaryImageOfPage\":{\"@id\":\"https:\\\/\\\/blog.nordvillaspollensa.com\\\/es\\\/nord-villas-pollensa\\\/#primaryimage\"},\"image\":{\"@id\":\"https:\\\/\\\/blog.nordvillaspollensa.com\\\/es\\\/nord-villas-pollensa\\\/#primaryimage\"},\"thumbnailUrl\":\"https:\\\/\\\/blog.nordvillaspollensa.com\\\/wp-content\\\/uploads\\\/2022\\\/07\\\/Captura-de-pantalla-2022-07-29-a-las-12.32.56.png\",\"datePublished\":\"2022-07-29T10:43:10+00:00\",\"dateModified\":\"2022-07-29T10:50:37+00:00\",\"author\":{\"@id\":\"https:\\\/\\\/blog.nordvillaspollensa.com\\\/#\\\/schema\\\/person\\\/bc98f3f935de2b7ef2d8b3e674c7861d\"},\"description\":\"En Nord Villas Pollensa estamos especializados en el alquiler vacacional de villas en Mallorca. Contamos con villas por todo Mallorca.\",\"breadcrumb\":{\"@id\":\"https:\\\/\\\/blog.nordvillaspollensa.com\\\/es\\\/nord-villas-pollensa\\\/#breadcrumb\"},\"inLanguage\":\"es\",\"potentialAction\":[{\"@type\":\"ReadAction\",\"target\":[\"https:\\\/\\\/blog.nordvillaspollensa.com\\\/es\\\/nord-villas-pollensa\\\/\"]}]},{\"@type\":\"ImageObject\",\"inLanguage\":\"es\",\"@id\":\"https:\\\/\\\/blog.nordvillaspollensa.com\\\/es\\\/nord-villas-pollensa\\\/#primaryimage\",\"url\":\"https:\\\/\\\/blog.nordvillaspollensa.com\\\/wp-content\\\/uploads\\\/2022\\\/07\\\/Captura-de-pantalla-2022-07-29-a-las-12.32.56.png\",\"contentUrl\":\"https:\\\/\\\/blog.nordvillaspollensa.com\\\/wp-content\\\/uploads\\\/2022\\\/07\\\/Captura-de-pantalla-2022-07-29-a-las-12.32.56.png\",\"width\":984,\"height\":687},{\"@type\":\"BreadcrumbList\",\"@id\":\"https:\\\/\\\/blog.nordvillaspollensa.com\\\/es\\\/nord-villas-pollensa\\\/#breadcrumb\",\"itemListElement\":[{\"@type\":\"ListItem\",\"position\":1,\"name\":\"Home\",\"item\":\"https:\\\/\\\/blog.nordvillaspollensa.com\\\/\"},{\"@type\":\"ListItem\",\"position\":2,\"name\":\"Nord Villas Pollensa\"}]},{\"@type\":\"WebSite\",\"@id\":\"https:\\\/\\\/blog.nordvillaspollensa.com\\\/#website\",\"url\":\"https:\\\/\\\/blog.nordvillaspollensa.com\\\/\",\"name\":\"Blog\",\"description\":\"\",\"potentialAction\":[{\"@type\":\"SearchAction\",\"target\":{\"@type\":\"EntryPoint\",\"urlTemplate\":\"https:\\\/\\\/blog.nordvillaspollensa.com\\\/?s={search_term_string}\"},\"query-input\":{\"@type\":\"PropertyValueSpecification\",\"valueRequired\":true,\"valueName\":\"search_term_string\"}}],\"inLanguage\":\"es\"},{\"@type\":\"Person\",\"@id\":\"https:\\\/\\\/blog.nordvillaspollensa.com\\\/#\\\/schema\\\/person\\\/bc98f3f935de2b7ef2d8b3e674c7861d\",\"name\":\"nordvillaspollensa\",\"image\":{\"@type\":\"ImageObject\",\"inLanguage\":\"es\",\"@id\":\"https:\\\/\\\/secure.gravatar.com\\\/avatar\\\/99197ff27043ec5d46dbc6d45891ee2769f2141cd226b537f17594ef60f82c55?s=96&d=mm&r=g\",\"url\":\"https:\\\/\\\/secure.gravatar.com\\\/avatar\\\/99197ff27043ec5d46dbc6d45891ee2769f2141cd226b537f17594ef60f82c55?s=96&d=mm&r=g\",\"contentUrl\":\"https:\\\/\\\/secure.gravatar.com\\\/avatar\\\/99197ff27043ec5d46dbc6d45891ee2769f2141cd226b537f17594ef60f82c55?s=96&d=mm&r=g\",\"caption\":\"nordvillaspollensa\"},\"url\":\"https:\\\/\\\/blog.nordvillaspollensa.com\\\/es\\\/author\\\/nordvillaspollensa\\\/\"}]}<\/script>\n<!-- \/ Yoast SEO plugin. -->","yoast_head_json":{"title":"Nord Villas Pollensa - Blog","description":"En Nord Villas Pollensa estamos especializados en el alquiler vacacional de villas en Mallorca. Contamos con villas por todo Mallorca.","robots":{"index":"index","follow":"follow","max-snippet":"max-snippet:-1","max-image-preview":"max-image-preview:large","max-video-preview":"max-video-preview:-1"},"canonical":"https:\/\/blog.nordvillaspollensa.com\/es\/nord-villas-pollensa\/","og_locale":"es_ES","og_type":"article","og_title":"Nord Villas Pollensa - Blog","og_description":"En Nord Villas Pollensa estamos especializados en el alquiler vacacional de villas en Mallorca. Contamos con villas por todo Mallorca.","og_url":"https:\/\/blog.nordvillaspollensa.com\/es\/nord-villas-pollensa\/","og_site_name":"Blog","article_published_time":"2022-07-29T10:43:10+00:00","article_modified_time":"2022-07-29T10:50:37+00:00","og_image":[{"width":984,"height":687,"url":"https:\/\/blog.nordvillaspollensa.com\/wp-content\/uploads\/2022\/07\/Captura-de-pantalla-2022-07-29-a-las-12.32.56.png","type":"image\/png"}],"author":"nordvillaspollensa","twitter_card":"summary_large_image","twitter_misc":{"Escrito por":"nordvillaspollensa","Tiempo de lectura":"5 minutos"},"schema":{"@context":"https:\/\/schema.org","@graph":[{"@type":"Article","@id":"https:\/\/blog.nordvillaspollensa.com\/es\/nord-villas-pollensa\/#article","isPartOf":{"@id":"https:\/\/blog.nordvillaspollensa.com\/es\/nord-villas-pollensa\/"},"author":{"name":"nordvillaspollensa","@id":"https:\/\/blog.nordvillaspollensa.com\/#\/schema\/person\/bc98f3f935de2b7ef2d8b3e674c7861d"},"headline":"Nord Villas Pollensa","datePublished":"2022-07-29T10:43:10+00:00","dateModified":"2022-07-29T10:50:37+00:00","mainEntityOfPage":{"@id":"https:\/\/blog.nordvillaspollensa.com\/es\/nord-villas-pollensa\/"},"wordCount":978,"commentCount":0,"image":{"@id":"https:\/\/blog.nordvillaspollensa.com\/es\/nord-villas-pollensa\/#primaryimage"},"thumbnailUrl":"https:\/\/blog.nordvillaspollensa.com\/wp-content\/uploads\/2022\/07\/Captura-de-pantalla-2022-07-29-a-las-12.32.56.png","articleSection":["Sin categorizar"],"inLanguage":"es","potentialAction":[{"@type":"CommentAction","name":"Comment","target":["https:\/\/blog.nordvillaspollensa.com\/es\/nord-villas-pollensa\/#respond"]}]},{"@type":"WebPage","@id":"https:\/\/blog.nordvillaspollensa.com\/es\/nord-villas-pollensa\/","url":"https:\/\/blog.nordvillaspollensa.com\/es\/nord-villas-pollensa\/","name":"Nord Villas Pollensa - Blog","isPartOf":{"@id":"https:\/\/blog.nordvillaspollensa.com\/#website"},"primaryImageOfPage":{"@id":"https:\/\/blog.nordvillaspollensa.com\/es\/nord-villas-pollensa\/#primaryimage"},"image":{"@id":"https:\/\/blog.nordvillaspollensa.com\/es\/nord-villas-pollensa\/#primaryimage"},"thumbnailUrl":"https:\/\/blog.nordvillaspollensa.com\/wp-content\/uploads\/2022\/07\/Captura-de-pantalla-2022-07-29-a-las-12.32.56.png","datePublished":"2022-07-29T10:43:10+00:00","dateModified":"2022-07-29T10:50:37+00:00","author":{"@id":"https:\/\/blog.nordvillaspollensa.com\/#\/schema\/person\/bc98f3f935de2b7ef2d8b3e674c7861d"},"description":"En Nord Villas Pollensa estamos especializados en el alquiler vacacional de villas en Mallorca. Contamos con villas por todo Mallorca.","breadcrumb":{"@id":"https:\/\/blog.nordvillaspollensa.com\/es\/nord-villas-pollensa\/#breadcrumb"},"inLanguage":"es","potentialAction":[{"@type":"ReadAction","target":["https:\/\/blog.nordvillaspollensa.com\/es\/nord-villas-pollensa\/"]}]},{"@type":"ImageObject","inLanguage":"es","@id":"https:\/\/blog.nordvillaspollensa.com\/es\/nord-villas-pollensa\/#primaryimage","url":"https:\/\/blog.nordvillaspollensa.com\/wp-content\/uploads\/2022\/07\/Captura-de-pantalla-2022-07-29-a-las-12.32.56.png","contentUrl":"https:\/\/blog.nordvillaspollensa.com\/wp-content\/uploads\/2022\/07\/Captura-de-pantalla-2022-07-29-a-las-12.32.56.png","width":984,"height":687},{"@type":"BreadcrumbList","@id":"https:\/\/blog.nordvillaspollensa.com\/es\/nord-villas-pollensa\/#breadcrumb","itemListElement":[{"@type":"ListItem","position":1,"name":"Home","item":"https:\/\/blog.nordvillaspollensa.com\/"},{"@type":"ListItem","position":2,"name":"Nord Villas Pollensa"}]},{"@type":"WebSite","@id":"https:\/\/blog.nordvillaspollensa.com\/#website","url":"https:\/\/blog.nordvillaspollensa.com\/","name":"Blog","description":"","potentialAction":[{"@type":"SearchAction","target":{"@type":"EntryPoint","urlTemplate":"https:\/\/blog.nordvillaspollensa.com\/?s={search_term_string}"},"query-input":{"@type":"PropertyValueSpecification","valueRequired":true,"valueName":"search_term_string"}}],"inLanguage":"es"},{"@type":"Person","@id":"https:\/\/blog.nordvillaspollensa.com\/#\/schema\/person\/bc98f3f935de2b7ef2d8b3e674c7861d","name":"nordvillaspollensa","image":{"@type":"ImageObject","inLanguage":"es","@id":"https:\/\/secure.gravatar.com\/avatar\/99197ff27043ec5d46dbc6d45891ee2769f2141cd226b537f17594ef60f82c55?s=96&d=mm&r=g","url":"https:\/\/secure.gravatar.com\/avatar\/99197ff27043ec5d46dbc6d45891ee2769f2141cd226b537f17594ef60f82c55?s=96&d=mm&r=g","contentUrl":"https:\/\/secure.gravatar.com\/avatar\/99197ff27043ec5d46dbc6d45891ee2769f2141cd226b537f17594ef60f82c55?s=96&d=mm&r=g","caption":"nordvillaspollensa"},"url":"https:\/\/blog.nordvillaspollensa.com\/es\/author\/nordvillaspollensa\/"}]}},"_links":{"self":[{"href":"https:\/\/blog.nordvillaspollensa.com\/es\/wp-json\/wp\/v2\/posts\/940","targetHints":{"allow":["GET"]}}],"collection":[{"href":"https:\/\/blog.nordvillaspollensa.com\/es\/wp-json\/wp\/v2\/posts"}],"about":[{"href":"https:\/\/blog.nordvillaspollensa.com\/es\/wp-json\/wp\/v2\/types\/post"}],"author":[{"embeddable":true,"href":"https:\/\/blog.nordvillaspollensa.com\/es\/wp-json\/wp\/v2\/users\/2"}],"replies":[{"embeddable":true,"href":"https:\/\/blog.nordvillaspollensa.com\/es\/wp-json\/wp\/v2\/comments?post=940"}],"version-history":[{"count":2,"href":"https:\/\/blog.nordvillaspollensa.com\/es\/wp-json\/wp\/v2\/posts\/940\/revisions"}],"predecessor-version":[{"id":945,"href":"https:\/\/blog.nordvillaspollensa.com\/es\/wp-json\/wp\/v2\/posts\/940\/revisions\/945"}],"wp:featuredmedia":[{"embeddable":true,"href":"https:\/\/blog.nordvillaspollensa.com\/es\/wp-json\/wp\/v2\/media\/936"}],"wp:attachment":[{"href":"https:\/\/blog.nordvillaspollensa.com\/es\/wp-json\/wp\/v2\/media?parent=940"}],"wp:term":[{"taxonomy":"category","embeddable":true,"href":"https:\/\/blog.nordvillaspollensa.com\/es\/wp-json\/wp\/v2\/categories?post=940"},{"taxonomy":"post_tag","embeddable":true,"href":"https:\/\/blog.nordvillaspollensa.com\/es\/wp-json\/wp\/v2\/tags?post=940"}],"curies":[{"name":"wp","href":"https:\/\/api.w.org\/{rel}","templated":true}]}}