{"id":801,"date":"2022-05-04T10:46:13","date_gmt":"2022-05-04T10:46:13","guid":{"rendered":"https:\/\/blog.nordvillaspollensa.com\/?p=801"},"modified":"2022-05-04T10:46:14","modified_gmt":"2022-05-04T10:46:14","slug":"villaer-til-leie-pa-mallorca","status":"publish","type":"post","link":"https:\/\/blog.nordvillaspollensa.com\/no\/villaer-til-leie-pa-mallorca\/","title":{"rendered":"Villaer til leie p\u00e5 Mallorca"},"content":{"rendered":"\n<p>N\u00e5r vi tenker p\u00e5&nbsp;<strong>Mallorca<\/strong>&nbsp;, forestiller vi oss alle tre ting: En spasertur gjennom gatene under katedralen, en god middag p\u00e5 en av restaurantene som nyter den fantastiske gastronomien, og selvf\u00f8lgelig en uforglemmelig sv\u00f8mmetur ved en av de vakre strendene.&nbsp;<strong>\u00c5 leie villaer p\u00e5 Mallorca<\/strong>&nbsp;lar oss gj\u00f8re det og mye mer.<\/p>\n\n\n\n<p>Derfor er en&nbsp;<strong>ferie p\u00e5 Mallorca<\/strong>&nbsp;, uansett \u00e5rstid og hvor lenge den varer, alltid et godt alternativ.<\/p>\n\n\n\n<h2 class=\"wp-block-heading\"><strong>Mallorca som det ideelle reisem\u00e5let<\/strong><\/h2>\n\n\n\n<p>Som vi har nevnt ovenfor, kan&nbsp;<strong>Mallorca og ordet paradis g\u00e5 h\u00e5nd i h\u00e5nd<\/strong>&nbsp;uten problemer, siden alt som har med denne \u00f8ya \u00e5 gj\u00f8re er fantastisk.<\/p>\n\n\n\n<p>Hver av kommunene skiller seg ut for \u00e5 v\u00e6re sjarmerende og spesielle, og tilbyr oss et bredt utvalg innen turisme og gastronomi.&nbsp;Det er derfor det er s\u00e5 vanskelig \u00e5 velge bare \u00e9n av kommunene.<\/p>\n\n\n\n<p>Men er det \u00e9n ting vi ikke kan unng\u00e5 \u00e5 velge, s\u00e5 er det hvor vi skal&nbsp;<strong>bo<\/strong>&nbsp;p\u00e5 \u00f8ya.&nbsp;Det er en avgj\u00f8rende faktor som vil avgj\u00f8re suksessen til ferien din.&nbsp;Av denne grunn pr\u00f8ver vi p\u00e5&nbsp;<strong>Nord Villas Pollensa<\/strong>&nbsp;\u00e5 garantere deg det ideelle stedet du trenger s\u00e5 mye.<\/p>\n\n\n\n<h2 class=\"wp-block-heading\"><strong>Villaer nord p\u00e5 Mallorca<\/strong><\/h2>\n\n\n\n<p>Hos&nbsp;<strong>Nord Villas Pollensa<\/strong>&nbsp;tilbyr vi deg et bredt utvalg av overnatting, v\u00e5re&nbsp;<strong>villaer nord p\u00e5 Mallorca<\/strong>&nbsp;!&nbsp;I dem kan du finne en rekke unike fordeler som vil markere den differensierende faktoren for reisen din.&nbsp;Alle v\u00e5re villaer tilbyr mye fred og ro, vi jobber for \u00e5 gj\u00f8re ferien uforglemmelig!<\/p>\n\n\n\n<p>Vi har som m\u00e5l \u00e5 skape et rom som forbinder deg med byen og milj\u00f8et, og f\u00e5r deg til \u00e5 f\u00f8le deg bedre enn hjemme.&nbsp;Vi vil at du skal finne ditt hjem p\u00e5&nbsp;<strong>Mallorca<\/strong>&nbsp;hos oss.<\/p>\n\n\n\n<p>Alle v\u00e5re villaer har en usl\u00e5elig beliggenhet, store plasser og alle bekvemmeligheter du kan tenke deg.&nbsp;Wifi, klimaanlegg, TV, komfortable m\u00f8bler, sv\u00f8mmebasseng, romslige hager&#8230; Du vil ikke g\u00e5 glipp av noe under ferien p\u00e5 Mallorca!&nbsp;Hos&nbsp;<strong>Nord Villas Pollensa<\/strong>&nbsp;vil du finne den ideelle villaen for&nbsp;<strong>ferien din p\u00e5 Mallorca<\/strong>&nbsp;, enten du reiser som par, med venner eller med familien.<\/p>\n\n\n\n<h2 class=\"wp-block-heading\"><strong>Villaer i Pollensa<\/strong><\/h2>\n\n\n\n<p>Vi har&nbsp;<a href=\"https:\/\/www.nordvillaspollensa.com\/\"><strong>Pollensa-villaer<\/strong><\/a>&nbsp;,&nbsp;<a href=\"https:\/\/blog.nordvillaspollensa.com\/villas-in-alcudia\/\"><strong>villaer i Alcudia<\/strong><\/a>&nbsp;og kort sagt&nbsp;<strong>ferievillaer<\/strong>&nbsp;over hele nord p\u00e5&nbsp;<strong>Mallorca<\/strong>&nbsp;.&nbsp;I hver av dem vil du kunne nyte lokalitetenes historie, ta hyggelige spaserturer gjennom gatene og la deg betatt av milj\u00f8et som omgir deg.<\/p>\n\n\n\n<p>Vi har flere landlige villaer, som ligger i utkanten av byene, hvor du kan tilbringe noen forskjellige dager med familien din, samt&nbsp;<a href=\"https:\/\/blog.nordvillaspollensa.com\/luxury-villas-in-majorca\/\"><strong>luksusvillaer p\u00e5 Mallorca<\/strong><\/a>&nbsp;, hvor design og komfort kombineres til perfeksjon.<\/p>\n\n\n\n<p>Uansett hvilken type innkvartering du velger:&nbsp;<a href=\"https:\/\/blog.nordvillaspollensa.com\/puerto-pollensa-villas\/\"><strong>Puerto Pollensa villaer<\/strong><\/a>&nbsp;i Alcudia &#8230; er vi sikre p\u00e5 at det vil v\u00e6re det riktige valget!<\/p>\n\n\n\n<h2 class=\"wp-block-heading\"><strong>Severdigheter i Mallorca<\/strong><\/h2>\n\n\n\n<p>N\u00e5 som vi har gitt deg overnattingsmuligheter, kan vi ikke la v\u00e6re \u00e5 anbefale noen f\u00e5 steder du m\u00e5 bes\u00f8ke n\u00e5r du f\u00f8rst er der.<\/p>\n\n\n\n<p>Mallorca er et sted som tilbyr attraksjoner og aktiviteter for enhver smak.<\/p>\n\n\n\n<h2 class=\"wp-block-heading\"><strong>Palma de Mallorca<\/strong><\/h2>\n\n\n\n<p>For det f\u00f8rste kan du ikke g\u00e5 glipp av hovedstaden:&nbsp;<strong>Palma de Mallorca<\/strong>&nbsp;.&nbsp;Vi anbefaler deg \u00e5 tilbringe en hel dag eller i det minste lange timer der, siden den imponerende&nbsp;<strong>katedralen p\u00e5 Mallorca<\/strong>&nbsp;,&nbsp;<strong>Bellver-slottet<\/strong>&nbsp;eller&nbsp;<strong>Almudaina-palasset<\/strong>&nbsp;ikke er attraksjoner du b\u00f8r g\u00e5 glipp av.<\/p>\n\n\n\n<h2 class=\"wp-block-heading\"><strong>Ses Pa\u00efses Mallorca<\/strong><\/h2>\n\n\n\n<p>Et annet sted du ikke b\u00f8r g\u00e5 glipp av er&nbsp;<strong>Ses Pa\u00efses<\/strong>&nbsp;, i kommunen Art\u00e0, et imponerende arkeologisk omr\u00e5de som lar deg forestille deg og f\u00f8le hvordan \u00f8yas f\u00f8rste nybyggere levde.&nbsp;Historieelskere: et must!<\/p>\n\n\n\n<h2 class=\"wp-block-heading\"><strong>\u00d8ya Sa Dragonera<\/strong><\/h2>\n\n\n\n<p>For de mer uforferdede og de som liker \u00e5 utforske mer utilgjengelige steder, anbefaler vi&nbsp;<strong>Sant Elm og holmen Sa Dragonera<\/strong>&nbsp;.&nbsp;Det er en liten by med knapt 400 innbyggere, det vil si et hj\u00f8rne nord p\u00e5 \u00f8ya uten demonstrasjoner og med en enest\u00e5ende sjarm.<\/p>\n\n\n\n<p>Hvis vi sier at det er et reisem\u00e5l kun egnet for eventyrere, er det fordi denne lille landsbyen er omgitt av&nbsp;<strong>holmen Sa Dragonera<\/strong>&nbsp;, som kun kan n\u00e5s med b\u00e5ter som g\u00e5r fra selve landsbyen.<\/p>\n\n\n\n<h2 class=\"wp-block-heading\"><strong>Landsbyer i Tramuntana-fjellene<\/strong><\/h2>\n\n\n\n<p>P\u00e5 den annen side kan vi ikke anbefale et bes\u00f8k til noen av&nbsp;<strong>landsbyene i Serra de Tramuntana<\/strong>&nbsp;, hvor du virkelig vil f\u00f8le hvordan det er \u00e5 v\u00e6re i den dypeste delen av Mallorca.&nbsp;Landsbyene vi anbefaler mest er:&nbsp;&nbsp;<strong>Valldemossa<\/strong>&nbsp;, Dei\u00e0 eller Pollensa.<\/p>\n\n\n\n<p>Innenfor den samme fjellkjeden b\u00f8r du ikke g\u00e5 glipp av&nbsp;<strong>vikene Sa Calobra&nbsp;og Cala Tuent<\/strong>&nbsp;, da de er to av de vakreste strendene p\u00e5 Mallorca.&nbsp;N\u00e5r vi f\u00f8lger ruten gjennom den nordlige delen av \u00f8ya, b\u00f8r vi ogs\u00e5 bes\u00f8ke&nbsp;<strong>Cape of Formentor<\/strong>&nbsp;, et sted som vil gi oss uforglemmelige minner fra strendene, klippene og solnedgangene.<\/p>\n\n\n\n<h2 class=\"wp-block-heading\"><strong>Mondrag\u00f3 naturpark<\/strong><\/h2>\n\n\n\n<p>Et annet uforglemmelig sted er&nbsp;<strong>Mondrag\u00f3 naturpark<\/strong>&nbsp;.&nbsp;Ligger mye lenger s\u00f8r finner vi dette vernede omr\u00e5det som tilbyr et bredt utvalg av skoger som f\u00f8lger kystlinjen.<\/p>\n\n\n\n<p><strong>Drach-grottene<\/strong><\/p>\n\n\n\n<p>Som en del av v\u00e5re anbefalinger og for \u00e5 legge til litt variasjon til bes\u00f8ket ditt, anbefaler vi at du bes\u00f8ker de ber\u00f8mte&nbsp;<strong>hulene i Drach<\/strong>&nbsp;.&nbsp;Dette er ekte underjordiske konstruksjoner, nesten som kirker laget av kalksteinsjord og kontinuerlig erosjon.&nbsp;Grotten best\u00e5r av fire store kamre og inne i dem finner vi en av de st\u00f8rste underjordiske innsj\u00f8ene i verden.&nbsp;Disse hulene ligger i byen Manacor.<\/p>\n\n\n\n<h2 class=\"wp-block-heading\"><strong>Nord Villas Pollensa<\/strong><\/h2>\n\n\n\n<p>N\u00e5 som du har sett hvordan ferien din kan bli, kan vi i&nbsp;<strong>Nord Villas Pollensa<\/strong>&nbsp;bare anbefale deg \u00e5 ikke tenke s\u00e5 mye lenger p\u00e5 det og slutte \u00e5 forestille deg hvordan det ville bli gjennom v\u00e5re ord og kontakte oss s\u00e5 snart som mulig for \u00e5 gj\u00f8re alle ferieforventningene dine g\u00e5r i oppfyllelse.<\/p>\n\n\n\n<p>V\u00e5re tjenester styres&nbsp;<strong>av \u00e5 tilpasse s\u00e5 mye som mulig med h\u00f8yeste kvalitet<\/strong>&nbsp;til v\u00e5re kunder og garantere personlig oppmerksomhet.<\/p>\n\n\n\n<p>Vi er klar over at en ferie er mye mer enn bare \u00e5 sette seg p\u00e5 et fly og ha et sted \u00e5 sove, og det er derfor vi i tillegg til fantastisk overnatting ogs\u00e5&nbsp;<strong>tilbyr fullt tilpassede tjenester og et bredt spekter av aktiviteter<\/strong>&nbsp;som du kan bestille for \u00e5 gj\u00f8re mesteparten av din erfaring.<\/p>\n\n\n\n<p>Enten du er p\u00e5 utkikk etter en romslig villa med paradisisk utsikt hvor du kan koble av eller en sjarmerende villa i sentrum som lar deg g\u00e5 en tur og nyte menneskene og gastronomien, har vi alle muligheter for deg.<\/p>\n\n\n\n<p>Ikke g\u00e5 glipp av muligheten til \u00e5 ha en&nbsp;<strong>uforglemmelig ferie<\/strong>&nbsp;, skreddersydd for deg og hvem du enn velger.&nbsp;Vi venter p\u00e5 deg p\u00e5&nbsp;<strong>Nord Villas Pollensa<\/strong>&nbsp;.<\/p>\n","protected":false},"excerpt":{"rendered":"<p>N\u00e5r vi tenker p\u00e5&nbsp;Mallorca&nbsp;, forestiller vi oss alle tre ting: En spasertur gjennom gatene under katedralen, en god middag p\u00e5&#8230;<\/p>\n","protected":false},"author":2,"featured_media":803,"comment_status":"open","ping_status":"closed","sticky":false,"template":"","format":"standard","meta":{"footnotes":""},"categories":[20],"tags":[],"class_list":["post-801","post","type-post","status-publish","format-standard","has-post-thumbnail","hentry","category-uncategorized-no"],"yoast_head":"<!-- This site is optimized with the Yoast SEO plugin v27.4 - https:\/\/yoast.com\/product\/yoast-seo-wordpress\/ -->\n<title>Villaer til leie p\u00e5 Mallorca - Blog<\/title>\n<meta name=\"description\" content=\"Villaer til leie p\u00e5 Mallorca derfor er en ferie p\u00e5 Mallorca , uansett \u00e5rstid og hvor lenge den varer, alltid et godt alternativ.\" \/>\n<meta name=\"robots\" content=\"index, follow, max-snippet:-1, max-image-preview:large, max-video-preview:-1\" \/>\n<link rel=\"canonical\" href=\"https:\/\/blog.nordvillaspollensa.com\/no\/villaer-til-leie-pa-mallorca\/\" \/>\n<meta property=\"og:locale\" content=\"nb_NO\" \/>\n<meta property=\"og:type\" content=\"article\" \/>\n<meta property=\"og:title\" content=\"Villaer til leie p\u00e5 Mallorca - Blog\" \/>\n<meta property=\"og:description\" content=\"Villaer til leie p\u00e5 Mallorca derfor er en ferie p\u00e5 Mallorca , uansett \u00e5rstid og hvor lenge den varer, alltid et godt alternativ.\" \/>\n<meta property=\"og:url\" content=\"https:\/\/blog.nordvillaspollensa.com\/no\/villaer-til-leie-pa-mallorca\/\" \/>\n<meta property=\"og:site_name\" content=\"Blog\" \/>\n<meta property=\"article:published_time\" content=\"2022-05-04T10:46:13+00:00\" \/>\n<meta property=\"article:modified_time\" content=\"2022-05-04T10:46:14+00:00\" \/>\n<meta property=\"og:image\" content=\"https:\/\/blog.nordvillaspollensa.com\/wp-content\/uploads\/2021\/04\/VP08-CAN-BLANCO-1.jpg\" \/>\n\t<meta property=\"og:image:width\" content=\"1374\" \/>\n\t<meta property=\"og:image:height\" content=\"917\" \/>\n\t<meta property=\"og:image:type\" content=\"image\/jpeg\" \/>\n<meta name=\"author\" content=\"nordvillaspollensa\" \/>\n<meta name=\"twitter:card\" content=\"summary_large_image\" \/>\n<meta name=\"twitter:label1\" content=\"Skrevet av\" \/>\n\t<meta name=\"twitter:data1\" content=\"nordvillaspollensa\" \/>\n\t<meta name=\"twitter:label2\" content=\"Ansl. lesetid\" \/>\n\t<meta name=\"twitter:data2\" content=\"5 minutter\" \/>\n<script type=\"application\/ld+json\" class=\"yoast-schema-graph\">{\"@context\":\"https:\\\/\\\/schema.org\",\"@graph\":[{\"@type\":\"Article\",\"@id\":\"https:\\\/\\\/blog.nordvillaspollensa.com\\\/no\\\/villaer-til-leie-pa-mallorca\\\/#article\",\"isPartOf\":{\"@id\":\"https:\\\/\\\/blog.nordvillaspollensa.com\\\/no\\\/villaer-til-leie-pa-mallorca\\\/\"},\"author\":{\"name\":\"nordvillaspollensa\",\"@id\":\"https:\\\/\\\/blog.nordvillaspollensa.com\\\/#\\\/schema\\\/person\\\/bc98f3f935de2b7ef2d8b3e674c7861d\"},\"headline\":\"Villaer til leie p\u00e5 Mallorca\",\"datePublished\":\"2022-05-04T10:46:13+00:00\",\"dateModified\":\"2022-05-04T10:46:14+00:00\",\"mainEntityOfPage\":{\"@id\":\"https:\\\/\\\/blog.nordvillaspollensa.com\\\/no\\\/villaer-til-leie-pa-mallorca\\\/\"},\"wordCount\":1181,\"commentCount\":0,\"image\":{\"@id\":\"https:\\\/\\\/blog.nordvillaspollensa.com\\\/no\\\/villaer-til-leie-pa-mallorca\\\/#primaryimage\"},\"thumbnailUrl\":\"https:\\\/\\\/blog.nordvillaspollensa.com\\\/wp-content\\\/uploads\\\/2021\\\/04\\\/VP08-CAN-BLANCO-1.jpg\",\"articleSection\":[\"Uncategorized @no\"],\"inLanguage\":\"nb-NO\",\"potentialAction\":[{\"@type\":\"CommentAction\",\"name\":\"Comment\",\"target\":[\"https:\\\/\\\/blog.nordvillaspollensa.com\\\/no\\\/villaer-til-leie-pa-mallorca\\\/#respond\"]}]},{\"@type\":\"WebPage\",\"@id\":\"https:\\\/\\\/blog.nordvillaspollensa.com\\\/no\\\/villaer-til-leie-pa-mallorca\\\/\",\"url\":\"https:\\\/\\\/blog.nordvillaspollensa.com\\\/no\\\/villaer-til-leie-pa-mallorca\\\/\",\"name\":\"Villaer til leie p\u00e5 Mallorca - Blog\",\"isPartOf\":{\"@id\":\"https:\\\/\\\/blog.nordvillaspollensa.com\\\/#website\"},\"primaryImageOfPage\":{\"@id\":\"https:\\\/\\\/blog.nordvillaspollensa.com\\\/no\\\/villaer-til-leie-pa-mallorca\\\/#primaryimage\"},\"image\":{\"@id\":\"https:\\\/\\\/blog.nordvillaspollensa.com\\\/no\\\/villaer-til-leie-pa-mallorca\\\/#primaryimage\"},\"thumbnailUrl\":\"https:\\\/\\\/blog.nordvillaspollensa.com\\\/wp-content\\\/uploads\\\/2021\\\/04\\\/VP08-CAN-BLANCO-1.jpg\",\"datePublished\":\"2022-05-04T10:46:13+00:00\",\"dateModified\":\"2022-05-04T10:46:14+00:00\",\"author\":{\"@id\":\"https:\\\/\\\/blog.nordvillaspollensa.com\\\/#\\\/schema\\\/person\\\/bc98f3f935de2b7ef2d8b3e674c7861d\"},\"description\":\"Villaer til leie p\u00e5 Mallorca derfor er en ferie p\u00e5 Mallorca , uansett \u00e5rstid og hvor lenge den varer, alltid et godt alternativ.\",\"breadcrumb\":{\"@id\":\"https:\\\/\\\/blog.nordvillaspollensa.com\\\/no\\\/villaer-til-leie-pa-mallorca\\\/#breadcrumb\"},\"inLanguage\":\"nb-NO\",\"potentialAction\":[{\"@type\":\"ReadAction\",\"target\":[\"https:\\\/\\\/blog.nordvillaspollensa.com\\\/no\\\/villaer-til-leie-pa-mallorca\\\/\"]}]},{\"@type\":\"ImageObject\",\"inLanguage\":\"nb-NO\",\"@id\":\"https:\\\/\\\/blog.nordvillaspollensa.com\\\/no\\\/villaer-til-leie-pa-mallorca\\\/#primaryimage\",\"url\":\"https:\\\/\\\/blog.nordvillaspollensa.com\\\/wp-content\\\/uploads\\\/2021\\\/04\\\/VP08-CAN-BLANCO-1.jpg\",\"contentUrl\":\"https:\\\/\\\/blog.nordvillaspollensa.com\\\/wp-content\\\/uploads\\\/2021\\\/04\\\/VP08-CAN-BLANCO-1.jpg\",\"width\":1374,\"height\":917,\"caption\":\"alquiler de villas en Mallorca\"},{\"@type\":\"BreadcrumbList\",\"@id\":\"https:\\\/\\\/blog.nordvillaspollensa.com\\\/no\\\/villaer-til-leie-pa-mallorca\\\/#breadcrumb\",\"itemListElement\":[{\"@type\":\"ListItem\",\"position\":1,\"name\":\"Home\",\"item\":\"https:\\\/\\\/blog.nordvillaspollensa.com\\\/\"},{\"@type\":\"ListItem\",\"position\":2,\"name\":\"Villaer til leie p\u00e5 Mallorca\"}]},{\"@type\":\"WebSite\",\"@id\":\"https:\\\/\\\/blog.nordvillaspollensa.com\\\/#website\",\"url\":\"https:\\\/\\\/blog.nordvillaspollensa.com\\\/\",\"name\":\"Blog\",\"description\":\"\",\"potentialAction\":[{\"@type\":\"SearchAction\",\"target\":{\"@type\":\"EntryPoint\",\"urlTemplate\":\"https:\\\/\\\/blog.nordvillaspollensa.com\\\/?s={search_term_string}\"},\"query-input\":{\"@type\":\"PropertyValueSpecification\",\"valueRequired\":true,\"valueName\":\"search_term_string\"}}],\"inLanguage\":\"nb-NO\"},{\"@type\":\"Person\",\"@id\":\"https:\\\/\\\/blog.nordvillaspollensa.com\\\/#\\\/schema\\\/person\\\/bc98f3f935de2b7ef2d8b3e674c7861d\",\"name\":\"nordvillaspollensa\",\"image\":{\"@type\":\"ImageObject\",\"inLanguage\":\"nb-NO\",\"@id\":\"https:\\\/\\\/secure.gravatar.com\\\/avatar\\\/99197ff27043ec5d46dbc6d45891ee2769f2141cd226b537f17594ef60f82c55?s=96&d=mm&r=g\",\"url\":\"https:\\\/\\\/secure.gravatar.com\\\/avatar\\\/99197ff27043ec5d46dbc6d45891ee2769f2141cd226b537f17594ef60f82c55?s=96&d=mm&r=g\",\"contentUrl\":\"https:\\\/\\\/secure.gravatar.com\\\/avatar\\\/99197ff27043ec5d46dbc6d45891ee2769f2141cd226b537f17594ef60f82c55?s=96&d=mm&r=g\",\"caption\":\"nordvillaspollensa\"},\"url\":\"https:\\\/\\\/blog.nordvillaspollensa.com\\\/no\\\/author\\\/nordvillaspollensa\\\/\"}]}<\/script>\n<!-- \/ Yoast SEO plugin. -->","yoast_head_json":{"title":"Villaer til leie p\u00e5 Mallorca - Blog","description":"Villaer til leie p\u00e5 Mallorca derfor er en ferie p\u00e5 Mallorca , uansett \u00e5rstid og hvor lenge den varer, alltid et godt alternativ.","robots":{"index":"index","follow":"follow","max-snippet":"max-snippet:-1","max-image-preview":"max-image-preview:large","max-video-preview":"max-video-preview:-1"},"canonical":"https:\/\/blog.nordvillaspollensa.com\/no\/villaer-til-leie-pa-mallorca\/","og_locale":"nb_NO","og_type":"article","og_title":"Villaer til leie p\u00e5 Mallorca - Blog","og_description":"Villaer til leie p\u00e5 Mallorca derfor er en ferie p\u00e5 Mallorca , uansett \u00e5rstid og hvor lenge den varer, alltid et godt alternativ.","og_url":"https:\/\/blog.nordvillaspollensa.com\/no\/villaer-til-leie-pa-mallorca\/","og_site_name":"Blog","article_published_time":"2022-05-04T10:46:13+00:00","article_modified_time":"2022-05-04T10:46:14+00:00","og_image":[{"width":1374,"height":917,"url":"https:\/\/blog.nordvillaspollensa.com\/wp-content\/uploads\/2021\/04\/VP08-CAN-BLANCO-1.jpg","type":"image\/jpeg"}],"author":"nordvillaspollensa","twitter_card":"summary_large_image","twitter_misc":{"Skrevet av":"nordvillaspollensa","Ansl. lesetid":"5 minutter"},"schema":{"@context":"https:\/\/schema.org","@graph":[{"@type":"Article","@id":"https:\/\/blog.nordvillaspollensa.com\/no\/villaer-til-leie-pa-mallorca\/#article","isPartOf":{"@id":"https:\/\/blog.nordvillaspollensa.com\/no\/villaer-til-leie-pa-mallorca\/"},"author":{"name":"nordvillaspollensa","@id":"https:\/\/blog.nordvillaspollensa.com\/#\/schema\/person\/bc98f3f935de2b7ef2d8b3e674c7861d"},"headline":"Villaer til leie p\u00e5 Mallorca","datePublished":"2022-05-04T10:46:13+00:00","dateModified":"2022-05-04T10:46:14+00:00","mainEntityOfPage":{"@id":"https:\/\/blog.nordvillaspollensa.com\/no\/villaer-til-leie-pa-mallorca\/"},"wordCount":1181,"commentCount":0,"image":{"@id":"https:\/\/blog.nordvillaspollensa.com\/no\/villaer-til-leie-pa-mallorca\/#primaryimage"},"thumbnailUrl":"https:\/\/blog.nordvillaspollensa.com\/wp-content\/uploads\/2021\/04\/VP08-CAN-BLANCO-1.jpg","articleSection":["Uncategorized @no"],"inLanguage":"nb-NO","potentialAction":[{"@type":"CommentAction","name":"Comment","target":["https:\/\/blog.nordvillaspollensa.com\/no\/villaer-til-leie-pa-mallorca\/#respond"]}]},{"@type":"WebPage","@id":"https:\/\/blog.nordvillaspollensa.com\/no\/villaer-til-leie-pa-mallorca\/","url":"https:\/\/blog.nordvillaspollensa.com\/no\/villaer-til-leie-pa-mallorca\/","name":"Villaer til leie p\u00e5 Mallorca - Blog","isPartOf":{"@id":"https:\/\/blog.nordvillaspollensa.com\/#website"},"primaryImageOfPage":{"@id":"https:\/\/blog.nordvillaspollensa.com\/no\/villaer-til-leie-pa-mallorca\/#primaryimage"},"image":{"@id":"https:\/\/blog.nordvillaspollensa.com\/no\/villaer-til-leie-pa-mallorca\/#primaryimage"},"thumbnailUrl":"https:\/\/blog.nordvillaspollensa.com\/wp-content\/uploads\/2021\/04\/VP08-CAN-BLANCO-1.jpg","datePublished":"2022-05-04T10:46:13+00:00","dateModified":"2022-05-04T10:46:14+00:00","author":{"@id":"https:\/\/blog.nordvillaspollensa.com\/#\/schema\/person\/bc98f3f935de2b7ef2d8b3e674c7861d"},"description":"Villaer til leie p\u00e5 Mallorca derfor er en ferie p\u00e5 Mallorca , uansett \u00e5rstid og hvor lenge den varer, alltid et godt alternativ.","breadcrumb":{"@id":"https:\/\/blog.nordvillaspollensa.com\/no\/villaer-til-leie-pa-mallorca\/#breadcrumb"},"inLanguage":"nb-NO","potentialAction":[{"@type":"ReadAction","target":["https:\/\/blog.nordvillaspollensa.com\/no\/villaer-til-leie-pa-mallorca\/"]}]},{"@type":"ImageObject","inLanguage":"nb-NO","@id":"https:\/\/blog.nordvillaspollensa.com\/no\/villaer-til-leie-pa-mallorca\/#primaryimage","url":"https:\/\/blog.nordvillaspollensa.com\/wp-content\/uploads\/2021\/04\/VP08-CAN-BLANCO-1.jpg","contentUrl":"https:\/\/blog.nordvillaspollensa.com\/wp-content\/uploads\/2021\/04\/VP08-CAN-BLANCO-1.jpg","width":1374,"height":917,"caption":"alquiler de villas en Mallorca"},{"@type":"BreadcrumbList","@id":"https:\/\/blog.nordvillaspollensa.com\/no\/villaer-til-leie-pa-mallorca\/#breadcrumb","itemListElement":[{"@type":"ListItem","position":1,"name":"Home","item":"https:\/\/blog.nordvillaspollensa.com\/"},{"@type":"ListItem","position":2,"name":"Villaer til leie p\u00e5 Mallorca"}]},{"@type":"WebSite","@id":"https:\/\/blog.nordvillaspollensa.com\/#website","url":"https:\/\/blog.nordvillaspollensa.com\/","name":"Blog","description":"","potentialAction":[{"@type":"SearchAction","target":{"@type":"EntryPoint","urlTemplate":"https:\/\/blog.nordvillaspollensa.com\/?s={search_term_string}"},"query-input":{"@type":"PropertyValueSpecification","valueRequired":true,"valueName":"search_term_string"}}],"inLanguage":"nb-NO"},{"@type":"Person","@id":"https:\/\/blog.nordvillaspollensa.com\/#\/schema\/person\/bc98f3f935de2b7ef2d8b3e674c7861d","name":"nordvillaspollensa","image":{"@type":"ImageObject","inLanguage":"nb-NO","@id":"https:\/\/secure.gravatar.com\/avatar\/99197ff27043ec5d46dbc6d45891ee2769f2141cd226b537f17594ef60f82c55?s=96&d=mm&r=g","url":"https:\/\/secure.gravatar.com\/avatar\/99197ff27043ec5d46dbc6d45891ee2769f2141cd226b537f17594ef60f82c55?s=96&d=mm&r=g","contentUrl":"https:\/\/secure.gravatar.com\/avatar\/99197ff27043ec5d46dbc6d45891ee2769f2141cd226b537f17594ef60f82c55?s=96&d=mm&r=g","caption":"nordvillaspollensa"},"url":"https:\/\/blog.nordvillaspollensa.com\/no\/author\/nordvillaspollensa\/"}]}},"_links":{"self":[{"href":"https:\/\/blog.nordvillaspollensa.com\/no\/wp-json\/wp\/v2\/posts\/801","targetHints":{"allow":["GET"]}}],"collection":[{"href":"https:\/\/blog.nordvillaspollensa.com\/no\/wp-json\/wp\/v2\/posts"}],"about":[{"href":"https:\/\/blog.nordvillaspollensa.com\/no\/wp-json\/wp\/v2\/types\/post"}],"author":[{"embeddable":true,"href":"https:\/\/blog.nordvillaspollensa.com\/no\/wp-json\/wp\/v2\/users\/2"}],"replies":[{"embeddable":true,"href":"https:\/\/blog.nordvillaspollensa.com\/no\/wp-json\/wp\/v2\/comments?post=801"}],"version-history":[{"count":1,"href":"https:\/\/blog.nordvillaspollensa.com\/no\/wp-json\/wp\/v2\/posts\/801\/revisions"}],"predecessor-version":[{"id":802,"href":"https:\/\/blog.nordvillaspollensa.com\/no\/wp-json\/wp\/v2\/posts\/801\/revisions\/802"}],"wp:featuredmedia":[{"embeddable":true,"href":"https:\/\/blog.nordvillaspollensa.com\/no\/wp-json\/wp\/v2\/media\/803"}],"wp:attachment":[{"href":"https:\/\/blog.nordvillaspollensa.com\/no\/wp-json\/wp\/v2\/media?parent=801"}],"wp:term":[{"taxonomy":"category","embeddable":true,"href":"https:\/\/blog.nordvillaspollensa.com\/no\/wp-json\/wp\/v2\/categories?post=801"},{"taxonomy":"post_tag","embeddable":true,"href":"https:\/\/blog.nordvillaspollensa.com\/no\/wp-json\/wp\/v2\/tags?post=801"}],"curies":[{"name":"wp","href":"https:\/\/api.w.org\/{rel}","templated":true}]}}