{"id":810,"date":"2022-05-04T11:04:50","date_gmt":"2022-05-04T11:04:50","guid":{"rendered":"https:\/\/blog.nordvillaspollensa.com\/?p=810"},"modified":"2022-05-04T11:04:51","modified_gmt":"2022-05-04T11:04:51","slug":"feriehus-mallorca","status":"publish","type":"post","link":"https:\/\/blog.nordvillaspollensa.com\/no\/feriehus-mallorca\/","title":{"rendered":"Feriehus Mallorca"},"content":{"rendered":"\n<p>Mallorca tar imot millioner av turister hvert \u00e5r, for mange er det f\u00f8rste gang de har mulighet til \u00e5 komme, men for andre har Mallorca blitt hvert \u00e5rs feriem\u00e5l.&nbsp;Flere og flere mennesker endrer den klassiske hotell- eller herbergeinnkvarteringen for utleie av&nbsp;<strong>ferievillaer p\u00e5 Mallorca<\/strong>&nbsp;.<\/p>\n\n\n\n<p><strong>Ferievillaer p\u00e5 Mallorca<\/strong>&nbsp;bes\u00f8kes av familier eller vennegrupper p\u00e5 jakt etter privatliv, moro og fremfor alt komfort.&nbsp;Selv om&nbsp;<a href=\"https:\/\/blog.nordvillaspollensa.com\/villas-for-rent-in-majorca\/\"><strong>villaer til leie p\u00e5 Mallorca<\/strong><\/a>&nbsp;ogs\u00e5 er et alternativ for innbyggerne p\u00e5 \u00f8ya selv.&nbsp;Beboere som \u00f8nsker \u00e5 komme vekk fra monotonien og nyte en velfortjent hvile med all slags luksus.<\/p>\n\n\n\n<p>Dessuten er&nbsp;<strong>ferievillaer p\u00e5 Mallorca<\/strong>&nbsp;virkelig&nbsp;<a href=\"https:\/\/blog.nordvillaspollensa.com\/luxury-villas-in-majorca\/\"><strong>luksusvillaer p\u00e5 Mallorca<\/strong><\/a>&nbsp;.&nbsp;De fleste villaene har store dimensjoner med land, hage, sv\u00f8mmebasseng, grill og et mallorcansk hus p\u00e5 mange kvadratmeter og fullt utstyrt.<\/p>\n\n\n\n<p>Som vi allerede har sagt f\u00f8r, har det \u00e5 leie en Ferievilla p\u00e5&nbsp;<strong>Mallorca<\/strong>&nbsp;store fordeler sammenlignet med \u00e5 leie et hotell- eller hostelrom.&nbsp;Den st\u00f8rste fordelen er ledsaget av prisen per kvadratmeter.&nbsp;Det er mye mer l\u00f8nnsomt \u00e5 leie en villa.&nbsp;Du betaler det samme for&nbsp;<a href=\"https:\/\/blog.nordvillaspollensa.com\/majorca-villas-with-pool\/\"><strong>villaer p\u00e5 Mallorca med basseng<\/strong><\/a><strong>&nbsp;<\/strong>og hundrevis av kvadratmeter som for hotellrom p\u00e5 40 kvadratmeter og felles sv\u00f8mmebasseng.<\/p>\n\n\n\n<p>Du vet definitivt allerede at leie av&nbsp;<strong>ferievillaer p\u00e5 Mallorca<\/strong>&nbsp;er det beste alternativet for \u00e5 tilbringe&nbsp;<strong>ferien p\u00e5 Mallorca<\/strong>&nbsp;.&nbsp;N\u00e5 er det p\u00e5 tide \u00e5 oppdage de beste skattene som venter deg p\u00e5 \u00f8ya.<\/p>\n\n\n\n<h2 class=\"wp-block-heading\"><strong>Strender og bukter p\u00e5 Mallorca<\/strong><\/h2>\n\n\n\n<p>Muligens er&nbsp;<strong>strendene og vikene p\u00e5 Mallorca<\/strong>&nbsp;de beste skattene som venter deg p\u00e5 \u00f8ya.&nbsp;Hvis Mallorca er kjent for noe, er det for sine vakre strender og bukter med turkis og krystallklart vann, som ikke er misunnelsesverdig for de i Karibien.<\/p>\n\n\n\n<p>De beste&nbsp;<strong>strendene og vikene i Mallo<\/strong>&nbsp;rca finnes p\u00e5 den \u00f8stlige delen av \u00f8ya.<\/p>\n\n\n\n<h2 class=\"wp-block-heading\"><strong>Albercutx-stranden<\/strong><\/h2>\n\n\n\n<p>Det er en strand som ligger langs strandpromenaden i&nbsp;<strong>Puerto Pollensa<\/strong>&nbsp;.&nbsp;Blant de mer enn 1450 meter med kystlinje dannes sm\u00e5 strender med fin sand og krystallklart vann.&nbsp;Det som gj\u00f8r&nbsp;<strong>Albercutx-stranden<\/strong>&nbsp;til en av de beste&nbsp;<strong>strendene og vikene p\u00e5 Mallorca<\/strong>&nbsp;er skj\u00f8nnheten og historien som ligger i omgivelsene.&nbsp;P\u00e5 den ene siden ligger det vakre&nbsp;<strong>fyret l&#8217;Avan\u00e7ada<\/strong>&nbsp;og p\u00e5 den andre en milit\u00e6rbase og festning.<\/p>\n\n\n\n<p>En strand du absolutt b\u00f8r bes\u00f8ke og som heldigvis ligger i en av byene med de beste&nbsp;<strong>villaene p\u00e5 Mallorca<\/strong>&nbsp;som&nbsp;<a href=\"https:\/\/blog.nordvillaspollensa.com\/puerto-pollensa-villas\/\"><strong>Puerto Pollensa villaer<\/strong><\/a>&nbsp;eller&nbsp;<a href=\"https:\/\/www.nordvillaspollensa.com\/\"><strong>Pollensa villaer<\/strong><\/a>&nbsp;.<\/p>\n\n\n\n<h2 class=\"wp-block-heading\"><strong>Alcanada-stranden<\/strong><\/h2>\n\n\n\n<p>En annen av strendene \u00f8st p\u00e5 Mallorca som du b\u00f8r bes\u00f8ke er&nbsp;<strong>Playa Alcanada<\/strong>&nbsp;.&nbsp;Den har mindre dimensjoner, men likevel er det et sant paradis i Middelhavet.&nbsp;En steinstrand, med gjennomsiktig vann og akkompagnert av vegetasjon, gj\u00f8r&nbsp;<strong>Alcanada-stranden<\/strong>&nbsp;til en av de beste&nbsp;<strong>strendene og vikene p\u00e5 Mallorca<\/strong>&nbsp;.<\/p>\n\n\n\n<p><strong>Playa Alcanada<\/strong>&nbsp;ligger i en annen av de beste kommunene hvor du kan finne autentiske luksusvillaer, som&nbsp;<a href=\"https:\/\/blog.nordvillaspollensa.com\/villas-in-alcudia\/\"><strong>Villas i Alcudia<\/strong><\/a>&nbsp;.<\/p>\n\n\n\n<h2 class=\"wp-block-heading\"><strong>Cala Sa Calobra<\/strong><\/h2>\n\n\n\n<p>Sv\u00e6rt n\u00e6r de nevnte kommunene ligger utvilsomt en av de mest kjente vikene p\u00e5 \u00f8ya,&nbsp;<strong>Cala Sa Calobra<\/strong>&nbsp;.&nbsp;Det er en liten vik med postkortomslag.&nbsp;<strong>Sa Calobra<\/strong>&nbsp;er en naturlig vik dannet mellom to steinete klipper og med totalt krystallinsk og turkisbl\u00e5tt vann.&nbsp;Vi anbefaler at du b\u00e6rer kameraet, fordi du ikke vil kunne slutte \u00e5 ta bilder av det naturlige vidunderet.<\/p>\n\n\n\n<p>Ikke bare er&nbsp;<strong>Cala Sa Calobra<\/strong>&nbsp;vakker, men ogs\u00e5 m\u00e5ten du f\u00e5r tilgang til den p\u00e5.&nbsp;Kort sagt, hele komplekset gj\u00f8r det til en av de&nbsp;<strong>beste strendene og vikene p\u00e5 Mallorca<\/strong>&nbsp;.<\/p>\n\n\n\n<h2 class=\"wp-block-heading\"><strong>Byer p\u00e5 Mallorca<\/strong><\/h2>\n\n\n\n<p>Som vi allerede har nevnt, skjuler Mallorca virkelig vakre skatter.&nbsp;Byene&nbsp;<strong>Mallorca<\/strong>&nbsp;er utvilsomt en av dem, noen er kjent over hele verden for sin unike skj\u00f8nnhet, som&nbsp;<strong>Alcudia<\/strong>&nbsp;,&nbsp;<strong>Pollensa<\/strong>&nbsp;eller&nbsp;<strong>Puerto de Pollensa<\/strong>&nbsp;, blant mange andre.<\/p>\n\n\n\n<h2 class=\"wp-block-heading\"><strong>Alcudia<\/strong><\/h2>\n\n\n\n<p><strong>Alcudia<\/strong>&nbsp;er en av&nbsp;<strong>byene p\u00e5 Mallorca<\/strong>&nbsp;med mest levende historie, den er kjent for \u00e5 v\u00e6re en by som klarer \u00e5 overf\u00f8re deg til en annen tidsalder.&nbsp;Byen&nbsp;<strong>Alcudia<\/strong>&nbsp;er omgitt av imponerende middelalder- og renessansemurer, som beskyttet byen mot mange og aggressive piratangrep.&nbsp;Den dag i dag st\u00e5r fortsatt en stor del av disse murene og omfavner og beskytter gamlebyen i&nbsp;<strong>Alcudia<\/strong>&nbsp;.<\/p>\n\n\n\n<p>I tillegg overf\u00f8res&nbsp;skj\u00f8nnheten til&nbsp;<strong>Alcudia til fasadene til husene og g\u00e5rdene.&nbsp;<\/strong>Konstruksjoner laget av mallorcansk stein og dekorert med vakre fargerike blomster som gir liv til byen.<\/p>\n\n\n\n<h2 class=\"wp-block-heading\"><strong>Pollensa<\/strong><\/h2>\n\n\n\n<p>En annen av&nbsp;<strong>byene p\u00e5 Mallorca<\/strong>&nbsp;med mer historie er&nbsp;<strong>Pollensa<\/strong>&nbsp;, byen med de eldste skiltene p\u00e5 \u00f8ya.&nbsp;I&nbsp;<strong>Pollensa<\/strong>&nbsp;er det &laquo;talaiots&raquo; med mer enn 3000 \u00e5r og andre historiske monumenter som den romerske broen over&nbsp;<strong>Torrente de Sant Jordi<\/strong>&nbsp;.<\/p>\n\n\n\n<p><strong>Pollensa<\/strong>&nbsp;er uten tvil&nbsp;en av de mest sjarmerende&nbsp;<strong>byene p\u00e5 Mallorca<\/strong>&nbsp;, gatene og omgivelsene utstr\u00e5ler kultur og skj\u00f8nnhet.&nbsp;I tillegg er det&nbsp;<strong>mallorcanske villaer<\/strong>&nbsp;som er ideelle for \u00e5 nyte en ferie p\u00e5 \u00f8ya.<\/p>\n\n\n\n<h2 class=\"wp-block-heading\"><strong>Puerto Pollensa<\/strong><\/h2>\n\n\n\n<p><strong>Puerto Pollensa<\/strong>&nbsp;er en av de vakreste&nbsp;<strong>byene p\u00e5 Mallorca<\/strong>&nbsp;.&nbsp;En rolig by med dr\u00f8mmende strender og bukter ved siden av de beste restaurantene p\u00e5 \u00f8ya.&nbsp;Ligger mellom fjellene nord p\u00e5 \u00f8ya og kj\u00e6rtegnet av Middelhavet.&nbsp;<strong>Puerto Pollensa<\/strong>&nbsp;og dens skj\u00f8nnhet har tjent som inspirasjon for mange kunstnere, inkludert den store forfatteren Agatha Christie.<\/p>\n\n\n\n<p>Hvordan kunne det v\u00e6re annerledes, byen&nbsp;<strong>Puerto Pollensa<\/strong>&nbsp;overf\u00f8rer ogs\u00e5 den mallorkanske kulturen og tradisjonen i hvert av sine hj\u00f8rner.&nbsp;Blomstene og utskj\u00e6ringen av steinen dominerer, og etterlater en fantastisk kontrast med havet i bakgrunnen.<\/p>\n\n\n\n<h2 class=\"wp-block-heading\"><strong>Nord Villas Pollensa<\/strong><\/h2>\n\n\n\n<p>Kort sagt, Mallorca er det ideelle paradiset for \u00e5 nyte en uforglemmelig ferie i en av sine luksuri\u00f8se villaer.&nbsp;For \u00e5 leie en av&nbsp;<a href=\"https:\/\/blog.nordvillaspollensa.com\/villas-in-puerto-pollensa\/\"><strong>villaene i Puerto Pollensa<\/strong><\/a>&nbsp;,&nbsp;<strong>Pollensa<\/strong>&nbsp;eller&nbsp;<strong>Alcudia<\/strong>&nbsp;er det beste alternativet \u00e5 velge&nbsp;<strong>Nord Villas Pollensa<\/strong>&nbsp;.&nbsp;<strong>Nord Villas Pollensa<\/strong>&nbsp;er et feriebyr\u00e5 med de&nbsp;<strong>beste villaene p\u00e5 Mallorca<\/strong>&nbsp;.<\/p>\n\n\n\n<p>I&nbsp;<strong>Nord Villas<\/strong>&nbsp;finner du b\u00e5de&nbsp;<a href=\"https:\/\/blog.nordvillaspollensa.com\/villas-puerto-pollenca\/\"><strong>Villas Puerto Pollensa<\/strong><\/a>&nbsp;s\u00e5 vel som i andre byer p\u00e5 den \u00f8stlige delen av \u00f8ya.&nbsp;P\u00e5 nettsiden deres finner du alle tilgjengelige villaer med bilder og fasiliteter, samt den beste prisen per natt.<\/p>\n\n\n\n<p>Ikke n\u00f8l med \u00e5 bli kjent med Mallorca ved \u00e5 leie de beste villaene p\u00e5 \u00f8ya med&nbsp;<strong>Nord Villas<\/strong>&nbsp;.&nbsp;Autentiske&nbsp;<strong>mallorcanske villaer<\/strong>&nbsp;til den beste prisen og med all slags luksus og bekvemmeligheter, ideelle for ferier med familie eller venner.<\/p>\n","protected":false},"excerpt":{"rendered":"<p>Mallorca tar imot millioner av turister hvert \u00e5r, for mange er det f\u00f8rste gang de har mulighet til \u00e5 komme,&#8230;<\/p>\n","protected":false},"author":2,"featured_media":812,"comment_status":"open","ping_status":"closed","sticky":false,"template":"","format":"standard","meta":{"footnotes":""},"categories":[20],"tags":[],"class_list":["post-810","post","type-post","status-publish","format-standard","has-post-thumbnail","hentry","category-uncategorized-no"],"yoast_head":"<!-- This site is optimized with the Yoast SEO plugin v27.4 - https:\/\/yoast.com\/product\/yoast-seo-wordpress\/ -->\n<title>Feriehus Mallorca - Blog<\/title>\n<meta name=\"description\" content=\"Flere og flere mennesker endrer den klassiske hotell- eller herbergeinnkvarteringen for utleie av ferievillaer p\u00e5 Mallorca .\" \/>\n<meta name=\"robots\" content=\"index, follow, max-snippet:-1, max-image-preview:large, max-video-preview:-1\" \/>\n<link rel=\"canonical\" href=\"https:\/\/blog.nordvillaspollensa.com\/no\/feriehus-mallorca\/\" \/>\n<meta property=\"og:locale\" content=\"nb_NO\" \/>\n<meta property=\"og:type\" content=\"article\" \/>\n<meta property=\"og:title\" content=\"Feriehus Mallorca - Blog\" \/>\n<meta property=\"og:description\" content=\"Flere og flere mennesker endrer den klassiske hotell- eller herbergeinnkvarteringen for utleie av ferievillaer p\u00e5 Mallorca .\" \/>\n<meta property=\"og:url\" content=\"https:\/\/blog.nordvillaspollensa.com\/no\/feriehus-mallorca\/\" \/>\n<meta property=\"og:site_name\" content=\"Blog\" \/>\n<meta property=\"article:published_time\" content=\"2022-05-04T11:04:50+00:00\" \/>\n<meta property=\"article:modified_time\" content=\"2022-05-04T11:04:51+00:00\" \/>\n<meta property=\"og:image\" content=\"https:\/\/blog.nordvillaspollensa.com\/wp-content\/uploads\/2021\/10\/Captura-de-pantalla-2021-10-18-095742.png\" \/>\n\t<meta property=\"og:image:width\" content=\"1000\" \/>\n\t<meta property=\"og:image:height\" content=\"691\" \/>\n\t<meta property=\"og:image:type\" content=\"image\/png\" \/>\n<meta name=\"author\" content=\"nordvillaspollensa\" \/>\n<meta name=\"twitter:card\" content=\"summary_large_image\" \/>\n<meta name=\"twitter:label1\" content=\"Skrevet av\" \/>\n\t<meta name=\"twitter:data1\" content=\"nordvillaspollensa\" \/>\n\t<meta name=\"twitter:label2\" content=\"Ansl. lesetid\" \/>\n\t<meta name=\"twitter:data2\" content=\"5 minutter\" \/>\n<script type=\"application\/ld+json\" class=\"yoast-schema-graph\">{\"@context\":\"https:\\\/\\\/schema.org\",\"@graph\":[{\"@type\":\"Article\",\"@id\":\"https:\\\/\\\/blog.nordvillaspollensa.com\\\/no\\\/feriehus-mallorca\\\/#article\",\"isPartOf\":{\"@id\":\"https:\\\/\\\/blog.nordvillaspollensa.com\\\/no\\\/feriehus-mallorca\\\/\"},\"author\":{\"name\":\"nordvillaspollensa\",\"@id\":\"https:\\\/\\\/blog.nordvillaspollensa.com\\\/#\\\/schema\\\/person\\\/bc98f3f935de2b7ef2d8b3e674c7861d\"},\"headline\":\"Feriehus Mallorca\",\"datePublished\":\"2022-05-04T11:04:50+00:00\",\"dateModified\":\"2022-05-04T11:04:51+00:00\",\"mainEntityOfPage\":{\"@id\":\"https:\\\/\\\/blog.nordvillaspollensa.com\\\/no\\\/feriehus-mallorca\\\/\"},\"wordCount\":1149,\"commentCount\":0,\"image\":{\"@id\":\"https:\\\/\\\/blog.nordvillaspollensa.com\\\/no\\\/feriehus-mallorca\\\/#primaryimage\"},\"thumbnailUrl\":\"https:\\\/\\\/blog.nordvillaspollensa.com\\\/wp-content\\\/uploads\\\/2021\\\/10\\\/Captura-de-pantalla-2021-10-18-095742.png\",\"articleSection\":[\"Uncategorized @no\"],\"inLanguage\":\"nb-NO\",\"potentialAction\":[{\"@type\":\"CommentAction\",\"name\":\"Comment\",\"target\":[\"https:\\\/\\\/blog.nordvillaspollensa.com\\\/no\\\/feriehus-mallorca\\\/#respond\"]}]},{\"@type\":\"WebPage\",\"@id\":\"https:\\\/\\\/blog.nordvillaspollensa.com\\\/no\\\/feriehus-mallorca\\\/\",\"url\":\"https:\\\/\\\/blog.nordvillaspollensa.com\\\/no\\\/feriehus-mallorca\\\/\",\"name\":\"Feriehus Mallorca - Blog\",\"isPartOf\":{\"@id\":\"https:\\\/\\\/blog.nordvillaspollensa.com\\\/#website\"},\"primaryImageOfPage\":{\"@id\":\"https:\\\/\\\/blog.nordvillaspollensa.com\\\/no\\\/feriehus-mallorca\\\/#primaryimage\"},\"image\":{\"@id\":\"https:\\\/\\\/blog.nordvillaspollensa.com\\\/no\\\/feriehus-mallorca\\\/#primaryimage\"},\"thumbnailUrl\":\"https:\\\/\\\/blog.nordvillaspollensa.com\\\/wp-content\\\/uploads\\\/2021\\\/10\\\/Captura-de-pantalla-2021-10-18-095742.png\",\"datePublished\":\"2022-05-04T11:04:50+00:00\",\"dateModified\":\"2022-05-04T11:04:51+00:00\",\"author\":{\"@id\":\"https:\\\/\\\/blog.nordvillaspollensa.com\\\/#\\\/schema\\\/person\\\/bc98f3f935de2b7ef2d8b3e674c7861d\"},\"description\":\"Flere og flere mennesker endrer den klassiske hotell- eller herbergeinnkvarteringen for utleie av ferievillaer p\u00e5 Mallorca .\",\"breadcrumb\":{\"@id\":\"https:\\\/\\\/blog.nordvillaspollensa.com\\\/no\\\/feriehus-mallorca\\\/#breadcrumb\"},\"inLanguage\":\"nb-NO\",\"potentialAction\":[{\"@type\":\"ReadAction\",\"target\":[\"https:\\\/\\\/blog.nordvillaspollensa.com\\\/no\\\/feriehus-mallorca\\\/\"]}]},{\"@type\":\"ImageObject\",\"inLanguage\":\"nb-NO\",\"@id\":\"https:\\\/\\\/blog.nordvillaspollensa.com\\\/no\\\/feriehus-mallorca\\\/#primaryimage\",\"url\":\"https:\\\/\\\/blog.nordvillaspollensa.com\\\/wp-content\\\/uploads\\\/2021\\\/10\\\/Captura-de-pantalla-2021-10-18-095742.png\",\"contentUrl\":\"https:\\\/\\\/blog.nordvillaspollensa.com\\\/wp-content\\\/uploads\\\/2021\\\/10\\\/Captura-de-pantalla-2021-10-18-095742.png\",\"width\":1000,\"height\":691},{\"@type\":\"BreadcrumbList\",\"@id\":\"https:\\\/\\\/blog.nordvillaspollensa.com\\\/no\\\/feriehus-mallorca\\\/#breadcrumb\",\"itemListElement\":[{\"@type\":\"ListItem\",\"position\":1,\"name\":\"Home\",\"item\":\"https:\\\/\\\/blog.nordvillaspollensa.com\\\/\"},{\"@type\":\"ListItem\",\"position\":2,\"name\":\"Feriehus Mallorca\"}]},{\"@type\":\"WebSite\",\"@id\":\"https:\\\/\\\/blog.nordvillaspollensa.com\\\/#website\",\"url\":\"https:\\\/\\\/blog.nordvillaspollensa.com\\\/\",\"name\":\"Blog\",\"description\":\"\",\"potentialAction\":[{\"@type\":\"SearchAction\",\"target\":{\"@type\":\"EntryPoint\",\"urlTemplate\":\"https:\\\/\\\/blog.nordvillaspollensa.com\\\/?s={search_term_string}\"},\"query-input\":{\"@type\":\"PropertyValueSpecification\",\"valueRequired\":true,\"valueName\":\"search_term_string\"}}],\"inLanguage\":\"nb-NO\"},{\"@type\":\"Person\",\"@id\":\"https:\\\/\\\/blog.nordvillaspollensa.com\\\/#\\\/schema\\\/person\\\/bc98f3f935de2b7ef2d8b3e674c7861d\",\"name\":\"nordvillaspollensa\",\"image\":{\"@type\":\"ImageObject\",\"inLanguage\":\"nb-NO\",\"@id\":\"https:\\\/\\\/secure.gravatar.com\\\/avatar\\\/99197ff27043ec5d46dbc6d45891ee2769f2141cd226b537f17594ef60f82c55?s=96&d=mm&r=g\",\"url\":\"https:\\\/\\\/secure.gravatar.com\\\/avatar\\\/99197ff27043ec5d46dbc6d45891ee2769f2141cd226b537f17594ef60f82c55?s=96&d=mm&r=g\",\"contentUrl\":\"https:\\\/\\\/secure.gravatar.com\\\/avatar\\\/99197ff27043ec5d46dbc6d45891ee2769f2141cd226b537f17594ef60f82c55?s=96&d=mm&r=g\",\"caption\":\"nordvillaspollensa\"},\"url\":\"https:\\\/\\\/blog.nordvillaspollensa.com\\\/no\\\/author\\\/nordvillaspollensa\\\/\"}]}<\/script>\n<!-- \/ Yoast SEO plugin. -->","yoast_head_json":{"title":"Feriehus Mallorca - Blog","description":"Flere og flere mennesker endrer den klassiske hotell- eller herbergeinnkvarteringen for utleie av ferievillaer p\u00e5 Mallorca .","robots":{"index":"index","follow":"follow","max-snippet":"max-snippet:-1","max-image-preview":"max-image-preview:large","max-video-preview":"max-video-preview:-1"},"canonical":"https:\/\/blog.nordvillaspollensa.com\/no\/feriehus-mallorca\/","og_locale":"nb_NO","og_type":"article","og_title":"Feriehus Mallorca - Blog","og_description":"Flere og flere mennesker endrer den klassiske hotell- eller herbergeinnkvarteringen for utleie av ferievillaer p\u00e5 Mallorca .","og_url":"https:\/\/blog.nordvillaspollensa.com\/no\/feriehus-mallorca\/","og_site_name":"Blog","article_published_time":"2022-05-04T11:04:50+00:00","article_modified_time":"2022-05-04T11:04:51+00:00","og_image":[{"width":1000,"height":691,"url":"https:\/\/blog.nordvillaspollensa.com\/wp-content\/uploads\/2021\/10\/Captura-de-pantalla-2021-10-18-095742.png","type":"image\/png"}],"author":"nordvillaspollensa","twitter_card":"summary_large_image","twitter_misc":{"Skrevet av":"nordvillaspollensa","Ansl. lesetid":"5 minutter"},"schema":{"@context":"https:\/\/schema.org","@graph":[{"@type":"Article","@id":"https:\/\/blog.nordvillaspollensa.com\/no\/feriehus-mallorca\/#article","isPartOf":{"@id":"https:\/\/blog.nordvillaspollensa.com\/no\/feriehus-mallorca\/"},"author":{"name":"nordvillaspollensa","@id":"https:\/\/blog.nordvillaspollensa.com\/#\/schema\/person\/bc98f3f935de2b7ef2d8b3e674c7861d"},"headline":"Feriehus Mallorca","datePublished":"2022-05-04T11:04:50+00:00","dateModified":"2022-05-04T11:04:51+00:00","mainEntityOfPage":{"@id":"https:\/\/blog.nordvillaspollensa.com\/no\/feriehus-mallorca\/"},"wordCount":1149,"commentCount":0,"image":{"@id":"https:\/\/blog.nordvillaspollensa.com\/no\/feriehus-mallorca\/#primaryimage"},"thumbnailUrl":"https:\/\/blog.nordvillaspollensa.com\/wp-content\/uploads\/2021\/10\/Captura-de-pantalla-2021-10-18-095742.png","articleSection":["Uncategorized @no"],"inLanguage":"nb-NO","potentialAction":[{"@type":"CommentAction","name":"Comment","target":["https:\/\/blog.nordvillaspollensa.com\/no\/feriehus-mallorca\/#respond"]}]},{"@type":"WebPage","@id":"https:\/\/blog.nordvillaspollensa.com\/no\/feriehus-mallorca\/","url":"https:\/\/blog.nordvillaspollensa.com\/no\/feriehus-mallorca\/","name":"Feriehus Mallorca - Blog","isPartOf":{"@id":"https:\/\/blog.nordvillaspollensa.com\/#website"},"primaryImageOfPage":{"@id":"https:\/\/blog.nordvillaspollensa.com\/no\/feriehus-mallorca\/#primaryimage"},"image":{"@id":"https:\/\/blog.nordvillaspollensa.com\/no\/feriehus-mallorca\/#primaryimage"},"thumbnailUrl":"https:\/\/blog.nordvillaspollensa.com\/wp-content\/uploads\/2021\/10\/Captura-de-pantalla-2021-10-18-095742.png","datePublished":"2022-05-04T11:04:50+00:00","dateModified":"2022-05-04T11:04:51+00:00","author":{"@id":"https:\/\/blog.nordvillaspollensa.com\/#\/schema\/person\/bc98f3f935de2b7ef2d8b3e674c7861d"},"description":"Flere og flere mennesker endrer den klassiske hotell- eller herbergeinnkvarteringen for utleie av ferievillaer p\u00e5 Mallorca .","breadcrumb":{"@id":"https:\/\/blog.nordvillaspollensa.com\/no\/feriehus-mallorca\/#breadcrumb"},"inLanguage":"nb-NO","potentialAction":[{"@type":"ReadAction","target":["https:\/\/blog.nordvillaspollensa.com\/no\/feriehus-mallorca\/"]}]},{"@type":"ImageObject","inLanguage":"nb-NO","@id":"https:\/\/blog.nordvillaspollensa.com\/no\/feriehus-mallorca\/#primaryimage","url":"https:\/\/blog.nordvillaspollensa.com\/wp-content\/uploads\/2021\/10\/Captura-de-pantalla-2021-10-18-095742.png","contentUrl":"https:\/\/blog.nordvillaspollensa.com\/wp-content\/uploads\/2021\/10\/Captura-de-pantalla-2021-10-18-095742.png","width":1000,"height":691},{"@type":"BreadcrumbList","@id":"https:\/\/blog.nordvillaspollensa.com\/no\/feriehus-mallorca\/#breadcrumb","itemListElement":[{"@type":"ListItem","position":1,"name":"Home","item":"https:\/\/blog.nordvillaspollensa.com\/"},{"@type":"ListItem","position":2,"name":"Feriehus Mallorca"}]},{"@type":"WebSite","@id":"https:\/\/blog.nordvillaspollensa.com\/#website","url":"https:\/\/blog.nordvillaspollensa.com\/","name":"Blog","description":"","potentialAction":[{"@type":"SearchAction","target":{"@type":"EntryPoint","urlTemplate":"https:\/\/blog.nordvillaspollensa.com\/?s={search_term_string}"},"query-input":{"@type":"PropertyValueSpecification","valueRequired":true,"valueName":"search_term_string"}}],"inLanguage":"nb-NO"},{"@type":"Person","@id":"https:\/\/blog.nordvillaspollensa.com\/#\/schema\/person\/bc98f3f935de2b7ef2d8b3e674c7861d","name":"nordvillaspollensa","image":{"@type":"ImageObject","inLanguage":"nb-NO","@id":"https:\/\/secure.gravatar.com\/avatar\/99197ff27043ec5d46dbc6d45891ee2769f2141cd226b537f17594ef60f82c55?s=96&d=mm&r=g","url":"https:\/\/secure.gravatar.com\/avatar\/99197ff27043ec5d46dbc6d45891ee2769f2141cd226b537f17594ef60f82c55?s=96&d=mm&r=g","contentUrl":"https:\/\/secure.gravatar.com\/avatar\/99197ff27043ec5d46dbc6d45891ee2769f2141cd226b537f17594ef60f82c55?s=96&d=mm&r=g","caption":"nordvillaspollensa"},"url":"https:\/\/blog.nordvillaspollensa.com\/no\/author\/nordvillaspollensa\/"}]}},"_links":{"self":[{"href":"https:\/\/blog.nordvillaspollensa.com\/no\/wp-json\/wp\/v2\/posts\/810","targetHints":{"allow":["GET"]}}],"collection":[{"href":"https:\/\/blog.nordvillaspollensa.com\/no\/wp-json\/wp\/v2\/posts"}],"about":[{"href":"https:\/\/blog.nordvillaspollensa.com\/no\/wp-json\/wp\/v2\/types\/post"}],"author":[{"embeddable":true,"href":"https:\/\/blog.nordvillaspollensa.com\/no\/wp-json\/wp\/v2\/users\/2"}],"replies":[{"embeddable":true,"href":"https:\/\/blog.nordvillaspollensa.com\/no\/wp-json\/wp\/v2\/comments?post=810"}],"version-history":[{"count":1,"href":"https:\/\/blog.nordvillaspollensa.com\/no\/wp-json\/wp\/v2\/posts\/810\/revisions"}],"predecessor-version":[{"id":811,"href":"https:\/\/blog.nordvillaspollensa.com\/no\/wp-json\/wp\/v2\/posts\/810\/revisions\/811"}],"wp:featuredmedia":[{"embeddable":true,"href":"https:\/\/blog.nordvillaspollensa.com\/no\/wp-json\/wp\/v2\/media\/812"}],"wp:attachment":[{"href":"https:\/\/blog.nordvillaspollensa.com\/no\/wp-json\/wp\/v2\/media?parent=810"}],"wp:term":[{"taxonomy":"category","embeddable":true,"href":"https:\/\/blog.nordvillaspollensa.com\/no\/wp-json\/wp\/v2\/categories?post=810"},{"taxonomy":"post_tag","embeddable":true,"href":"https:\/\/blog.nordvillaspollensa.com\/no\/wp-json\/wp\/v2\/tags?post=810"}],"curies":[{"name":"wp","href":"https:\/\/api.w.org\/{rel}","templated":true}]}}