{"id":813,"date":"2022-05-04T11:07:50","date_gmt":"2022-05-04T11:07:50","guid":{"rendered":"https:\/\/blog.nordvillaspollensa.com\/?p=813"},"modified":"2022-05-04T11:07:51","modified_gmt":"2022-05-04T11:07:51","slug":"villa-til-leie-i-puerto-pollensa","status":"publish","type":"post","link":"https:\/\/blog.nordvillaspollensa.com\/no\/villa-til-leie-i-puerto-pollensa\/","title":{"rendered":"Villaer til leie i Puerto Pollensa"},"content":{"rendered":"\n<p>\u00c5 velge&nbsp;<strong>Mallorca<\/strong>&nbsp;som reisem\u00e5l er det beste alternativet for \u00e5 sikre at du kommer til \u00e5 nyte ferien.&nbsp;<strong>Serra de Tramuntana<\/strong>&nbsp;,&nbsp;katedralen&nbsp;<strong>i Palma<\/strong>&nbsp;, mangfoldet av strender og bukter langs hele&nbsp;<strong>kysten av Mallorca<\/strong>&nbsp;&#8230; De gj\u00f8r dette stedet til det perfekte reisem\u00e5let for \u00e5 slappe av og nyte.<\/p>\n\n\n\n<p>En av de beste m\u00e5tene \u00e5 nyte&nbsp;<strong>ferien p\u00e5 Mallorca p\u00e5<\/strong>&nbsp;er utvilsomt \u00e5 velge alternativet for \u00e5 leie en villa som overnatting under oppholdet, og enda flere&nbsp;<strong>Villaer \u00e5 leie i Puerto Pollensa<\/strong>&nbsp;.&nbsp;\u00c5 bo i en villa er den mest komfortable og private m\u00e5ten \u00e5&nbsp;<strong>nyte Mallorca<\/strong>&nbsp;p\u00e5, og i dette tilfellet spesielt den nordlige delen av \u00f8ya.<\/p>\n\n\n\n<p>I dette omr\u00e5det av&nbsp;<strong>Mallorca<\/strong>&nbsp;er det en rekke historiske monumenter, strender og steder \u00e5 bes\u00f8ke.&nbsp;Det er derfor vi kommer til \u00e5 gi deg all n\u00f8dvendig informasjon slik at du vet alt du trenger for \u00e5 f\u00e5 mest mulig ut av&nbsp;<strong>ferien i Puerto Pollensa<\/strong>&nbsp;.<\/p>\n\n\n\n<h2 class=\"wp-block-heading\"><strong>Puerto Pollensa<\/strong><\/h2>\n\n\n\n<p><strong>Puerto Pollensa<\/strong>&nbsp;er en liten kystby&nbsp;<strong>nord p\u00e5 Mallorca<\/strong>&nbsp;.&nbsp;Det er et veldig kjent sted som utvilsomt lurer alle som oppdager det.&nbsp;Promenaden noen f\u00e5 meter fra sj\u00f8en er et veldig rolig sted \u00e5 g\u00e5.&nbsp;Det er omgitt av en rekke barer, restauranter og isbarer hvor du kan pr\u00f8ve alle typer&nbsp;<strong>mallorcanske produkter<\/strong>&nbsp;.<\/p>\n\n\n\n<p>I havnen kan du ogs\u00e5 finne en vakker yachtklubb og spasere langs bryggene, oppdage llauts, typiske&nbsp;<strong>Mallorca<\/strong>&nbsp;fiskeb\u00e5ter.&nbsp;Det er ogs\u00e5, i n\u00e6rheten av&nbsp;<strong>Puerto Pollensa<\/strong>&nbsp;, rester av&nbsp;<strong>f\u00f8rromerske<\/strong>&nbsp;og&nbsp;<strong>romerske byer Bocchoris<\/strong>&nbsp;, et sjarmerende sted som alle b\u00f8r bes\u00f8ke.<\/p>\n\n\n\n<p>Av disse grunner er det \u00e5 v\u00e6re n\u00e6r&nbsp;<strong>Puerto Pollensa<\/strong>&nbsp;og leie en av&nbsp;<a href=\"https:\/\/blog.nordvillaspollensa.com\/puerto-pollensa-villas\/\"><strong>Puerto Pollensa-villaene<\/strong><\/a>&nbsp;utvilsomt det beste alternativet for \u00e5 slappe av, slappe av og nyte alle kriker og kroker i omr\u00e5det.&nbsp;Deretter skal vi gi deg en liste over&nbsp;<strong>ting du kan gj\u00f8re i Puerto Pollensa<\/strong>&nbsp;, for \u00e5 uttrykke opplevelsen din p\u00e5&nbsp;<strong>Mallorca<\/strong>&nbsp;.<\/p>\n\n\n\n<h2 class=\"wp-block-heading\"><strong>Ting \u00e5 gj\u00f8re i Puerto Pollensa<\/strong><\/h2>\n\n\n\n<p>Det er mange&nbsp;<strong>ting de gj\u00f8r i Puerto Pollensa<\/strong>&nbsp;.&nbsp;Det viktigste og mest kjente er \u00e5 ta en kort utflukt med bil eller sykkel til&nbsp;<strong>Formentor Fyr<\/strong>&nbsp;.&nbsp;Det er et av de mest kjente og mest spektakul\u00e6re utsiktspunktene p\u00e5&nbsp;<strong>Mallorca<\/strong>&nbsp;.&nbsp;Med klipper som faller til de m\u00f8ter havet og omgitt av et milj\u00f8 fullt av vegetasjon, er det utvilsomt et obligatorisk stopp under oppholdet i&nbsp;<\/p>\n\n\n\n<h2 class=\"wp-block-heading\"><strong>Villaer Puerto Pollensa<\/strong><\/h2>\n\n\n\n<p>Et annet alternativ \u00e5 gj\u00f8re i&nbsp;<strong>Puerto Pollensa<\/strong>&nbsp;er \u00e5 leie en b\u00e5t p\u00e5&nbsp;<strong>Puerto Pollensa Yacht Club<\/strong>&nbsp;og nyte hele&nbsp;<strong>kysten av Mallorca<\/strong>&nbsp;.&nbsp;\u00c5 kjenne&nbsp;<strong>Mallorca<\/strong>&nbsp;fra havet skaper endel\u00f8se opplevelser.&nbsp;Dette er fordi det er en annerledes opplevelse enn noe du noen gang har kjent f\u00f8r.&nbsp;Ikke glem \u00e5 ta en dukkert, ta p\u00e5 deg dykkermasken og begynne \u00e5 bli kjent med hele den baleareske havbunnen.<\/p>\n\n\n\n<p>Som vi har nevnt tidligere, er det utvilsomt et fantastisk alternativ \u00e5 spasere langs promenaden og sitte p\u00e5 en av de forskjellige barene og restaurantene i omr\u00e5det.&nbsp;Ogs\u00e5 i&nbsp;<strong>Puerto Pollensa<\/strong>&nbsp;, om natten, er det mye atmosf\u00e6re, s\u00e5 du vil finne forskjellige steder med musikk hvor du kan ta en drink og nyte.<\/p>\n\n\n\n<h2 class=\"wp-block-heading\"><strong>Strender i Puerto Pollensa<\/strong><\/h2>\n\n\n\n<p>Rundt&nbsp;<strong>villaene til leie i Puerto Pollensa<\/strong>&nbsp;er det en rekke strender \u00e5 kjenne til og forelske seg i.&nbsp;Den mest kjente, og spesielle, er&nbsp;<strong>stranden i Formentor<\/strong>&nbsp;.&nbsp;Med en furuskog som omgir den og en rekke tjenester, er det utvilsomt et idyllisk sted \u00e5 tilbringe&nbsp;<strong>ferien p\u00e5 Mallorca<\/strong>&nbsp;.&nbsp;Det turkise vannet og den gylne sanden f\u00e5r deg til \u00e5 slappe av og nyte dette spesielle hj\u00f8rnet til det fulle.<\/p>\n\n\n\n<p>En annen av&nbsp;<strong>strendene i n\u00e6rheten av Puerto Pollensa<\/strong>&nbsp;er&nbsp;<strong>stranden des Coll Baix<\/strong>&nbsp;.&nbsp;Det er en jomfruelig strand, dannet av sm\u00e5 steiner og omgitt av klipper.&nbsp;For \u00e5 komme dit m\u00e5 du ta en kort 25-minutters ekskursjon, men det vil utvilsomt v\u00e6re verdt det, s\u00e5 ikke glem komfortable sko.&nbsp;Siden den er p\u00e5 et sted som er vanskelig tilgjengelig for biler, har den ingen service, s\u00e5 husk \u00e5 ta med alt du trenger for \u00e5 tilbringe en hyggelig dag p\u00e5 stranden: vann, solkrem, mat, h\u00e5ndkle&#8230;<\/p>\n\n\n\n<p>Men hvis det du leter etter er den n\u00e6rmeste stranden til&nbsp;<a href=\"https:\/\/blog.nordvillaspollensa.com\/villas-in-puerto-pollensa\/\"><strong>Villas i Puerto Pollensa<\/strong><\/a>&nbsp;, kan du finne&nbsp;<strong>Albercutx-stranden<\/strong>&nbsp;.&nbsp;Ligger ved enden av&nbsp;<strong>Puerto Pollensa-promenaden<\/strong>&nbsp;kan du finne dette vakre sandomr\u00e5det som ligger i sentrum av dette kystomr\u00e5det.&nbsp;Denne stranden har en rekke tjenester og er perfekt \u00e5 g\u00e5 med de sm\u00e5 for \u00e5 nyte den.<\/p>\n\n\n\n<h2 class=\"wp-block-heading\"><strong>Puerto Pollensa villaer<\/strong><\/h2>\n\n\n\n<p><a href=\"https:\/\/blog.nordvillaspollensa.com\/villas-puerto-pollenca\/\"><strong>Villas Puerto Pollensa<\/strong>&nbsp;<\/a>er det&nbsp;perfekte alternativet for alle som s\u00f8ker privatliv og fortreffelighet under&nbsp;<strong>ferien p\u00e5 Mallorca<\/strong>&nbsp;.&nbsp;Men det er sant at alle villaene&nbsp;<strong>nord p\u00e5 Mallorca<\/strong>&nbsp;alltid er en god id\u00e9.&nbsp;For eksempel er&nbsp;<a href=\"https:\/\/www.nordvillaspollensa.com\/\"><strong>Pollensa-villaene<\/strong><\/a>&nbsp;ogs\u00e5 perfekte for \u00e5 nyte denne vakre byen&nbsp;<strong>nord p\u00e5 Mallorca<\/strong>&nbsp;.&nbsp;Og det samme med&nbsp;<a href=\"https:\/\/blog.nordvillaspollensa.com\/villas-in-alcudia\/\"><strong>villaene i Alcudia<\/strong><\/a>&nbsp;, ogs\u00e5 plassert ved havet og med en 100% middelhavsatmosf\u00e6re.<\/p>\n\n\n\n<p>Hos&nbsp;<strong>Nord Villas Pollensa<\/strong>&nbsp;har vi mange forskjellige&nbsp;<a href=\"https:\/\/blog.nordvillaspollensa.com\/luxury-villas-in-majorca\/\"><strong>luksusvillaer p\u00e5 Mallorca<\/strong><\/a>&nbsp;til leie.&nbsp;Alle er romslige, vakre og med alt du trenger for \u00e5 gj\u00f8re&nbsp;<strong>ferien din p\u00e5 Mallorca<\/strong>&nbsp;perfekt.<\/p>\n\n\n\n<p>Hvis du lurer p\u00e5 hvorfor&nbsp;<strong>villaer til leie p\u00e5 Mallorca<\/strong>&nbsp;er det beste alternativet for ditt&nbsp;<strong>opphold p\u00e5 Mallorca<\/strong>&nbsp;, er det p\u00e5 grunn av personvernet disse stedene gir deg.&nbsp;Stillheten ved \u00e5 nyte alle fasilitetene, som bassenget, alene og for deg selv, er noen av de mange andre fordelene som&nbsp;<a href=\"https:\/\/blog.nordvillaspollensa.com\/holiday-villas-mallorca\/\"><strong>Ferievillaer Mallorca<\/strong><\/a>&nbsp;tilbyr deg.<\/p>\n\n\n\n<h2 class=\"wp-block-heading\"><strong>Nord Villas Pollensa<\/strong><\/h2>\n\n\n\n<p>Av alle disse grunnene, hvis du tenker p\u00e5 og ser p\u00e5&nbsp;<a href=\"https:\/\/blog.nordvillaspollensa.com\/villas-for-rent-in-majorca\/\"><strong>villaer til leie p\u00e5 Mallorca<\/strong><\/a>&nbsp;, ikke n\u00f8l med \u00e5 velge&nbsp;<strong>Nord Villas Pollensa<\/strong>&nbsp;.&nbsp;Med mye erfaring i sektoren og spesielt i den&nbsp;<strong>nordlige delen av Mallorca<\/strong>&nbsp;, er det utvilsomt det perfekte alternativet.&nbsp;Leter du etter noe s\u00e5 spesifikt som&nbsp;<a href=\"https:\/\/blog.nordvillaspollensa.com\/majorca-villas-with-pool\/\"><strong>Mallorca-villaer med bassenger<\/strong><\/a>&nbsp;og finner det vanskelig, men vi er heldige at alle v\u00e5re&nbsp;<strong>villaer p\u00e5 Mallorca<\/strong>&nbsp;har dette anlegget, s\u00e5 n\u00f8dvendig p\u00e5 sommerdager.<\/p>\n\n\n\n<p>Men det er s\u00e5 mange grunner til \u00e5 velge&nbsp;<strong>Nord Villas Pollensa<\/strong>&nbsp;.&nbsp;I tillegg til en spesialisert behandling slik at du kan finne den villaen som er n\u00e6rmest det du trenger, har vi en rekke tjenester.&nbsp;Vi har massasjetjenester, leie en bil, privat taxi &#8230; og mange flere alternativer som passer til alt du leter etter under&nbsp;<strong>ferien p\u00e5 Mallorca<\/strong>&nbsp;.<\/p>\n\n\n\n<p>\u00c5 velge&nbsp;<strong>Nord Villas Pollens<\/strong>&nbsp;a er utvilsomt det beste alternativet for \u00e5 finne&nbsp;<strong>villaer til leie i Puerto Pollensa<\/strong>&nbsp;og hele&nbsp;<strong>nord p\u00e5 Mallorca<\/strong>&nbsp;.&nbsp;Derfor anbefaler vi at du kommer og&nbsp;<strong>nyter Mallorca<\/strong>&nbsp;i hendene p\u00e5&nbsp;<strong>Nord Villas Pollensa<\/strong>&nbsp;slik at opplevelsen din blir perfekt.&nbsp;I sommer ikke n\u00f8l med og lei med&nbsp;<strong>Nord Villas Pollensa<\/strong>&nbsp;for \u00e5 finne ditt dr\u00f8mmested.<\/p>\n\n\n\n<p>Vi venter p\u00e5 deg!<\/p>\n","protected":false},"excerpt":{"rendered":"<p>\u00c5 velge&nbsp;Mallorca&nbsp;som reisem\u00e5l er det beste alternativet for \u00e5 sikre at du kommer til \u00e5 nyte ferien.&nbsp;Serra de Tramuntana&nbsp;,&nbsp;katedralen&nbsp;i Palma&nbsp;,&#8230;<\/p>\n","protected":false},"author":2,"featured_media":815,"comment_status":"open","ping_status":"closed","sticky":false,"template":"","format":"standard","meta":{"footnotes":""},"categories":[20],"tags":[],"class_list":["post-813","post","type-post","status-publish","format-standard","has-post-thumbnail","hentry","category-uncategorized-no"],"yoast_head":"<!-- This site is optimized with the Yoast SEO plugin v27.4 - https:\/\/yoast.com\/product\/yoast-seo-wordpress\/ -->\n<title>Villaer til leie i Puerto Pollensa - Blog<\/title>\n<meta name=\"description\" content=\"\u00c5 velge Mallorca som reisem\u00e5l er det beste alternativet for \u00e5 sikre at du kommer til \u00e5 nyte ferien. Serra de Tramuntana , katedralen i Palma\" \/>\n<meta name=\"robots\" content=\"index, follow, max-snippet:-1, max-image-preview:large, max-video-preview:-1\" \/>\n<link rel=\"canonical\" href=\"https:\/\/blog.nordvillaspollensa.com\/no\/villa-til-leie-i-puerto-pollensa\/\" \/>\n<meta property=\"og:locale\" content=\"nb_NO\" \/>\n<meta property=\"og:type\" content=\"article\" \/>\n<meta property=\"og:title\" content=\"Villaer til leie i Puerto Pollensa - Blog\" \/>\n<meta property=\"og:description\" content=\"\u00c5 velge Mallorca som reisem\u00e5l er det beste alternativet for \u00e5 sikre at du kommer til \u00e5 nyte ferien. Serra de Tramuntana , katedralen i Palma\" \/>\n<meta property=\"og:url\" content=\"https:\/\/blog.nordvillaspollensa.com\/no\/villa-til-leie-i-puerto-pollensa\/\" \/>\n<meta property=\"og:site_name\" content=\"Blog\" \/>\n<meta property=\"article:published_time\" content=\"2022-05-04T11:07:50+00:00\" \/>\n<meta property=\"article:modified_time\" content=\"2022-05-04T11:07:51+00:00\" \/>\n<meta property=\"og:image\" content=\"https:\/\/blog.nordvillaspollensa.com\/wp-content\/uploads\/2021\/10\/Captura-de-pantalla-2021-10-19-091654.png\" \/>\n\t<meta property=\"og:image:width\" content=\"1200\" \/>\n\t<meta property=\"og:image:height\" content=\"835\" \/>\n\t<meta property=\"og:image:type\" content=\"image\/png\" \/>\n<meta name=\"author\" content=\"nordvillaspollensa\" \/>\n<meta name=\"twitter:card\" content=\"summary_large_image\" \/>\n<meta name=\"twitter:label1\" content=\"Skrevet av\" \/>\n\t<meta name=\"twitter:data1\" content=\"nordvillaspollensa\" \/>\n\t<meta name=\"twitter:label2\" content=\"Ansl. lesetid\" \/>\n\t<meta name=\"twitter:data2\" content=\"5 minutter\" \/>\n<script type=\"application\/ld+json\" class=\"yoast-schema-graph\">{\"@context\":\"https:\\\/\\\/schema.org\",\"@graph\":[{\"@type\":\"Article\",\"@id\":\"https:\\\/\\\/blog.nordvillaspollensa.com\\\/no\\\/villa-til-leie-i-puerto-pollensa\\\/#article\",\"isPartOf\":{\"@id\":\"https:\\\/\\\/blog.nordvillaspollensa.com\\\/no\\\/villa-til-leie-i-puerto-pollensa\\\/\"},\"author\":{\"name\":\"nordvillaspollensa\",\"@id\":\"https:\\\/\\\/blog.nordvillaspollensa.com\\\/#\\\/schema\\\/person\\\/bc98f3f935de2b7ef2d8b3e674c7861d\"},\"headline\":\"Villaer til leie i Puerto Pollensa\",\"datePublished\":\"2022-05-04T11:07:50+00:00\",\"dateModified\":\"2022-05-04T11:07:51+00:00\",\"mainEntityOfPage\":{\"@id\":\"https:\\\/\\\/blog.nordvillaspollensa.com\\\/no\\\/villa-til-leie-i-puerto-pollensa\\\/\"},\"wordCount\":1236,\"commentCount\":0,\"image\":{\"@id\":\"https:\\\/\\\/blog.nordvillaspollensa.com\\\/no\\\/villa-til-leie-i-puerto-pollensa\\\/#primaryimage\"},\"thumbnailUrl\":\"https:\\\/\\\/blog.nordvillaspollensa.com\\\/wp-content\\\/uploads\\\/2021\\\/10\\\/Captura-de-pantalla-2021-10-19-091654.png\",\"articleSection\":[\"Uncategorized @no\"],\"inLanguage\":\"nb-NO\",\"potentialAction\":[{\"@type\":\"CommentAction\",\"name\":\"Comment\",\"target\":[\"https:\\\/\\\/blog.nordvillaspollensa.com\\\/no\\\/villa-til-leie-i-puerto-pollensa\\\/#respond\"]}]},{\"@type\":\"WebPage\",\"@id\":\"https:\\\/\\\/blog.nordvillaspollensa.com\\\/no\\\/villa-til-leie-i-puerto-pollensa\\\/\",\"url\":\"https:\\\/\\\/blog.nordvillaspollensa.com\\\/no\\\/villa-til-leie-i-puerto-pollensa\\\/\",\"name\":\"Villaer til leie i Puerto Pollensa - Blog\",\"isPartOf\":{\"@id\":\"https:\\\/\\\/blog.nordvillaspollensa.com\\\/#website\"},\"primaryImageOfPage\":{\"@id\":\"https:\\\/\\\/blog.nordvillaspollensa.com\\\/no\\\/villa-til-leie-i-puerto-pollensa\\\/#primaryimage\"},\"image\":{\"@id\":\"https:\\\/\\\/blog.nordvillaspollensa.com\\\/no\\\/villa-til-leie-i-puerto-pollensa\\\/#primaryimage\"},\"thumbnailUrl\":\"https:\\\/\\\/blog.nordvillaspollensa.com\\\/wp-content\\\/uploads\\\/2021\\\/10\\\/Captura-de-pantalla-2021-10-19-091654.png\",\"datePublished\":\"2022-05-04T11:07:50+00:00\",\"dateModified\":\"2022-05-04T11:07:51+00:00\",\"author\":{\"@id\":\"https:\\\/\\\/blog.nordvillaspollensa.com\\\/#\\\/schema\\\/person\\\/bc98f3f935de2b7ef2d8b3e674c7861d\"},\"description\":\"\u00c5 velge Mallorca som reisem\u00e5l er det beste alternativet for \u00e5 sikre at du kommer til \u00e5 nyte ferien. Serra de Tramuntana , katedralen i Palma\",\"breadcrumb\":{\"@id\":\"https:\\\/\\\/blog.nordvillaspollensa.com\\\/no\\\/villa-til-leie-i-puerto-pollensa\\\/#breadcrumb\"},\"inLanguage\":\"nb-NO\",\"potentialAction\":[{\"@type\":\"ReadAction\",\"target\":[\"https:\\\/\\\/blog.nordvillaspollensa.com\\\/no\\\/villa-til-leie-i-puerto-pollensa\\\/\"]}]},{\"@type\":\"ImageObject\",\"inLanguage\":\"nb-NO\",\"@id\":\"https:\\\/\\\/blog.nordvillaspollensa.com\\\/no\\\/villa-til-leie-i-puerto-pollensa\\\/#primaryimage\",\"url\":\"https:\\\/\\\/blog.nordvillaspollensa.com\\\/wp-content\\\/uploads\\\/2021\\\/10\\\/Captura-de-pantalla-2021-10-19-091654.png\",\"contentUrl\":\"https:\\\/\\\/blog.nordvillaspollensa.com\\\/wp-content\\\/uploads\\\/2021\\\/10\\\/Captura-de-pantalla-2021-10-19-091654.png\",\"width\":1200,\"height\":835},{\"@type\":\"BreadcrumbList\",\"@id\":\"https:\\\/\\\/blog.nordvillaspollensa.com\\\/no\\\/villa-til-leie-i-puerto-pollensa\\\/#breadcrumb\",\"itemListElement\":[{\"@type\":\"ListItem\",\"position\":1,\"name\":\"Home\",\"item\":\"https:\\\/\\\/blog.nordvillaspollensa.com\\\/\"},{\"@type\":\"ListItem\",\"position\":2,\"name\":\"Villaer til leie i Puerto Pollensa\"}]},{\"@type\":\"WebSite\",\"@id\":\"https:\\\/\\\/blog.nordvillaspollensa.com\\\/#website\",\"url\":\"https:\\\/\\\/blog.nordvillaspollensa.com\\\/\",\"name\":\"Blog\",\"description\":\"\",\"potentialAction\":[{\"@type\":\"SearchAction\",\"target\":{\"@type\":\"EntryPoint\",\"urlTemplate\":\"https:\\\/\\\/blog.nordvillaspollensa.com\\\/?s={search_term_string}\"},\"query-input\":{\"@type\":\"PropertyValueSpecification\",\"valueRequired\":true,\"valueName\":\"search_term_string\"}}],\"inLanguage\":\"nb-NO\"},{\"@type\":\"Person\",\"@id\":\"https:\\\/\\\/blog.nordvillaspollensa.com\\\/#\\\/schema\\\/person\\\/bc98f3f935de2b7ef2d8b3e674c7861d\",\"name\":\"nordvillaspollensa\",\"image\":{\"@type\":\"ImageObject\",\"inLanguage\":\"nb-NO\",\"@id\":\"https:\\\/\\\/secure.gravatar.com\\\/avatar\\\/99197ff27043ec5d46dbc6d45891ee2769f2141cd226b537f17594ef60f82c55?s=96&d=mm&r=g\",\"url\":\"https:\\\/\\\/secure.gravatar.com\\\/avatar\\\/99197ff27043ec5d46dbc6d45891ee2769f2141cd226b537f17594ef60f82c55?s=96&d=mm&r=g\",\"contentUrl\":\"https:\\\/\\\/secure.gravatar.com\\\/avatar\\\/99197ff27043ec5d46dbc6d45891ee2769f2141cd226b537f17594ef60f82c55?s=96&d=mm&r=g\",\"caption\":\"nordvillaspollensa\"},\"url\":\"https:\\\/\\\/blog.nordvillaspollensa.com\\\/no\\\/author\\\/nordvillaspollensa\\\/\"}]}<\/script>\n<!-- \/ Yoast SEO plugin. -->","yoast_head_json":{"title":"Villaer til leie i Puerto Pollensa - Blog","description":"\u00c5 velge Mallorca som reisem\u00e5l er det beste alternativet for \u00e5 sikre at du kommer til \u00e5 nyte ferien. Serra de Tramuntana , katedralen i Palma","robots":{"index":"index","follow":"follow","max-snippet":"max-snippet:-1","max-image-preview":"max-image-preview:large","max-video-preview":"max-video-preview:-1"},"canonical":"https:\/\/blog.nordvillaspollensa.com\/no\/villa-til-leie-i-puerto-pollensa\/","og_locale":"nb_NO","og_type":"article","og_title":"Villaer til leie i Puerto Pollensa - Blog","og_description":"\u00c5 velge Mallorca som reisem\u00e5l er det beste alternativet for \u00e5 sikre at du kommer til \u00e5 nyte ferien. Serra de Tramuntana , katedralen i Palma","og_url":"https:\/\/blog.nordvillaspollensa.com\/no\/villa-til-leie-i-puerto-pollensa\/","og_site_name":"Blog","article_published_time":"2022-05-04T11:07:50+00:00","article_modified_time":"2022-05-04T11:07:51+00:00","og_image":[{"width":1200,"height":835,"url":"https:\/\/blog.nordvillaspollensa.com\/wp-content\/uploads\/2021\/10\/Captura-de-pantalla-2021-10-19-091654.png","type":"image\/png"}],"author":"nordvillaspollensa","twitter_card":"summary_large_image","twitter_misc":{"Skrevet av":"nordvillaspollensa","Ansl. lesetid":"5 minutter"},"schema":{"@context":"https:\/\/schema.org","@graph":[{"@type":"Article","@id":"https:\/\/blog.nordvillaspollensa.com\/no\/villa-til-leie-i-puerto-pollensa\/#article","isPartOf":{"@id":"https:\/\/blog.nordvillaspollensa.com\/no\/villa-til-leie-i-puerto-pollensa\/"},"author":{"name":"nordvillaspollensa","@id":"https:\/\/blog.nordvillaspollensa.com\/#\/schema\/person\/bc98f3f935de2b7ef2d8b3e674c7861d"},"headline":"Villaer til leie i Puerto Pollensa","datePublished":"2022-05-04T11:07:50+00:00","dateModified":"2022-05-04T11:07:51+00:00","mainEntityOfPage":{"@id":"https:\/\/blog.nordvillaspollensa.com\/no\/villa-til-leie-i-puerto-pollensa\/"},"wordCount":1236,"commentCount":0,"image":{"@id":"https:\/\/blog.nordvillaspollensa.com\/no\/villa-til-leie-i-puerto-pollensa\/#primaryimage"},"thumbnailUrl":"https:\/\/blog.nordvillaspollensa.com\/wp-content\/uploads\/2021\/10\/Captura-de-pantalla-2021-10-19-091654.png","articleSection":["Uncategorized @no"],"inLanguage":"nb-NO","potentialAction":[{"@type":"CommentAction","name":"Comment","target":["https:\/\/blog.nordvillaspollensa.com\/no\/villa-til-leie-i-puerto-pollensa\/#respond"]}]},{"@type":"WebPage","@id":"https:\/\/blog.nordvillaspollensa.com\/no\/villa-til-leie-i-puerto-pollensa\/","url":"https:\/\/blog.nordvillaspollensa.com\/no\/villa-til-leie-i-puerto-pollensa\/","name":"Villaer til leie i Puerto Pollensa - Blog","isPartOf":{"@id":"https:\/\/blog.nordvillaspollensa.com\/#website"},"primaryImageOfPage":{"@id":"https:\/\/blog.nordvillaspollensa.com\/no\/villa-til-leie-i-puerto-pollensa\/#primaryimage"},"image":{"@id":"https:\/\/blog.nordvillaspollensa.com\/no\/villa-til-leie-i-puerto-pollensa\/#primaryimage"},"thumbnailUrl":"https:\/\/blog.nordvillaspollensa.com\/wp-content\/uploads\/2021\/10\/Captura-de-pantalla-2021-10-19-091654.png","datePublished":"2022-05-04T11:07:50+00:00","dateModified":"2022-05-04T11:07:51+00:00","author":{"@id":"https:\/\/blog.nordvillaspollensa.com\/#\/schema\/person\/bc98f3f935de2b7ef2d8b3e674c7861d"},"description":"\u00c5 velge Mallorca som reisem\u00e5l er det beste alternativet for \u00e5 sikre at du kommer til \u00e5 nyte ferien. Serra de Tramuntana , katedralen i Palma","breadcrumb":{"@id":"https:\/\/blog.nordvillaspollensa.com\/no\/villa-til-leie-i-puerto-pollensa\/#breadcrumb"},"inLanguage":"nb-NO","potentialAction":[{"@type":"ReadAction","target":["https:\/\/blog.nordvillaspollensa.com\/no\/villa-til-leie-i-puerto-pollensa\/"]}]},{"@type":"ImageObject","inLanguage":"nb-NO","@id":"https:\/\/blog.nordvillaspollensa.com\/no\/villa-til-leie-i-puerto-pollensa\/#primaryimage","url":"https:\/\/blog.nordvillaspollensa.com\/wp-content\/uploads\/2021\/10\/Captura-de-pantalla-2021-10-19-091654.png","contentUrl":"https:\/\/blog.nordvillaspollensa.com\/wp-content\/uploads\/2021\/10\/Captura-de-pantalla-2021-10-19-091654.png","width":1200,"height":835},{"@type":"BreadcrumbList","@id":"https:\/\/blog.nordvillaspollensa.com\/no\/villa-til-leie-i-puerto-pollensa\/#breadcrumb","itemListElement":[{"@type":"ListItem","position":1,"name":"Home","item":"https:\/\/blog.nordvillaspollensa.com\/"},{"@type":"ListItem","position":2,"name":"Villaer til leie i Puerto Pollensa"}]},{"@type":"WebSite","@id":"https:\/\/blog.nordvillaspollensa.com\/#website","url":"https:\/\/blog.nordvillaspollensa.com\/","name":"Blog","description":"","potentialAction":[{"@type":"SearchAction","target":{"@type":"EntryPoint","urlTemplate":"https:\/\/blog.nordvillaspollensa.com\/?s={search_term_string}"},"query-input":{"@type":"PropertyValueSpecification","valueRequired":true,"valueName":"search_term_string"}}],"inLanguage":"nb-NO"},{"@type":"Person","@id":"https:\/\/blog.nordvillaspollensa.com\/#\/schema\/person\/bc98f3f935de2b7ef2d8b3e674c7861d","name":"nordvillaspollensa","image":{"@type":"ImageObject","inLanguage":"nb-NO","@id":"https:\/\/secure.gravatar.com\/avatar\/99197ff27043ec5d46dbc6d45891ee2769f2141cd226b537f17594ef60f82c55?s=96&d=mm&r=g","url":"https:\/\/secure.gravatar.com\/avatar\/99197ff27043ec5d46dbc6d45891ee2769f2141cd226b537f17594ef60f82c55?s=96&d=mm&r=g","contentUrl":"https:\/\/secure.gravatar.com\/avatar\/99197ff27043ec5d46dbc6d45891ee2769f2141cd226b537f17594ef60f82c55?s=96&d=mm&r=g","caption":"nordvillaspollensa"},"url":"https:\/\/blog.nordvillaspollensa.com\/no\/author\/nordvillaspollensa\/"}]}},"_links":{"self":[{"href":"https:\/\/blog.nordvillaspollensa.com\/no\/wp-json\/wp\/v2\/posts\/813","targetHints":{"allow":["GET"]}}],"collection":[{"href":"https:\/\/blog.nordvillaspollensa.com\/no\/wp-json\/wp\/v2\/posts"}],"about":[{"href":"https:\/\/blog.nordvillaspollensa.com\/no\/wp-json\/wp\/v2\/types\/post"}],"author":[{"embeddable":true,"href":"https:\/\/blog.nordvillaspollensa.com\/no\/wp-json\/wp\/v2\/users\/2"}],"replies":[{"embeddable":true,"href":"https:\/\/blog.nordvillaspollensa.com\/no\/wp-json\/wp\/v2\/comments?post=813"}],"version-history":[{"count":1,"href":"https:\/\/blog.nordvillaspollensa.com\/no\/wp-json\/wp\/v2\/posts\/813\/revisions"}],"predecessor-version":[{"id":814,"href":"https:\/\/blog.nordvillaspollensa.com\/no\/wp-json\/wp\/v2\/posts\/813\/revisions\/814"}],"wp:featuredmedia":[{"embeddable":true,"href":"https:\/\/blog.nordvillaspollensa.com\/no\/wp-json\/wp\/v2\/media\/815"}],"wp:attachment":[{"href":"https:\/\/blog.nordvillaspollensa.com\/no\/wp-json\/wp\/v2\/media?parent=813"}],"wp:term":[{"taxonomy":"category","embeddable":true,"href":"https:\/\/blog.nordvillaspollensa.com\/no\/wp-json\/wp\/v2\/categories?post=813"},{"taxonomy":"post_tag","embeddable":true,"href":"https:\/\/blog.nordvillaspollensa.com\/no\/wp-json\/wp\/v2\/tags?post=813"}],"curies":[{"name":"wp","href":"https:\/\/api.w.org\/{rel}","templated":true}]}}