{"id":816,"date":"2022-05-04T11:11:08","date_gmt":"2022-05-04T11:11:08","guid":{"rendered":"https:\/\/blog.nordvillaspollensa.com\/?p=816"},"modified":"2022-05-04T11:11:09","modified_gmt":"2022-05-04T11:11:09","slug":"villaer-til-leie-pa-mallorca-naer-stranden","status":"publish","type":"post","link":"https:\/\/blog.nordvillaspollensa.com\/no\/villaer-til-leie-pa-mallorca-naer-stranden\/","title":{"rendered":"Villaer til leie p\u00e5 Mallorca n\u00e6r stranden"},"content":{"rendered":"\n<p>Et av de beste alternativene for \u00e5&nbsp;<strong>bo p\u00e5 Mallorca<\/strong>&nbsp;er i&nbsp;<a href=\"https:\/\/blog.nordvillaspollensa.com\/luxury-villas-in-majorca\/\"><strong>luksusvillaer p\u00e5 Mallorca<\/strong><\/a>&nbsp;.&nbsp;Det er utvilsomt en m\u00e5te \u00e5 nyte intimitet og privatliv mens du slapper av under ferien p\u00e5 Mallorca.&nbsp;<\/p>\n\n\n\n<p>Mallorca er den idylliske \u00f8ya som alle bes\u00f8ker for \u00e5 dra nytte av det&nbsp;<strong>gode v\u00e6ret p\u00e5 Mallorca<\/strong>&nbsp;og for \u00e5 nyte&nbsp;<strong>strendene p\u00e5 Mallorca<\/strong>&nbsp;.&nbsp;S\u00e5 selv om&nbsp;<a href=\"https:\/\/blog.nordvillaspollensa.com\/majorca-villas-with-pool\/\"><strong>Mallorca-villaer med basseng<\/strong><\/a>&nbsp;er etterspurt, er&nbsp;<strong>villaer til leie p\u00e5 Mallorca n\u00e6r stranden<\/strong>&nbsp;enda mer etterspurt.&nbsp;<\/p>\n\n\n\n<p>Den gode tingen er at takket v\u00e6re \u00e5 v\u00e6re en \u00f8y, er det veldig enkelt \u00e5 finne&nbsp;<strong>villaer \u00e5 leie p\u00e5 Mallorca n\u00e6r stranden<\/strong>&nbsp;.&nbsp;Det er mange steder hvor du kan finne disse&nbsp;<strong>villaene p\u00e5 Mallorca<\/strong>&nbsp;.&nbsp;I dag skal vi anbefale deg noen steder \u00e5&nbsp;<strong>leie villaer p\u00e5 Mallorca n\u00e6r sj\u00f8en<\/strong>&nbsp;.&nbsp;<\/p>\n\n\n\n<h2 class=\"wp-block-heading\"><strong>Villaer til leie p\u00e5 Mallorca<\/strong><\/h2>\n\n\n\n<p><strong>Villaer til leie p\u00e5 Mallorca<\/strong>&nbsp;blir mer og mer vanlig.&nbsp;Dette alternativet er veldig behagelig for alle som kommer for \u00e5&nbsp;<strong>nyte Mallorca<\/strong>&nbsp;b\u00e5de i sm\u00e5 og store grupper.&nbsp;For du vil alltid finne det perfekte oppholdet for deg og dine f\u00f8lgesvenner for \u00e5 v\u00e6re komfortable og avslappede.&nbsp;<\/p>\n\n\n\n<p>Dessuten er det veldig enkelt \u00e5&nbsp;<strong>leie luksusvillaer p\u00e5 Mallorca<\/strong>&nbsp;, takket v\u00e6re antallet villaer og fincaer som finnes p\u00e5 \u00f8ya.&nbsp;Dette er en annen fordel som lar deg enkelt finne&nbsp;<strong>villaer \u00e5 leie p\u00e5 Mallorca n\u00e6r stranden<\/strong>&nbsp;.<\/p>\n\n\n\n<p><strong>Mallorca<\/strong>&nbsp;er en av de mest turistrike \u00f8yene i&nbsp;<strong>Middelhavet<\/strong>&nbsp;, men det betyr ikke at den har mistet essensen.&nbsp;Takket v\u00e6re det gode&nbsp;<strong>v\u00e6ret p\u00e5 Mallorca<\/strong>&nbsp;kan du organisere&nbsp;<strong>ferien p\u00e5 Mallorca<\/strong>&nbsp;hele \u00e5ret, s\u00e5 ikke vent lenger og&nbsp;<strong>lei villaen din p\u00e5 Mallorca<\/strong>&nbsp;!<\/p>\n\n\n\n<p><strong>Mallorca<\/strong>&nbsp;er et unikt sted \u00e5 tilbringe ferien.&nbsp;Takket v\u00e6re alle hj\u00f8rnene som utgj\u00f8r&nbsp;<strong>landskapet p\u00e5 Mallorca<\/strong>&nbsp;, vil du bli forelsket i det.&nbsp;De utrolige&nbsp;<strong>strendene p\u00e5 Mallorca<\/strong>&nbsp;er en av hovedattraksjonene p\u00e5 \u00f8ya.&nbsp;Men det er ogs\u00e5&nbsp;<strong>Serra de Tramuntana<\/strong>&nbsp;og&nbsp;<strong>andre magiske steder p\u00e5 Mallorca<\/strong>&nbsp;som vil gi deg lyst til \u00e5 bli.<\/p>\n\n\n\n<h2 class=\"wp-block-heading\"><strong>Villaer i Pollensa<\/strong><\/h2>\n\n\n\n<p>Et ideelt sted for&nbsp;<strong>villaer \u00e5 leie p\u00e5 Mallorca n\u00e6r stranden<\/strong>&nbsp;er&nbsp;<strong>Pollensa<\/strong>&nbsp;.&nbsp;<strong>Pollensa<\/strong>&nbsp;er en by&nbsp;<strong>nord p\u00e5 Mallorca<\/strong>&nbsp;med en helt spesiell sjarm.&nbsp;Det er et sted fullt av historie hvor du finner en rekke historiske monumenter samt noen av de&nbsp;<strong>beste strendene p\u00e5 Mallorca<\/strong>&nbsp;.<\/p>\n\n\n\n<p>Dessuten er det omgitt av natur og den spektakul\u00e6re&nbsp;<strong>Serra de Tramuntana<\/strong>&nbsp;&#8211; fjellkjeden.&nbsp;Ved \u00e5 leie en av&nbsp;<a href=\"https:\/\/blog.nordvillaspollensa.com\/holiday-villas-mallorca\/\"><strong>ferievillaene p\u00e5 Mallorca<\/strong>&nbsp;<\/a>er du sikker p\u00e5 \u00e5 v\u00e6re n\u00e6r \u00f8yas fantastiske turstier og helt andre steder.&nbsp;<\/p>\n\n\n\n<p>Det er noen steder du m\u00e5 bes\u00f8ke under oppholdet i&nbsp;<strong>Pollensa<\/strong>&nbsp;.&nbsp;For eksempel, de&nbsp;<strong>365 trappene til Golgata i Pollensa<\/strong>&nbsp;eller&nbsp;<strong>Puig de Sant Jordi<\/strong>&nbsp;.&nbsp;Fra disse punktene vil du dessuten kunne se noen av de&nbsp;<strong>beste panoramautsiktene over Pollensa<\/strong>&nbsp;.&nbsp;<\/p>\n\n\n\n<p>Det er veldig enkelt \u00e5 finne&nbsp;<a href=\"https:\/\/www.nordvillaspollensa.com\/\"><strong>Pollensa-villaer<\/strong><\/a>&nbsp;\u00e5 leie.&nbsp;Det er nok av&nbsp;<strong>mallorcanske fincaer<\/strong>&nbsp;hvor du kan nyte privatliv og ro, omgitt av reisef\u00f8lge.&nbsp;Og hvorfra du kan begynne \u00e5&nbsp;<strong>nyte Mallorca<\/strong>&nbsp;og bli kjent med alle de skjulte hj\u00f8rnene av \u00f8ya.<\/p>\n\n\n\n<h2 class=\"wp-block-heading\"><strong>Villaer i Alcudia<\/strong><\/h2>\n\n\n\n<p><strong>Alcudia<\/strong>&nbsp;er en annen&nbsp;<strong>by nord p\u00e5 Mallorca<\/strong>&nbsp;.&nbsp;Det er kjent for sine utrolige&nbsp;<strong>strender p\u00e5 Mallorca<\/strong>&nbsp;, som alle ligger i&nbsp;<strong>Alcudia &#8211; bukten<\/strong>&nbsp;.&nbsp;I&nbsp;<strong>Alcudia<\/strong>&nbsp;kan du finne forskjellige fantastiske steder \u00e5 bes\u00f8ke.&nbsp;En av&nbsp;<strong>Alcudias<\/strong>&nbsp;viktigste&nbsp;<strong>turistattraksjoner<\/strong>&nbsp;er bymuren.&nbsp;Muren&nbsp;<strong>til Alcudia<\/strong>&nbsp;omkranser gamlebyen, og er sv\u00e6rt godt bevart.&nbsp;\u00c5 g\u00e5 langs den og gjennom&nbsp;<strong>gamlebyen i Alcudia<\/strong>&nbsp;vil ta deg tilbake i tid.&nbsp;&nbsp;<\/p>\n\n\n\n<p>Men i&nbsp;<strong>Alcudia<\/strong>&nbsp;kan du ogs\u00e5 finne de&nbsp;<strong>romerske ruinene av antikkens Pollentia<\/strong>&nbsp;eller den spektakul\u00e6re&nbsp;<strong>Alcudia Albufera<\/strong>&nbsp;.&nbsp;Erkl\u00e6rt en naturpark, er det et av de mest&nbsp;<strong>naturlige stedene p\u00e5 Mallorca<\/strong>&nbsp;.&nbsp;Her kan du finne en rekke dyr.&nbsp;Fra alle slags fugler til krypdyr og pattedyr.&nbsp;Dette er en av tingene som gj\u00f8r dette stedet s\u00e5 spesielt, mangfoldet av&nbsp;<strong>habitater som finnes i lagunen p\u00e5 Mallorca<\/strong>&nbsp;.<\/p>\n\n\n\n<p><strong>\u00c5 leie&nbsp;<\/strong><a href=\"https:\/\/blog.nordvillaspollensa.com\/villas-in-alcudia\/\"><strong>villaer i Alcudia<\/strong><\/a>&nbsp;er ogs\u00e5 det perfekte alternativet for \u00e5 bli&nbsp;<strong>kjent med Mallorca<\/strong>&nbsp;.&nbsp;I&nbsp;<strong>villaene i Alcudia<\/strong>&nbsp;vil du v\u00e6re, som i&nbsp;<strong>villaene i Pollensa<\/strong>&nbsp;, omgitt av hav og natur.&nbsp;De er utvilsomt det beste alternativet hvis det du ser etter under&nbsp;<strong>ferien p\u00e5 Mallorca<\/strong>&nbsp;er \u00e5 slappe av og koble fra.&nbsp;<\/p>\n\n\n\n<p>Og hvis du lurer p\u00e5 hva slags&nbsp;<strong>villaer du kan finne i Alcudia<\/strong>&nbsp;, forsikrer vi deg om at det finnes alle slags.&nbsp;Takket v\u00e6re variasjonen av fincaer og&nbsp;<strong>villaer i Alcudia<\/strong>&nbsp;, vil du finne den perfekte for deg.&nbsp;Fra sm\u00e5 hus til store og luksuri\u00f8se villaer, ideelle for en unik ferie med dine kj\u00e6re.<\/p>\n\n\n\n<h2 class=\"wp-block-heading\"><a href=\"https:\/\/blog.nordvillaspollensa.com\/puerto-pollensa-villas\/\"><strong>Puerto Pollensa villaer<\/strong><\/a><\/h2>\n\n\n\n<p>Et annet alternativ for \u00e5&nbsp;<strong>leie villaer p\u00e5 Mallorca<\/strong>&nbsp;er \u00e5 velge&nbsp;<a href=\"https:\/\/blog.nordvillaspollensa.com\/villas-puerto-pollenca\/\"><strong>Villas Puerto Pollensa<\/strong><\/a>&nbsp;, som ligger rett ved havet.&nbsp;<strong>Puerto Pollensa<\/strong>&nbsp;er en lokalitet som tilh\u00f8rer&nbsp;<strong>Pollensa<\/strong>&nbsp;, som bare ligger n\u00e6rmere kysten av Mallorca.&nbsp;Det er derfor ideelt hvis du leter etter&nbsp;<strong>villaer \u00e5 leie p\u00e5 Mallorca n\u00e6r stranden<\/strong>&nbsp;.&nbsp;<\/p>\n\n\n\n<p><strong>Puerto Pollensa<\/strong>&nbsp;er et perfekt omr\u00e5de for \u00e5 nyte det&nbsp;<strong>gode v\u00e6ret p\u00e5 Mallorca<\/strong>&nbsp;.&nbsp;Beliggenheten er stedet valgt av mange mennesker for \u00e5 nyte de&nbsp;<strong>varmeste m\u00e5nedene p\u00e5 Mallorca<\/strong>&nbsp;.&nbsp;Den vakre promenaden, yachtklubben og atmosf\u00e6ren i omr\u00e5det gj\u00f8r utvilsomt dette&nbsp;<strong>hj\u00f8rnet av Mallorca<\/strong>&nbsp;unikt.&nbsp;Den har ogs\u00e5 mange restauranter hvor du kan pr\u00f8ve og smake p\u00e5 den&nbsp;<strong>typiske mallorcanske maten<\/strong>&nbsp;.&nbsp;<\/p>\n\n\n\n<p>Dessuten er det ogs\u00e5 det perfekte alternativet for alle typer sport.&nbsp;Fra vannsport til fotturer og sykling.&nbsp;Og for \u00e5 bli kjent med unike steder som det utrolige&nbsp;<strong>Faro de Formentor-fyret<\/strong>&nbsp;eller&nbsp;<strong>Mirador del Colomer<\/strong>&nbsp;, er de uten tvil perfekte steder \u00e5 tilbringe&nbsp;<strong>en dag p\u00e5 Mallorca<\/strong>&nbsp;.&nbsp;<\/p>\n\n\n\n<p>Det er mange&nbsp;<a href=\"https:\/\/blog.nordvillaspollensa.com\/villas-to-rent-in-puerto-pollensa\/\"><strong>villaer \u00e5 leie i Puerto Pollensa<\/strong><\/a>&nbsp;, og de er muligens de n\u00e6rmeste&nbsp;<a href=\"https:\/\/blog.nordvillaspollensa.com\/villas-for-rent-in-majorca\/\"><strong>villaene til leie p\u00e5 Mallorca<\/strong><\/a>&nbsp;til stranden.&nbsp;Alternativet til&nbsp;<a href=\"https:\/\/blog.nordvillaspollensa.com\/villas-in-puerto-pollensa\/\"><strong>Villas i Puerto Pollensa<\/strong><\/a>&nbsp;er perfekt for de som ikke vil flytte for mye og har alt i n\u00e6rheten.<\/p>\n\n\n\n<h2 class=\"wp-block-heading\"><strong>Nord Villas Pollensa<\/strong><\/h2>\n\n\n\n<p>Vet du fortsatt ikke hva&nbsp;<strong>Nord Villas Pollensa<\/strong>&nbsp;er?&nbsp;Vi er et&nbsp;<strong>luksusvillautleiefirma p\u00e5 Mallorca<\/strong>&nbsp;.&nbsp;Med alle tjenester for \u00e5 gj\u00f8re&nbsp;<strong>oppholdet ditt p\u00e5 Mallorca<\/strong>&nbsp;uforglemmelig.&nbsp;Vi har mange&nbsp;<strong>villaer og fincaer p\u00e5 Mallorca<\/strong>&nbsp;for deg \u00e5 velge den som passer best for deg og din reise.&nbsp;<\/p>\n\n\n\n<p>I tillegg vil v\u00e5re ekstra tjenester gj\u00f8re reisen din rett og slett perfekt.&nbsp;Hos&nbsp;<strong>Nord Villas Pollensa<\/strong>&nbsp;tilbyr vi deg en leiebil eller transporttjeneste slik at du kan bevege deg rundt p\u00e5&nbsp;<strong>Mallorca<\/strong>&nbsp;p\u00e5 en enkel og enkel m\u00e5te.<\/p>\n\n\n\n<p>Men vi har ogs\u00e5 andre organiserte tjenester som utflukter, turer for \u00e5 l\u00e6re \u00e5 dykke eller bare nyte&nbsp;<strong>kysten av Mallorca<\/strong>&nbsp;med b\u00e5t i kajakk.&nbsp;Men for de mer eventyrlystne tilbyr vi sykkelutleie, som uten tvil er det perfekte alternativet for \u00e5 bli kjent med \u00f8ya p\u00e5 en helt annen m\u00e5te.&nbsp;<\/p>\n\n\n\n<p>Til slutt, en av v\u00e5re mest popul\u00e6re tjenester er hjemmemassasjene vi tilbyr.&nbsp;Vi kommer dit du bor slik at du kan legge deg i hendene p\u00e5 fagfolk og losse de delene av kroppen din som trenger \u00e5 slappe av.&nbsp;<\/p>\n\n\n\n<p>Hos&nbsp;<strong>Nord Villas Pollensa<\/strong>&nbsp;har vi mange fincaer og villaer hvor du kan slappe av og nyte privatlivet de tilbyr deg.&nbsp;De fleste av v\u00e5re&nbsp;<strong>fincaer ligger nord p\u00e5 Mallorca<\/strong>&nbsp;, mellom steder som&nbsp;<strong>Alcudia<\/strong>&nbsp;,&nbsp;<strong>Pollensa<\/strong>&nbsp;eller&nbsp;<strong>Puerto Pollensa<\/strong>&nbsp;, men du finner ogs\u00e5&nbsp;<strong>Nord Villas Pollensa fincaer<\/strong>&nbsp;over hele&nbsp;<strong>Mallorca<\/strong>&nbsp;.&nbsp;<\/p>\n\n\n\n<p>Hvis du vil vite mer, ikke n\u00f8l med \u00e5 kontakte oss!<\/p>\n","protected":false},"excerpt":{"rendered":"<p>Et av de beste alternativene for \u00e5&nbsp;bo p\u00e5 Mallorca&nbsp;er i&nbsp;luksusvillaer p\u00e5 Mallorca&nbsp;.&nbsp;Det er utvilsomt en m\u00e5te \u00e5 nyte intimitet og&#8230;<\/p>\n","protected":false},"author":2,"featured_media":818,"comment_status":"open","ping_status":"closed","sticky":false,"template":"","format":"standard","meta":{"footnotes":""},"categories":[20],"tags":[],"class_list":["post-816","post","type-post","status-publish","format-standard","has-post-thumbnail","hentry","category-uncategorized-no"],"yoast_head":"<!-- This site is optimized with the Yoast SEO plugin v27.4 - https:\/\/yoast.com\/product\/yoast-seo-wordpress\/ -->\n<title>Villaer til leie p\u00e5 Mallorca n\u00e6r stranden - Blog<\/title>\n<meta name=\"description\" content=\"Det er utvilsomt en m\u00e5te \u00e5 nyte intimitet og privatliv mens du slapper av under ferien p\u00e5 Mallorca. Villaer til leie p\u00e5 Mallorca n\u00e6r stranden\" \/>\n<meta name=\"robots\" content=\"index, follow, max-snippet:-1, max-image-preview:large, max-video-preview:-1\" \/>\n<link rel=\"canonical\" href=\"https:\/\/blog.nordvillaspollensa.com\/no\/villaer-til-leie-pa-mallorca-naer-stranden\/\" \/>\n<meta property=\"og:locale\" content=\"nb_NO\" \/>\n<meta property=\"og:type\" content=\"article\" \/>\n<meta property=\"og:title\" content=\"Villaer til leie p\u00e5 Mallorca n\u00e6r stranden - Blog\" \/>\n<meta property=\"og:description\" content=\"Det er utvilsomt en m\u00e5te \u00e5 nyte intimitet og privatliv mens du slapper av under ferien p\u00e5 Mallorca. Villaer til leie p\u00e5 Mallorca n\u00e6r stranden\" \/>\n<meta property=\"og:url\" content=\"https:\/\/blog.nordvillaspollensa.com\/no\/villaer-til-leie-pa-mallorca-naer-stranden\/\" \/>\n<meta property=\"og:site_name\" content=\"Blog\" \/>\n<meta property=\"article:published_time\" content=\"2022-05-04T11:11:08+00:00\" \/>\n<meta property=\"article:modified_time\" content=\"2022-05-04T11:11:09+00:00\" \/>\n<meta property=\"og:image\" content=\"https:\/\/blog.nordvillaspollensa.com\/wp-content\/uploads\/2021\/10\/Captura-de-pantalla-2021-10-19-154347.jpg\" \/>\n\t<meta property=\"og:image:width\" content=\"1000\" \/>\n\t<meta property=\"og:image:height\" content=\"693\" \/>\n\t<meta property=\"og:image:type\" content=\"image\/jpeg\" \/>\n<meta name=\"author\" content=\"nordvillaspollensa\" \/>\n<meta name=\"twitter:card\" content=\"summary_large_image\" \/>\n<meta name=\"twitter:label1\" content=\"Skrevet av\" \/>\n\t<meta name=\"twitter:data1\" content=\"nordvillaspollensa\" \/>\n\t<meta name=\"twitter:label2\" content=\"Ansl. lesetid\" \/>\n\t<meta name=\"twitter:data2\" content=\"6 minutter\" \/>\n<script type=\"application\/ld+json\" class=\"yoast-schema-graph\">{\"@context\":\"https:\\\/\\\/schema.org\",\"@graph\":[{\"@type\":\"Article\",\"@id\":\"https:\\\/\\\/blog.nordvillaspollensa.com\\\/no\\\/villaer-til-leie-pa-mallorca-naer-stranden\\\/#article\",\"isPartOf\":{\"@id\":\"https:\\\/\\\/blog.nordvillaspollensa.com\\\/no\\\/villaer-til-leie-pa-mallorca-naer-stranden\\\/\"},\"author\":{\"name\":\"nordvillaspollensa\",\"@id\":\"https:\\\/\\\/blog.nordvillaspollensa.com\\\/#\\\/schema\\\/person\\\/bc98f3f935de2b7ef2d8b3e674c7861d\"},\"headline\":\"Villaer til leie p\u00e5 Mallorca n\u00e6r stranden\",\"datePublished\":\"2022-05-04T11:11:08+00:00\",\"dateModified\":\"2022-05-04T11:11:09+00:00\",\"mainEntityOfPage\":{\"@id\":\"https:\\\/\\\/blog.nordvillaspollensa.com\\\/no\\\/villaer-til-leie-pa-mallorca-naer-stranden\\\/\"},\"wordCount\":1429,\"commentCount\":0,\"image\":{\"@id\":\"https:\\\/\\\/blog.nordvillaspollensa.com\\\/no\\\/villaer-til-leie-pa-mallorca-naer-stranden\\\/#primaryimage\"},\"thumbnailUrl\":\"https:\\\/\\\/blog.nordvillaspollensa.com\\\/wp-content\\\/uploads\\\/2021\\\/10\\\/Captura-de-pantalla-2021-10-19-154347.jpg\",\"articleSection\":[\"Uncategorized @no\"],\"inLanguage\":\"nb-NO\",\"potentialAction\":[{\"@type\":\"CommentAction\",\"name\":\"Comment\",\"target\":[\"https:\\\/\\\/blog.nordvillaspollensa.com\\\/no\\\/villaer-til-leie-pa-mallorca-naer-stranden\\\/#respond\"]}]},{\"@type\":\"WebPage\",\"@id\":\"https:\\\/\\\/blog.nordvillaspollensa.com\\\/no\\\/villaer-til-leie-pa-mallorca-naer-stranden\\\/\",\"url\":\"https:\\\/\\\/blog.nordvillaspollensa.com\\\/no\\\/villaer-til-leie-pa-mallorca-naer-stranden\\\/\",\"name\":\"Villaer til leie p\u00e5 Mallorca n\u00e6r stranden - Blog\",\"isPartOf\":{\"@id\":\"https:\\\/\\\/blog.nordvillaspollensa.com\\\/#website\"},\"primaryImageOfPage\":{\"@id\":\"https:\\\/\\\/blog.nordvillaspollensa.com\\\/no\\\/villaer-til-leie-pa-mallorca-naer-stranden\\\/#primaryimage\"},\"image\":{\"@id\":\"https:\\\/\\\/blog.nordvillaspollensa.com\\\/no\\\/villaer-til-leie-pa-mallorca-naer-stranden\\\/#primaryimage\"},\"thumbnailUrl\":\"https:\\\/\\\/blog.nordvillaspollensa.com\\\/wp-content\\\/uploads\\\/2021\\\/10\\\/Captura-de-pantalla-2021-10-19-154347.jpg\",\"datePublished\":\"2022-05-04T11:11:08+00:00\",\"dateModified\":\"2022-05-04T11:11:09+00:00\",\"author\":{\"@id\":\"https:\\\/\\\/blog.nordvillaspollensa.com\\\/#\\\/schema\\\/person\\\/bc98f3f935de2b7ef2d8b3e674c7861d\"},\"description\":\"Det er utvilsomt en m\u00e5te \u00e5 nyte intimitet og privatliv mens du slapper av under ferien p\u00e5 Mallorca. Villaer til leie p\u00e5 Mallorca n\u00e6r stranden\",\"breadcrumb\":{\"@id\":\"https:\\\/\\\/blog.nordvillaspollensa.com\\\/no\\\/villaer-til-leie-pa-mallorca-naer-stranden\\\/#breadcrumb\"},\"inLanguage\":\"nb-NO\",\"potentialAction\":[{\"@type\":\"ReadAction\",\"target\":[\"https:\\\/\\\/blog.nordvillaspollensa.com\\\/no\\\/villaer-til-leie-pa-mallorca-naer-stranden\\\/\"]}]},{\"@type\":\"ImageObject\",\"inLanguage\":\"nb-NO\",\"@id\":\"https:\\\/\\\/blog.nordvillaspollensa.com\\\/no\\\/villaer-til-leie-pa-mallorca-naer-stranden\\\/#primaryimage\",\"url\":\"https:\\\/\\\/blog.nordvillaspollensa.com\\\/wp-content\\\/uploads\\\/2021\\\/10\\\/Captura-de-pantalla-2021-10-19-154347.jpg\",\"contentUrl\":\"https:\\\/\\\/blog.nordvillaspollensa.com\\\/wp-content\\\/uploads\\\/2021\\\/10\\\/Captura-de-pantalla-2021-10-19-154347.jpg\",\"width\":1000,\"height\":693},{\"@type\":\"BreadcrumbList\",\"@id\":\"https:\\\/\\\/blog.nordvillaspollensa.com\\\/no\\\/villaer-til-leie-pa-mallorca-naer-stranden\\\/#breadcrumb\",\"itemListElement\":[{\"@type\":\"ListItem\",\"position\":1,\"name\":\"Home\",\"item\":\"https:\\\/\\\/blog.nordvillaspollensa.com\\\/\"},{\"@type\":\"ListItem\",\"position\":2,\"name\":\"Villaer til leie p\u00e5 Mallorca n\u00e6r stranden\"}]},{\"@type\":\"WebSite\",\"@id\":\"https:\\\/\\\/blog.nordvillaspollensa.com\\\/#website\",\"url\":\"https:\\\/\\\/blog.nordvillaspollensa.com\\\/\",\"name\":\"Blog\",\"description\":\"\",\"potentialAction\":[{\"@type\":\"SearchAction\",\"target\":{\"@type\":\"EntryPoint\",\"urlTemplate\":\"https:\\\/\\\/blog.nordvillaspollensa.com\\\/?s={search_term_string}\"},\"query-input\":{\"@type\":\"PropertyValueSpecification\",\"valueRequired\":true,\"valueName\":\"search_term_string\"}}],\"inLanguage\":\"nb-NO\"},{\"@type\":\"Person\",\"@id\":\"https:\\\/\\\/blog.nordvillaspollensa.com\\\/#\\\/schema\\\/person\\\/bc98f3f935de2b7ef2d8b3e674c7861d\",\"name\":\"nordvillaspollensa\",\"image\":{\"@type\":\"ImageObject\",\"inLanguage\":\"nb-NO\",\"@id\":\"https:\\\/\\\/secure.gravatar.com\\\/avatar\\\/99197ff27043ec5d46dbc6d45891ee2769f2141cd226b537f17594ef60f82c55?s=96&d=mm&r=g\",\"url\":\"https:\\\/\\\/secure.gravatar.com\\\/avatar\\\/99197ff27043ec5d46dbc6d45891ee2769f2141cd226b537f17594ef60f82c55?s=96&d=mm&r=g\",\"contentUrl\":\"https:\\\/\\\/secure.gravatar.com\\\/avatar\\\/99197ff27043ec5d46dbc6d45891ee2769f2141cd226b537f17594ef60f82c55?s=96&d=mm&r=g\",\"caption\":\"nordvillaspollensa\"},\"url\":\"https:\\\/\\\/blog.nordvillaspollensa.com\\\/no\\\/author\\\/nordvillaspollensa\\\/\"}]}<\/script>\n<!-- \/ Yoast SEO plugin. -->","yoast_head_json":{"title":"Villaer til leie p\u00e5 Mallorca n\u00e6r stranden - Blog","description":"Det er utvilsomt en m\u00e5te \u00e5 nyte intimitet og privatliv mens du slapper av under ferien p\u00e5 Mallorca. Villaer til leie p\u00e5 Mallorca n\u00e6r stranden","robots":{"index":"index","follow":"follow","max-snippet":"max-snippet:-1","max-image-preview":"max-image-preview:large","max-video-preview":"max-video-preview:-1"},"canonical":"https:\/\/blog.nordvillaspollensa.com\/no\/villaer-til-leie-pa-mallorca-naer-stranden\/","og_locale":"nb_NO","og_type":"article","og_title":"Villaer til leie p\u00e5 Mallorca n\u00e6r stranden - Blog","og_description":"Det er utvilsomt en m\u00e5te \u00e5 nyte intimitet og privatliv mens du slapper av under ferien p\u00e5 Mallorca. Villaer til leie p\u00e5 Mallorca n\u00e6r stranden","og_url":"https:\/\/blog.nordvillaspollensa.com\/no\/villaer-til-leie-pa-mallorca-naer-stranden\/","og_site_name":"Blog","article_published_time":"2022-05-04T11:11:08+00:00","article_modified_time":"2022-05-04T11:11:09+00:00","og_image":[{"width":1000,"height":693,"url":"https:\/\/blog.nordvillaspollensa.com\/wp-content\/uploads\/2021\/10\/Captura-de-pantalla-2021-10-19-154347.jpg","type":"image\/jpeg"}],"author":"nordvillaspollensa","twitter_card":"summary_large_image","twitter_misc":{"Skrevet av":"nordvillaspollensa","Ansl. lesetid":"6 minutter"},"schema":{"@context":"https:\/\/schema.org","@graph":[{"@type":"Article","@id":"https:\/\/blog.nordvillaspollensa.com\/no\/villaer-til-leie-pa-mallorca-naer-stranden\/#article","isPartOf":{"@id":"https:\/\/blog.nordvillaspollensa.com\/no\/villaer-til-leie-pa-mallorca-naer-stranden\/"},"author":{"name":"nordvillaspollensa","@id":"https:\/\/blog.nordvillaspollensa.com\/#\/schema\/person\/bc98f3f935de2b7ef2d8b3e674c7861d"},"headline":"Villaer til leie p\u00e5 Mallorca n\u00e6r stranden","datePublished":"2022-05-04T11:11:08+00:00","dateModified":"2022-05-04T11:11:09+00:00","mainEntityOfPage":{"@id":"https:\/\/blog.nordvillaspollensa.com\/no\/villaer-til-leie-pa-mallorca-naer-stranden\/"},"wordCount":1429,"commentCount":0,"image":{"@id":"https:\/\/blog.nordvillaspollensa.com\/no\/villaer-til-leie-pa-mallorca-naer-stranden\/#primaryimage"},"thumbnailUrl":"https:\/\/blog.nordvillaspollensa.com\/wp-content\/uploads\/2021\/10\/Captura-de-pantalla-2021-10-19-154347.jpg","articleSection":["Uncategorized @no"],"inLanguage":"nb-NO","potentialAction":[{"@type":"CommentAction","name":"Comment","target":["https:\/\/blog.nordvillaspollensa.com\/no\/villaer-til-leie-pa-mallorca-naer-stranden\/#respond"]}]},{"@type":"WebPage","@id":"https:\/\/blog.nordvillaspollensa.com\/no\/villaer-til-leie-pa-mallorca-naer-stranden\/","url":"https:\/\/blog.nordvillaspollensa.com\/no\/villaer-til-leie-pa-mallorca-naer-stranden\/","name":"Villaer til leie p\u00e5 Mallorca n\u00e6r stranden - Blog","isPartOf":{"@id":"https:\/\/blog.nordvillaspollensa.com\/#website"},"primaryImageOfPage":{"@id":"https:\/\/blog.nordvillaspollensa.com\/no\/villaer-til-leie-pa-mallorca-naer-stranden\/#primaryimage"},"image":{"@id":"https:\/\/blog.nordvillaspollensa.com\/no\/villaer-til-leie-pa-mallorca-naer-stranden\/#primaryimage"},"thumbnailUrl":"https:\/\/blog.nordvillaspollensa.com\/wp-content\/uploads\/2021\/10\/Captura-de-pantalla-2021-10-19-154347.jpg","datePublished":"2022-05-04T11:11:08+00:00","dateModified":"2022-05-04T11:11:09+00:00","author":{"@id":"https:\/\/blog.nordvillaspollensa.com\/#\/schema\/person\/bc98f3f935de2b7ef2d8b3e674c7861d"},"description":"Det er utvilsomt en m\u00e5te \u00e5 nyte intimitet og privatliv mens du slapper av under ferien p\u00e5 Mallorca. Villaer til leie p\u00e5 Mallorca n\u00e6r stranden","breadcrumb":{"@id":"https:\/\/blog.nordvillaspollensa.com\/no\/villaer-til-leie-pa-mallorca-naer-stranden\/#breadcrumb"},"inLanguage":"nb-NO","potentialAction":[{"@type":"ReadAction","target":["https:\/\/blog.nordvillaspollensa.com\/no\/villaer-til-leie-pa-mallorca-naer-stranden\/"]}]},{"@type":"ImageObject","inLanguage":"nb-NO","@id":"https:\/\/blog.nordvillaspollensa.com\/no\/villaer-til-leie-pa-mallorca-naer-stranden\/#primaryimage","url":"https:\/\/blog.nordvillaspollensa.com\/wp-content\/uploads\/2021\/10\/Captura-de-pantalla-2021-10-19-154347.jpg","contentUrl":"https:\/\/blog.nordvillaspollensa.com\/wp-content\/uploads\/2021\/10\/Captura-de-pantalla-2021-10-19-154347.jpg","width":1000,"height":693},{"@type":"BreadcrumbList","@id":"https:\/\/blog.nordvillaspollensa.com\/no\/villaer-til-leie-pa-mallorca-naer-stranden\/#breadcrumb","itemListElement":[{"@type":"ListItem","position":1,"name":"Home","item":"https:\/\/blog.nordvillaspollensa.com\/"},{"@type":"ListItem","position":2,"name":"Villaer til leie p\u00e5 Mallorca n\u00e6r stranden"}]},{"@type":"WebSite","@id":"https:\/\/blog.nordvillaspollensa.com\/#website","url":"https:\/\/blog.nordvillaspollensa.com\/","name":"Blog","description":"","potentialAction":[{"@type":"SearchAction","target":{"@type":"EntryPoint","urlTemplate":"https:\/\/blog.nordvillaspollensa.com\/?s={search_term_string}"},"query-input":{"@type":"PropertyValueSpecification","valueRequired":true,"valueName":"search_term_string"}}],"inLanguage":"nb-NO"},{"@type":"Person","@id":"https:\/\/blog.nordvillaspollensa.com\/#\/schema\/person\/bc98f3f935de2b7ef2d8b3e674c7861d","name":"nordvillaspollensa","image":{"@type":"ImageObject","inLanguage":"nb-NO","@id":"https:\/\/secure.gravatar.com\/avatar\/99197ff27043ec5d46dbc6d45891ee2769f2141cd226b537f17594ef60f82c55?s=96&d=mm&r=g","url":"https:\/\/secure.gravatar.com\/avatar\/99197ff27043ec5d46dbc6d45891ee2769f2141cd226b537f17594ef60f82c55?s=96&d=mm&r=g","contentUrl":"https:\/\/secure.gravatar.com\/avatar\/99197ff27043ec5d46dbc6d45891ee2769f2141cd226b537f17594ef60f82c55?s=96&d=mm&r=g","caption":"nordvillaspollensa"},"url":"https:\/\/blog.nordvillaspollensa.com\/no\/author\/nordvillaspollensa\/"}]}},"_links":{"self":[{"href":"https:\/\/blog.nordvillaspollensa.com\/no\/wp-json\/wp\/v2\/posts\/816","targetHints":{"allow":["GET"]}}],"collection":[{"href":"https:\/\/blog.nordvillaspollensa.com\/no\/wp-json\/wp\/v2\/posts"}],"about":[{"href":"https:\/\/blog.nordvillaspollensa.com\/no\/wp-json\/wp\/v2\/types\/post"}],"author":[{"embeddable":true,"href":"https:\/\/blog.nordvillaspollensa.com\/no\/wp-json\/wp\/v2\/users\/2"}],"replies":[{"embeddable":true,"href":"https:\/\/blog.nordvillaspollensa.com\/no\/wp-json\/wp\/v2\/comments?post=816"}],"version-history":[{"count":1,"href":"https:\/\/blog.nordvillaspollensa.com\/no\/wp-json\/wp\/v2\/posts\/816\/revisions"}],"predecessor-version":[{"id":817,"href":"https:\/\/blog.nordvillaspollensa.com\/no\/wp-json\/wp\/v2\/posts\/816\/revisions\/817"}],"wp:featuredmedia":[{"embeddable":true,"href":"https:\/\/blog.nordvillaspollensa.com\/no\/wp-json\/wp\/v2\/media\/818"}],"wp:attachment":[{"href":"https:\/\/blog.nordvillaspollensa.com\/no\/wp-json\/wp\/v2\/media?parent=816"}],"wp:term":[{"taxonomy":"category","embeddable":true,"href":"https:\/\/blog.nordvillaspollensa.com\/no\/wp-json\/wp\/v2\/categories?post=816"},{"taxonomy":"post_tag","embeddable":true,"href":"https:\/\/blog.nordvillaspollensa.com\/no\/wp-json\/wp\/v2\/tags?post=816"}],"curies":[{"name":"wp","href":"https:\/\/api.w.org\/{rel}","templated":true}]}}