{"id":822,"date":"2022-05-04T11:25:08","date_gmt":"2022-05-04T11:25:08","guid":{"rendered":"https:\/\/blog.nordvillaspollensa.com\/?p=822"},"modified":"2022-05-04T11:25:08","modified_gmt":"2022-05-04T11:25:08","slug":"villaer-til-leie-i-pollensa","status":"publish","type":"post","link":"https:\/\/blog.nordvillaspollensa.com\/no\/villaer-til-leie-i-pollensa\/","title":{"rendered":"Villaer til leie i Pollensa"},"content":{"rendered":"\n<p>Det er tusenvis av steder \u00e5 bo p\u00e5 \u00f8ya.&nbsp;I dag kommer vi for \u00e5 anbefale&nbsp;<strong>villaene \u00e5 leie i Pollensa<\/strong>&nbsp;.&nbsp;For oss er det et av de beste alternativene for \u00e5 nyte og bli kjent med \u00f8ya.<\/p>\n\n\n\n<p>Kom til \u00f8ya og finn og nyt&nbsp;<strong>luksusvillaene p\u00e5 Mallorca<\/strong>&nbsp;.&nbsp;Fincaene p\u00e5 Mallorca er preget av romslige bygninger med hager og, nesten alle, med sv\u00f8mmebasseng.&nbsp;I tillegg kjennetegnes&nbsp;<strong>typiske mallorcanske fincaer<\/strong>&nbsp;ved at de er bygget med lokal stein.&nbsp;<\/p>\n\n\n\n<p>P\u00e5&nbsp;<strong>Mallorca<\/strong>&nbsp;finnes det en rekke perfekte steder \u00e5 bo, men i dag skal vi anbefale&nbsp;<strong>nord p\u00e5 Mallorca<\/strong>&nbsp;.&nbsp;Ukjent for mange, siden det ligger langt fra&nbsp;<strong>sentrum av Palma<\/strong>&nbsp;, er omr\u00e5det&nbsp;<strong>Pollensa<\/strong>&nbsp;,&nbsp;<strong>Puerto Pollensa<\/strong>&nbsp;og&nbsp;<strong>Alcudia<\/strong>&nbsp;en vakker kystlinje \u00e5 oppdage.&nbsp;I tillegg har alle tre lokalitetene mange historiske steder.&nbsp;Derfor er&nbsp;<strong>villaer til leie i Pollensa<\/strong>&nbsp;det perfekte alternativet for de som \u00f8nsker \u00e5 bli kjent med dette omr\u00e5det.<\/p>\n\n\n\n<h2 class=\"wp-block-heading\"><a href=\"https:\/\/www.nordvillaspollensa.com\/\">Pollensa villaer<\/a><\/h2>\n\n\n\n<p><strong>Pollensa<\/strong>&nbsp;er en vakker&nbsp;<strong>by p\u00e5 Mallorca<\/strong>&nbsp;.&nbsp;Med mange \u00e5rs historie skjuler dette stedet hj\u00f8rner verdt \u00e5 oppdage.&nbsp;Det er det perfekte stedet for&nbsp;<a href=\"https:\/\/blog.nordvillaspollensa.com\/villas-to-rent-in-puerto-pollensa\/\">villaer \u00e5 leie i&nbsp;<strong>Puerto Pollensa<\/strong><\/a>&nbsp;.&nbsp;I tillegg finner du i omr\u00e5det rundt noen av de mest utmerkede&nbsp;<strong>strendene p\u00e5 Balearene<\/strong>&nbsp;.<\/p>\n\n\n\n<p>Det er to typer&nbsp;<strong>villaer \u00e5 leie i Pollensa<\/strong>&nbsp;.&nbsp;P\u00e5 den ene siden er det de som ligger i sentrum av landsbyen, mindre hus, men omgitt av en unik atmosf\u00e6re.&nbsp;Du vil n\u00e5 dem mens du spaserer gjennom gatene i landsbyen og g\u00e5r gjennom den vakre&nbsp;<strong>gamlebyen i Pollensa<\/strong>&nbsp;.&nbsp;<\/p>\n\n\n\n<p>P\u00e5 den annen side er det villaene som ligger i utkanten av landsbyen, som pleier \u00e5 v\u00e6re st\u00f8rre og har vakker utsikt over&nbsp;<strong>Serra de Tramuntana<\/strong>&nbsp;.&nbsp;Disse fincaene har en tendens til \u00e5 ha en stor hage og et sv\u00f8mmebasseng, hvor du kan sole deg og kj\u00f8le deg ned.&nbsp;<\/p>\n\n\n\n<p>Det er derfor opp til deg \u00e5 velge en av&nbsp;<a href=\"https:\/\/blog.nordvillaspollensa.com\/the-best-villas-pollensa\/\"><strong>de beste villaene i Pollensa<\/strong><\/a>&nbsp;.&nbsp;Du vil alltid finne den som passer best for deg og dine behov under&nbsp;<strong>ferien p\u00e5 Mallorca<\/strong>&nbsp;.&nbsp;De er utvilsomt det perfekte valget for ditt&nbsp;<strong>opphold p\u00e5 Mallorca<\/strong>&nbsp;.<\/p>\n\n\n\n<h2 class=\"wp-block-heading\"><a href=\"https:\/\/blog.nordvillaspollensa.com\/puerto-pollensa-villas\/\"><strong>Puerto Pollensa&nbsp;villaer<\/strong><\/a><\/h2>\n\n\n\n<p><strong>Puerto Pollensa<\/strong>&nbsp;, selv om det er innenfor&nbsp;<strong>Pollensa kommune<\/strong>&nbsp;, er et helt annet sted.&nbsp;Grenset til havet og med en rekke strender i n\u00e6rheten \u00e5 slappe av p\u00e5, er det en typisk&nbsp;<strong>mallorcansk sommerlandsby<\/strong>&nbsp;.&nbsp;<\/p>\n\n\n\n<p><a href=\"https:\/\/blog.nordvillaspollensa.com\/villas-in-puerto-pollensa\/\"><strong>Villaer i Puerto Pollensa<\/strong><\/a>&nbsp;pleier \u00e5 v\u00e6re opphold ved sj\u00f8en, ideelle for \u00e5 slappe av.&nbsp;Det er det perfekte stedet hvis du er ute etter privatliv og diskresjon.&nbsp;<\/p>\n\n\n\n<p>Vi er sikre p\u00e5 at med venner eller familie vil du finne den perfekte villaen for deg.&nbsp;Dessuten, takket v\u00e6re dens n\u00e6rhet til havet, trenger du ikke \u00e5 reise lange kilometer for \u00e5 n\u00e5 de vakre&nbsp;<strong>strendene p\u00e5 Mallorca<\/strong>&nbsp;.&nbsp;<\/p>\n\n\n\n<p>En obligatorisk utflukt under oppholdet i&nbsp;<a href=\"https:\/\/blog.nordvillaspollensa.com\/villas-puerto-pollenca\/\"><strong>villaene Puerto Pollensa<\/strong><\/a>&nbsp;er et bes\u00f8k p\u00e5&nbsp;<strong>stranden i Formentor<\/strong>&nbsp;.&nbsp;Etter det, f\u00f8lger du samme vei, kommer du til&nbsp;<strong>Faro de Formentor fyrt\u00e5rn<\/strong>&nbsp;.&nbsp;Der kan du nyte et av de beste stedene \u00e5 se&nbsp;<strong>solnedgangen p\u00e5 Mallorca<\/strong>&nbsp;.<\/p>\n\n\n\n<h2 class=\"wp-block-heading\"><a href=\"https:\/\/blog.nordvillaspollensa.com\/villas-in-alcudia\/\"><strong>Villaer i Alcudia<\/strong><\/a><\/h2>\n\n\n\n<p>Som i&nbsp;<strong>Pollensa<\/strong>&nbsp;vil du ogs\u00e5 i&nbsp;<strong>Alcudia<\/strong>&nbsp;kunne velge mellom to typer overnatting.&nbsp;En av dem i sentrum av byen, omgitt&nbsp;<strong>av Alcudias murer<\/strong>&nbsp;og dens vakre g\u00e5gater.&nbsp;Og den andre i utkanten, hvor du kan nyte roen og romsligheten til&nbsp;<strong>villaene i Alcudia<\/strong>&nbsp;.<\/p>\n\n\n\n<p><strong>Alcudia<\/strong>&nbsp;ligger i kort avstand fra&nbsp;<strong>Pollensa<\/strong>&nbsp;.&nbsp;Og et interessant faktum om disse nabobyene er at tidligere, det som i dag er kjent som&nbsp;<strong>Alcudia<\/strong>&nbsp;, var faktisk&nbsp;<strong>Pollentia<\/strong>&nbsp;.&nbsp;<\/p>\n\n\n\n<p><strong>Alcudia<\/strong>&nbsp;ligger ved sj\u00f8en, s\u00e5 du finner vakre strender hvor du kan slappe av og nyte solen.&nbsp;For eksempel er&nbsp;<strong>Playa de Muro<\/strong>&nbsp;kjent for atmosf\u00e6ren og antall vannsporter som kan ut\u00f8ves der.&nbsp;Mens&nbsp;<strong>Es Coll Baix<\/strong>&nbsp;er karakterisert for \u00e5 v\u00e6re en uber\u00f8rt strand perfekt for \u00e5 nyte naturen.<\/p>\n\n\n\n<h2 class=\"wp-block-heading\"><a href=\"https:\/\/blog.nordvillaspollensa.com\/majorca-villas-with-pool\/\"><strong>Mallorca villaer med bassenger<\/strong><\/a><\/h2>\n\n\n\n<p>En av de mest popul\u00e6re egenskapene til&nbsp;<a href=\"https:\/\/blog.nordvillaspollensa.com\/villas-for-rent-in-majorca\/\"><strong>villaene til leie p\u00e5 Mallorca<\/strong>&nbsp;<\/a>er sv\u00f8mmebassengene.&nbsp;P\u00e5 grunn av det gode&nbsp;<strong>v\u00e6ret p\u00e5 Mallorca<\/strong>&nbsp;er det uten tvil noe man tar hensyn til n\u00e5r man&nbsp;<strong>leier en finca p\u00e5 Mallorca<\/strong>&nbsp;.&nbsp;Selv om du har&nbsp;<strong>strender og bukter p\u00e5 Mallorca i<\/strong>&nbsp;n\u00e6rheten, er det \u00e5 ankomme villaen din etter en dag p\u00e5 stranden og ta en dukkert i bassenget den perfekte m\u00e5ten \u00e5 avslutte&nbsp;<strong>dagen p\u00e5 Mallorca p\u00e5<\/strong>&nbsp;.<\/p>\n\n\n\n<p>Den er ogs\u00e5 perfekt for de dagene du er mer sliten og du bare vil slappe av og ikke flytte fra oppholdet.&nbsp;Plukk opp en bok og legg deg i solen og ha et sv\u00f8mmebasseng \u00e5 kj\u00f8le deg ned i n\u00e5r det gode&nbsp;<strong>v\u00e6ret p\u00e5 Mallorca<\/strong>&nbsp;sl\u00e5r til.&nbsp;<\/p>\n\n\n\n<p>Av alle disse grunnene er&nbsp;<strong>villaer til leie i Pollensa og Mallorca<\/strong>&nbsp;med sv\u00f8mmebasseng etterspurt og valgt av mange bes\u00f8kende.<\/p>\n\n\n\n<h2 class=\"wp-block-heading\"><strong>Villaer til leie p\u00e5 Mallorca<\/strong><\/h2>\n\n\n\n<p><strong>Villaer til leie p\u00e5 Mallorca<\/strong>&nbsp;vokser mer og mer.&nbsp;Dette er p\u00e5 grunn av antall tilbud om denne typen overnatting p\u00e5 \u00f8ya og komforten den tilbyr deg.&nbsp;Du kan velge noe s\u00e5 spesifikt som&nbsp;<a href=\"https:\/\/blog.nordvillaspollensa.com\/villas-to-rent-in-majorca-near-beach\/\"><strong>villaer \u00e5 leie p\u00e5 Mallorca n\u00e6r stranden<\/strong><\/a>&nbsp;.&nbsp;I dem f\u00e5r du privatliv slik at ingen forstyrrer deg og samtidig er du n\u00e6r de beste&nbsp;<strong>strendene p\u00e5 Mallorca<\/strong>&nbsp;.<\/p>\n\n\n\n<p>Og for de som liker uavhengighet og ingen timeplan, er dette perfeksjon.&nbsp;Spise n\u00e5r det passer deg, ikke \u00e5 m\u00e5tte holde \u00f8ye med restaurantplanene, men ha ditt eget kj\u00f8kken for \u00e5 spise det du har lyst til \u00e5 spise.&nbsp;<\/p>\n\n\n\n<p>I&nbsp;<a href=\"https:\/\/blog.nordvillaspollensa.com\/holiday-villas-mallorca\/\"><strong>ferievillaene Mallorca<\/strong><\/a>&nbsp;kan du finne det ideelle oppholdet for deg, og som ligger i n\u00e6rheten av stedene du \u00f8nsker \u00e5&nbsp;<strong>bes\u00f8ke p\u00e5 Balearene<\/strong>&nbsp;.<\/p>\n\n\n\n<h2 class=\"wp-block-heading\"><strong>Nord Villas Pollensa<\/strong><\/h2>\n\n\n\n<p>Hos&nbsp;<strong>Nord Villas Pollensa<\/strong>&nbsp;er vi sikre p\u00e5 at du vil finne stedet \u00e5 bo du leter etter.&nbsp;Vi har en rekke&nbsp;<a href=\"https:\/\/blog.nordvillaspollensa.com\/luxury-villas-in-majorca\/\"><strong>luksusvillaer p\u00e5 Mallorca<\/strong><\/a>&nbsp;slik at du kan finne den som passer best for dine behov og smak.&nbsp;<\/p>\n\n\n\n<p>Vi tilbyr fantastiske ekstratjenester for \u00e5 gj\u00f8re oppholdet ditt s\u00e5 komfortabelt som mulig.&nbsp;For de mer eventyrlystne har vi tjenester for leie av b\u00e5ter, sykler, turstier, dykking eller kajakkpadling.&nbsp;Dette er alle forskjellige m\u00e5ter \u00e5 bli kjent med \u00f8ya p\u00e5 og vil skape spektakul\u00e6re og unike opplevelser.&nbsp;<\/p>\n\n\n\n<p>For de som leter etter avslapping, har vi massasjetjenester &#8211; du trenger ikke \u00e5 bekymre deg for noen ting!&nbsp;Fagfolkene kommer til din&nbsp;<strong>villa Nord Villas Pollensa<\/strong>&nbsp;slik at alt du trenger \u00e5 bekymre deg for er \u00e5 kose deg.&nbsp;<\/p>\n\n\n\n<p>Og for de som er bekymret for hvordan de skal komme seg rundt og bli kjent med&nbsp;<strong>hj\u00f8rnene av Mallorca<\/strong>&nbsp;, tilbyr vi bilutleietjenester, overf\u00f8ringer eller drosjer, slik at bekymringene dine blir satt p\u00e5 baken og alt du trenger \u00e5 gj\u00f8re er \u00e5 nyte og f\u00e5 \u00e5 vite de beste&nbsp;<strong>stedene p\u00e5 Mallorca<\/strong>&nbsp;.<\/p>\n\n\n\n<p>Av alle disse grunnene tilbyr vi alle&nbsp;<strong>villaene og fincaene til Nord Villas Pollensa<\/strong>&nbsp;, sammen med tilleggstjenestene, slik at&nbsp;<strong>ferien din p\u00e5 Mallorca<\/strong>&nbsp;blir best mulig.&nbsp;<br>G\u00e5 inn p\u00e5 nettsiden v\u00e5r og finn de&nbsp;<strong>luksuri\u00f8se villaene p\u00e5 Mallorca<\/strong>&nbsp;som passer best for deg.&nbsp;Hvis du trenger mer informasjon, ikke n\u00f8l med \u00e5 kontakte oss og vi vil gi deg alt du trenger.&nbsp;Denne sommeren kan du bestille ferien hos&nbsp;<strong>Nord Villas Pollensa<\/strong>&nbsp;.<\/p>\n","protected":false},"excerpt":{"rendered":"<p>Det er tusenvis av steder \u00e5 bo p\u00e5 \u00f8ya.&nbsp;I dag kommer vi for \u00e5 anbefale&nbsp;villaene \u00e5 leie i Pollensa&nbsp;.&nbsp;For oss&#8230;<\/p>\n","protected":false},"author":2,"featured_media":824,"comment_status":"open","ping_status":"closed","sticky":false,"template":"","format":"standard","meta":{"footnotes":""},"categories":[20],"tags":[],"class_list":["post-822","post","type-post","status-publish","format-standard","has-post-thumbnail","hentry","category-uncategorized-no"],"yoast_head":"<!-- This site is optimized with the Yoast SEO plugin v27.4 - https:\/\/yoast.com\/product\/yoast-seo-wordpress\/ -->\n<title>Villaer til leie i Pollensa - Blog<\/title>\n<meta name=\"description\" content=\"Det er tusenvis av steder \u00e5 bo p\u00e5 \u00f8ya. I dag kommer vi for \u00e5 anbefale villaene \u00e5 leie i Pollensa. Villaer til leie i Pollensa\" \/>\n<meta name=\"robots\" content=\"index, follow, max-snippet:-1, max-image-preview:large, max-video-preview:-1\" \/>\n<link rel=\"canonical\" href=\"https:\/\/blog.nordvillaspollensa.com\/no\/villaer-til-leie-i-pollensa\/\" \/>\n<meta property=\"og:locale\" content=\"nb_NO\" \/>\n<meta property=\"og:type\" content=\"article\" \/>\n<meta property=\"og:title\" content=\"Villaer til leie i Pollensa - Blog\" \/>\n<meta property=\"og:description\" content=\"Det er tusenvis av steder \u00e5 bo p\u00e5 \u00f8ya. I dag kommer vi for \u00e5 anbefale villaene \u00e5 leie i Pollensa. Villaer til leie i Pollensa\" \/>\n<meta property=\"og:url\" content=\"https:\/\/blog.nordvillaspollensa.com\/no\/villaer-til-leie-i-pollensa\/\" \/>\n<meta property=\"og:site_name\" content=\"Blog\" \/>\n<meta property=\"article:published_time\" content=\"2022-05-04T11:25:08+00:00\" \/>\n<meta property=\"og:image\" content=\"https:\/\/blog.nordvillaspollensa.com\/wp-content\/uploads\/2021\/10\/Captura-de-pantalla-2021-10-21-a-las-11.28.09.png\" \/>\n\t<meta property=\"og:image:width\" content=\"969\" \/>\n\t<meta property=\"og:image:height\" content=\"719\" \/>\n\t<meta property=\"og:image:type\" content=\"image\/png\" \/>\n<meta name=\"author\" content=\"nordvillaspollensa\" \/>\n<meta name=\"twitter:card\" content=\"summary_large_image\" \/>\n<meta name=\"twitter:label1\" content=\"Skrevet av\" \/>\n\t<meta name=\"twitter:data1\" content=\"nordvillaspollensa\" \/>\n\t<meta name=\"twitter:label2\" content=\"Ansl. lesetid\" \/>\n\t<meta name=\"twitter:data2\" content=\"6 minutter\" \/>\n<script type=\"application\/ld+json\" class=\"yoast-schema-graph\">{\"@context\":\"https:\\\/\\\/schema.org\",\"@graph\":[{\"@type\":\"Article\",\"@id\":\"https:\\\/\\\/blog.nordvillaspollensa.com\\\/no\\\/villaer-til-leie-i-pollensa\\\/#article\",\"isPartOf\":{\"@id\":\"https:\\\/\\\/blog.nordvillaspollensa.com\\\/no\\\/villaer-til-leie-i-pollensa\\\/\"},\"author\":{\"name\":\"nordvillaspollensa\",\"@id\":\"https:\\\/\\\/blog.nordvillaspollensa.com\\\/#\\\/schema\\\/person\\\/bc98f3f935de2b7ef2d8b3e674c7861d\"},\"headline\":\"Villaer til leie i Pollensa\",\"datePublished\":\"2022-05-04T11:25:08+00:00\",\"mainEntityOfPage\":{\"@id\":\"https:\\\/\\\/blog.nordvillaspollensa.com\\\/no\\\/villaer-til-leie-i-pollensa\\\/\"},\"wordCount\":1329,\"commentCount\":0,\"image\":{\"@id\":\"https:\\\/\\\/blog.nordvillaspollensa.com\\\/no\\\/villaer-til-leie-i-pollensa\\\/#primaryimage\"},\"thumbnailUrl\":\"https:\\\/\\\/blog.nordvillaspollensa.com\\\/wp-content\\\/uploads\\\/2021\\\/10\\\/Captura-de-pantalla-2021-10-21-a-las-11.28.09.png\",\"articleSection\":[\"Uncategorized @no\"],\"inLanguage\":\"nb-NO\",\"potentialAction\":[{\"@type\":\"CommentAction\",\"name\":\"Comment\",\"target\":[\"https:\\\/\\\/blog.nordvillaspollensa.com\\\/no\\\/villaer-til-leie-i-pollensa\\\/#respond\"]}]},{\"@type\":\"WebPage\",\"@id\":\"https:\\\/\\\/blog.nordvillaspollensa.com\\\/no\\\/villaer-til-leie-i-pollensa\\\/\",\"url\":\"https:\\\/\\\/blog.nordvillaspollensa.com\\\/no\\\/villaer-til-leie-i-pollensa\\\/\",\"name\":\"Villaer til leie i Pollensa - Blog\",\"isPartOf\":{\"@id\":\"https:\\\/\\\/blog.nordvillaspollensa.com\\\/#website\"},\"primaryImageOfPage\":{\"@id\":\"https:\\\/\\\/blog.nordvillaspollensa.com\\\/no\\\/villaer-til-leie-i-pollensa\\\/#primaryimage\"},\"image\":{\"@id\":\"https:\\\/\\\/blog.nordvillaspollensa.com\\\/no\\\/villaer-til-leie-i-pollensa\\\/#primaryimage\"},\"thumbnailUrl\":\"https:\\\/\\\/blog.nordvillaspollensa.com\\\/wp-content\\\/uploads\\\/2021\\\/10\\\/Captura-de-pantalla-2021-10-21-a-las-11.28.09.png\",\"datePublished\":\"2022-05-04T11:25:08+00:00\",\"author\":{\"@id\":\"https:\\\/\\\/blog.nordvillaspollensa.com\\\/#\\\/schema\\\/person\\\/bc98f3f935de2b7ef2d8b3e674c7861d\"},\"description\":\"Det er tusenvis av steder \u00e5 bo p\u00e5 \u00f8ya. I dag kommer vi for \u00e5 anbefale villaene \u00e5 leie i Pollensa. Villaer til leie i Pollensa\",\"breadcrumb\":{\"@id\":\"https:\\\/\\\/blog.nordvillaspollensa.com\\\/no\\\/villaer-til-leie-i-pollensa\\\/#breadcrumb\"},\"inLanguage\":\"nb-NO\",\"potentialAction\":[{\"@type\":\"ReadAction\",\"target\":[\"https:\\\/\\\/blog.nordvillaspollensa.com\\\/no\\\/villaer-til-leie-i-pollensa\\\/\"]}]},{\"@type\":\"ImageObject\",\"inLanguage\":\"nb-NO\",\"@id\":\"https:\\\/\\\/blog.nordvillaspollensa.com\\\/no\\\/villaer-til-leie-i-pollensa\\\/#primaryimage\",\"url\":\"https:\\\/\\\/blog.nordvillaspollensa.com\\\/wp-content\\\/uploads\\\/2021\\\/10\\\/Captura-de-pantalla-2021-10-21-a-las-11.28.09.png\",\"contentUrl\":\"https:\\\/\\\/blog.nordvillaspollensa.com\\\/wp-content\\\/uploads\\\/2021\\\/10\\\/Captura-de-pantalla-2021-10-21-a-las-11.28.09.png\",\"width\":969,\"height\":719},{\"@type\":\"BreadcrumbList\",\"@id\":\"https:\\\/\\\/blog.nordvillaspollensa.com\\\/no\\\/villaer-til-leie-i-pollensa\\\/#breadcrumb\",\"itemListElement\":[{\"@type\":\"ListItem\",\"position\":1,\"name\":\"Home\",\"item\":\"https:\\\/\\\/blog.nordvillaspollensa.com\\\/\"},{\"@type\":\"ListItem\",\"position\":2,\"name\":\"Villaer til leie i Pollensa\"}]},{\"@type\":\"WebSite\",\"@id\":\"https:\\\/\\\/blog.nordvillaspollensa.com\\\/#website\",\"url\":\"https:\\\/\\\/blog.nordvillaspollensa.com\\\/\",\"name\":\"Blog\",\"description\":\"\",\"potentialAction\":[{\"@type\":\"SearchAction\",\"target\":{\"@type\":\"EntryPoint\",\"urlTemplate\":\"https:\\\/\\\/blog.nordvillaspollensa.com\\\/?s={search_term_string}\"},\"query-input\":{\"@type\":\"PropertyValueSpecification\",\"valueRequired\":true,\"valueName\":\"search_term_string\"}}],\"inLanguage\":\"nb-NO\"},{\"@type\":\"Person\",\"@id\":\"https:\\\/\\\/blog.nordvillaspollensa.com\\\/#\\\/schema\\\/person\\\/bc98f3f935de2b7ef2d8b3e674c7861d\",\"name\":\"nordvillaspollensa\",\"image\":{\"@type\":\"ImageObject\",\"inLanguage\":\"nb-NO\",\"@id\":\"https:\\\/\\\/secure.gravatar.com\\\/avatar\\\/99197ff27043ec5d46dbc6d45891ee2769f2141cd226b537f17594ef60f82c55?s=96&d=mm&r=g\",\"url\":\"https:\\\/\\\/secure.gravatar.com\\\/avatar\\\/99197ff27043ec5d46dbc6d45891ee2769f2141cd226b537f17594ef60f82c55?s=96&d=mm&r=g\",\"contentUrl\":\"https:\\\/\\\/secure.gravatar.com\\\/avatar\\\/99197ff27043ec5d46dbc6d45891ee2769f2141cd226b537f17594ef60f82c55?s=96&d=mm&r=g\",\"caption\":\"nordvillaspollensa\"},\"url\":\"https:\\\/\\\/blog.nordvillaspollensa.com\\\/no\\\/author\\\/nordvillaspollensa\\\/\"}]}<\/script>\n<!-- \/ Yoast SEO plugin. -->","yoast_head_json":{"title":"Villaer til leie i Pollensa - Blog","description":"Det er tusenvis av steder \u00e5 bo p\u00e5 \u00f8ya. I dag kommer vi for \u00e5 anbefale villaene \u00e5 leie i Pollensa. Villaer til leie i Pollensa","robots":{"index":"index","follow":"follow","max-snippet":"max-snippet:-1","max-image-preview":"max-image-preview:large","max-video-preview":"max-video-preview:-1"},"canonical":"https:\/\/blog.nordvillaspollensa.com\/no\/villaer-til-leie-i-pollensa\/","og_locale":"nb_NO","og_type":"article","og_title":"Villaer til leie i Pollensa - Blog","og_description":"Det er tusenvis av steder \u00e5 bo p\u00e5 \u00f8ya. I dag kommer vi for \u00e5 anbefale villaene \u00e5 leie i Pollensa. Villaer til leie i Pollensa","og_url":"https:\/\/blog.nordvillaspollensa.com\/no\/villaer-til-leie-i-pollensa\/","og_site_name":"Blog","article_published_time":"2022-05-04T11:25:08+00:00","og_image":[{"width":969,"height":719,"url":"https:\/\/blog.nordvillaspollensa.com\/wp-content\/uploads\/2021\/10\/Captura-de-pantalla-2021-10-21-a-las-11.28.09.png","type":"image\/png"}],"author":"nordvillaspollensa","twitter_card":"summary_large_image","twitter_misc":{"Skrevet av":"nordvillaspollensa","Ansl. lesetid":"6 minutter"},"schema":{"@context":"https:\/\/schema.org","@graph":[{"@type":"Article","@id":"https:\/\/blog.nordvillaspollensa.com\/no\/villaer-til-leie-i-pollensa\/#article","isPartOf":{"@id":"https:\/\/blog.nordvillaspollensa.com\/no\/villaer-til-leie-i-pollensa\/"},"author":{"name":"nordvillaspollensa","@id":"https:\/\/blog.nordvillaspollensa.com\/#\/schema\/person\/bc98f3f935de2b7ef2d8b3e674c7861d"},"headline":"Villaer til leie i Pollensa","datePublished":"2022-05-04T11:25:08+00:00","mainEntityOfPage":{"@id":"https:\/\/blog.nordvillaspollensa.com\/no\/villaer-til-leie-i-pollensa\/"},"wordCount":1329,"commentCount":0,"image":{"@id":"https:\/\/blog.nordvillaspollensa.com\/no\/villaer-til-leie-i-pollensa\/#primaryimage"},"thumbnailUrl":"https:\/\/blog.nordvillaspollensa.com\/wp-content\/uploads\/2021\/10\/Captura-de-pantalla-2021-10-21-a-las-11.28.09.png","articleSection":["Uncategorized @no"],"inLanguage":"nb-NO","potentialAction":[{"@type":"CommentAction","name":"Comment","target":["https:\/\/blog.nordvillaspollensa.com\/no\/villaer-til-leie-i-pollensa\/#respond"]}]},{"@type":"WebPage","@id":"https:\/\/blog.nordvillaspollensa.com\/no\/villaer-til-leie-i-pollensa\/","url":"https:\/\/blog.nordvillaspollensa.com\/no\/villaer-til-leie-i-pollensa\/","name":"Villaer til leie i Pollensa - Blog","isPartOf":{"@id":"https:\/\/blog.nordvillaspollensa.com\/#website"},"primaryImageOfPage":{"@id":"https:\/\/blog.nordvillaspollensa.com\/no\/villaer-til-leie-i-pollensa\/#primaryimage"},"image":{"@id":"https:\/\/blog.nordvillaspollensa.com\/no\/villaer-til-leie-i-pollensa\/#primaryimage"},"thumbnailUrl":"https:\/\/blog.nordvillaspollensa.com\/wp-content\/uploads\/2021\/10\/Captura-de-pantalla-2021-10-21-a-las-11.28.09.png","datePublished":"2022-05-04T11:25:08+00:00","author":{"@id":"https:\/\/blog.nordvillaspollensa.com\/#\/schema\/person\/bc98f3f935de2b7ef2d8b3e674c7861d"},"description":"Det er tusenvis av steder \u00e5 bo p\u00e5 \u00f8ya. I dag kommer vi for \u00e5 anbefale villaene \u00e5 leie i Pollensa. Villaer til leie i Pollensa","breadcrumb":{"@id":"https:\/\/blog.nordvillaspollensa.com\/no\/villaer-til-leie-i-pollensa\/#breadcrumb"},"inLanguage":"nb-NO","potentialAction":[{"@type":"ReadAction","target":["https:\/\/blog.nordvillaspollensa.com\/no\/villaer-til-leie-i-pollensa\/"]}]},{"@type":"ImageObject","inLanguage":"nb-NO","@id":"https:\/\/blog.nordvillaspollensa.com\/no\/villaer-til-leie-i-pollensa\/#primaryimage","url":"https:\/\/blog.nordvillaspollensa.com\/wp-content\/uploads\/2021\/10\/Captura-de-pantalla-2021-10-21-a-las-11.28.09.png","contentUrl":"https:\/\/blog.nordvillaspollensa.com\/wp-content\/uploads\/2021\/10\/Captura-de-pantalla-2021-10-21-a-las-11.28.09.png","width":969,"height":719},{"@type":"BreadcrumbList","@id":"https:\/\/blog.nordvillaspollensa.com\/no\/villaer-til-leie-i-pollensa\/#breadcrumb","itemListElement":[{"@type":"ListItem","position":1,"name":"Home","item":"https:\/\/blog.nordvillaspollensa.com\/"},{"@type":"ListItem","position":2,"name":"Villaer til leie i Pollensa"}]},{"@type":"WebSite","@id":"https:\/\/blog.nordvillaspollensa.com\/#website","url":"https:\/\/blog.nordvillaspollensa.com\/","name":"Blog","description":"","potentialAction":[{"@type":"SearchAction","target":{"@type":"EntryPoint","urlTemplate":"https:\/\/blog.nordvillaspollensa.com\/?s={search_term_string}"},"query-input":{"@type":"PropertyValueSpecification","valueRequired":true,"valueName":"search_term_string"}}],"inLanguage":"nb-NO"},{"@type":"Person","@id":"https:\/\/blog.nordvillaspollensa.com\/#\/schema\/person\/bc98f3f935de2b7ef2d8b3e674c7861d","name":"nordvillaspollensa","image":{"@type":"ImageObject","inLanguage":"nb-NO","@id":"https:\/\/secure.gravatar.com\/avatar\/99197ff27043ec5d46dbc6d45891ee2769f2141cd226b537f17594ef60f82c55?s=96&d=mm&r=g","url":"https:\/\/secure.gravatar.com\/avatar\/99197ff27043ec5d46dbc6d45891ee2769f2141cd226b537f17594ef60f82c55?s=96&d=mm&r=g","contentUrl":"https:\/\/secure.gravatar.com\/avatar\/99197ff27043ec5d46dbc6d45891ee2769f2141cd226b537f17594ef60f82c55?s=96&d=mm&r=g","caption":"nordvillaspollensa"},"url":"https:\/\/blog.nordvillaspollensa.com\/no\/author\/nordvillaspollensa\/"}]}},"_links":{"self":[{"href":"https:\/\/blog.nordvillaspollensa.com\/no\/wp-json\/wp\/v2\/posts\/822","targetHints":{"allow":["GET"]}}],"collection":[{"href":"https:\/\/blog.nordvillaspollensa.com\/no\/wp-json\/wp\/v2\/posts"}],"about":[{"href":"https:\/\/blog.nordvillaspollensa.com\/no\/wp-json\/wp\/v2\/types\/post"}],"author":[{"embeddable":true,"href":"https:\/\/blog.nordvillaspollensa.com\/no\/wp-json\/wp\/v2\/users\/2"}],"replies":[{"embeddable":true,"href":"https:\/\/blog.nordvillaspollensa.com\/no\/wp-json\/wp\/v2\/comments?post=822"}],"version-history":[{"count":1,"href":"https:\/\/blog.nordvillaspollensa.com\/no\/wp-json\/wp\/v2\/posts\/822\/revisions"}],"predecessor-version":[{"id":823,"href":"https:\/\/blog.nordvillaspollensa.com\/no\/wp-json\/wp\/v2\/posts\/822\/revisions\/823"}],"wp:featuredmedia":[{"embeddable":true,"href":"https:\/\/blog.nordvillaspollensa.com\/no\/wp-json\/wp\/v2\/media\/824"}],"wp:attachment":[{"href":"https:\/\/blog.nordvillaspollensa.com\/no\/wp-json\/wp\/v2\/media?parent=822"}],"wp:term":[{"taxonomy":"category","embeddable":true,"href":"https:\/\/blog.nordvillaspollensa.com\/no\/wp-json\/wp\/v2\/categories?post=822"},{"taxonomy":"post_tag","embeddable":true,"href":"https:\/\/blog.nordvillaspollensa.com\/no\/wp-json\/wp\/v2\/tags?post=822"}],"curies":[{"name":"wp","href":"https:\/\/api.w.org\/{rel}","templated":true}]}}