{"id":843,"date":"2022-05-04T11:56:44","date_gmt":"2022-05-04T11:56:44","guid":{"rendered":"https:\/\/blog.nordvillaspollensa.com\/?p=843"},"modified":"2022-05-04T11:56:45","modified_gmt":"2022-05-04T11:56:45","slug":"villaer-i-pollensa-mallorca-2","status":"publish","type":"post","link":"https:\/\/blog.nordvillaspollensa.com\/no\/villaer-i-pollensa-mallorca-2\/","title":{"rendered":"Villaer i Pollensa Mallorca"},"content":{"rendered":"\n<p><strong>\u00c5 reise til Mallorca<\/strong>&nbsp;er alltid en god plan.&nbsp;\u00c5 kunne nyte strendene og de forskjellige hj\u00f8rnene er utvilsomt det perfekte alternativet hvis du \u00f8nsker \u00e5 slappe av og koble av.&nbsp;Men hvis du virkelig \u00f8nsker \u00e5 gj\u00f8re det, ikke n\u00f8l med \u00e5 velge en av&nbsp;<strong>villaene i Pollensa Mallorca<\/strong>&nbsp;for \u00e5 gj\u00f8re det.&nbsp;<\/p>\n\n\n\n<p>Ved \u00e5 leie et&nbsp;<strong>feriehus p\u00e5 Mallorca<\/strong>&nbsp;kan du nyte mange fordeler som&nbsp;<strong>hoteller p\u00e5 Mallorca<\/strong>&nbsp;ikke gir deg.&nbsp;Villaene&nbsp;<strong>til leie p\u00e5 Mallorca<\/strong>&nbsp;er et annerledes og perfekt alternativ hvis du er ute etter noe komfortabelt og med maksimalt privatliv.&nbsp;<\/p>\n\n\n\n<p><strong>Villaer i Pollensa Mallorca<\/strong>&nbsp;er et perfekt valg for din ferie p\u00e5 Mallorca.&nbsp;Men det er ogs\u00e5&nbsp;<a href=\"https:\/\/blog.nordvillaspollensa.com\/villas-in-alcudia\/\"><strong>villaene i Alcudia<\/strong><\/a>&nbsp;og&nbsp;<a href=\"https:\/\/blog.nordvillaspollensa.com\/puerto-pollensa-villas\/\"><strong>Puerto Pollensa-villaene<\/strong><\/a>&nbsp;.&nbsp;<strong>Det er veldig vanlig \u00e5 leie villaer nord p\u00e5 Mallorca<\/strong>&nbsp;, takket v\u00e6re alle fasilitetene du finner p\u00e5 disse&nbsp;<strong>stedene p\u00e5 Mallorca<\/strong>&nbsp;.&nbsp;<\/p>\n\n\n\n<p>Hvis du planlegger&nbsp;<strong>reisen til Mallorca<\/strong>&nbsp;og \u00f8nsker \u00e5 leie en av de mange&nbsp;<strong>villaene i Pollensa Mallorca<\/strong>&nbsp;, er du p\u00e5 rett sted.&nbsp;Vi skal fortelle deg alt om&nbsp;<strong>Pollensa, Mallorca, Puerto Pollensa<\/strong>&nbsp;.&nbsp;Ogs\u00e5 om de forskjellige alternativene for&nbsp;<strong>ferievillaer p\u00e5 Mallorca<\/strong>&nbsp;.&nbsp;Alt dette fra&nbsp;<strong>Nord Villas Pollensa<\/strong>&nbsp;.<\/p>\n\n\n\n<h2 class=\"wp-block-heading\"><strong>Mallorca<\/strong><\/h2>\n\n\n\n<p><strong>Mallorca<\/strong>&nbsp;er den&nbsp;<strong>st\u00f8rste av Balearene<\/strong>&nbsp;, derav navnet, men det er ogs\u00e5 en \u00f8y full av steder \u00e5 bes\u00f8ke.&nbsp;Fra hovedstaden og den vakre&nbsp;<strong>katedralen i Palma<\/strong>&nbsp;, til de forskjellige og fantastiske&nbsp;<strong>strendene p\u00e5 Mallorca<\/strong>&nbsp;.&nbsp;<\/p>\n\n\n\n<p>Dessuten er&nbsp;<strong>Mallorca<\/strong>&nbsp;en veldig allsidig \u00f8y.&nbsp;Takket v\u00e6re kystlinjen og den vakre fjellkjeden&nbsp;<strong>Serra de Tramuntana<\/strong>&nbsp;, kan du kombinere hav- og fjellaktiviteter.&nbsp;For eksempel kan du g\u00e5 p\u00e5 en&nbsp;<strong>sykkelrute p\u00e5 Mallorca<\/strong>&nbsp;gjennom fjellene og avslutte den med en dukkert i havet.&nbsp;<\/p>\n\n\n\n<p>Det er mange muligheter for&nbsp;<strong>utflukter p\u00e5 Mallorca<\/strong>&nbsp;.&nbsp;B\u00e5de p\u00e5 sykkel, samt&nbsp;<strong>turstier p\u00e5 Mallorca<\/strong>&nbsp;, og utflukter ved sj\u00f8en.&nbsp;\u00c5 velge muligheten til \u00e5 leie en b\u00e5t p\u00e5 Mallorca og oppdage hele&nbsp;<strong>kysten av Mallorca<\/strong>&nbsp;er uten tvil en&nbsp;<strong>annen plan \u00e5 gj\u00f8re p\u00e5 Mallorca<\/strong>&nbsp;, men&#8230; bare egnet for de eventyrlystne!<\/p>\n\n\n\n<p>\u00c5 bes\u00f8ke de forskjellige&nbsp;<strong>landsbyene p\u00e5 Mallorca<\/strong>&nbsp;er ogs\u00e5 et ideelt alternativ for&nbsp;<strong>dager med d\u00e5rlig v\u00e6r p\u00e5 Mallorca<\/strong>&nbsp;.&nbsp;B\u00e5de landsbyene i sentrum av \u00f8ya og&nbsp;<strong>kystlandsbyene p\u00e5 Mallorca<\/strong>&nbsp;er vakre steder \u00e5 rusle rundt og l\u00e6re om historien deres.<\/p>\n\n\n\n<h2 class=\"wp-block-heading\"><strong>Pollensa<\/strong><\/h2>\n\n\n\n<p><strong>Pollensa<\/strong>&nbsp;er en&nbsp;<strong>by som ligger nord p\u00e5 Mallorca<\/strong>&nbsp;.&nbsp;B\u00e5de historien og&nbsp;<strong>beliggenheten p\u00e5 Mallorca<\/strong>&nbsp;er ekstraordin\u00e6re.&nbsp;<strong>Pollensa<\/strong>&nbsp;ligger midt i&nbsp;<strong>Serra de Tramuntana<\/strong>&nbsp;.&nbsp;Dette er den&nbsp;<strong>st\u00f8rste fjellkjeden p\u00e5 Mallorca<\/strong>&nbsp;.&nbsp;<\/p>\n\n\n\n<p>Derfor, hvis du \u00f8nsker \u00e5 foreta&nbsp;<strong>utflukter p\u00e5 Mallorca<\/strong>&nbsp;, er det \u00e5 velge&nbsp;<a href=\"https:\/\/www.nordvillaspollensa.com\/\"><strong>Pollensa-villaene<\/strong>&nbsp;<\/a>et perfekt alternativ.&nbsp;Selv om det vil v\u00e6re vanskelig \u00e5 velge mellom&nbsp;<a href=\"https:\/\/blog.nordvillaspollensa.com\/the-best-villas-pollensa\/\"><strong>de beste villaene i Pollensa<\/strong><\/a>&nbsp;, men vi forsikrer deg om at det vil v\u00e6re det perfekte alternativet.&nbsp;<\/p>\n\n\n\n<p>I&nbsp;<strong>Pollensa<\/strong>&nbsp;vil du ogs\u00e5 nyte unike steder \u00e5 bes\u00f8ke.&nbsp;Som de&nbsp;<strong>365 trappetrinnene til Golgata i Pollensa<\/strong>&nbsp;.&nbsp;Det kan v\u00e6re vanskelig \u00e5 bestige dem, men det er verdt det \u00e5 se&nbsp;<strong>panoramautsikten over Pollensa<\/strong>&nbsp;fra dette vakre stedet.&nbsp;Men \u00e5 spasere rundt p\u00e5 hovedtorget og&nbsp;<strong>Pollensa-markedet<\/strong>&nbsp;er ogs\u00e5 perfekte alternativer for&nbsp;<strong>en dag ute i Pollensa<\/strong>&nbsp;.&nbsp;<\/p>\n\n\n\n<p>Vi tror dette er nok grunner til at du velger en av&nbsp;<a href=\"https:\/\/blog.nordvillaspollensa.com\/villas-to-rent-in-pollensa\/\"><strong>villaene \u00e5 leie i Pollensa<\/strong><\/a>&nbsp;.&nbsp;Men hvis du fortsatt ikke er sikker, vil vi ogs\u00e5 anbefale&nbsp;<a href=\"https:\/\/blog.nordvillaspollensa.com\/villas-in-puerto-pollensa\/\"><strong>villaene i Puerto Pollensa<\/strong><\/a>&nbsp;.&nbsp;Villaene&nbsp;<a href=\"https:\/\/blog.nordvillaspollensa.com\/villas-in-puerto-pollensa-majorca\/\"><strong>i Puerto Pollensa Mallorca<\/strong><\/a>&nbsp;ligger i samme kommune, men litt n\u00e6rmere sj\u00f8en.<\/p>\n\n\n\n<h2 class=\"wp-block-heading\"><strong>Puerto Pollensa<\/strong><\/h2>\n\n\n\n<p><strong>Puerto Pollensa<\/strong>&nbsp;tilh\u00f8rer&nbsp;<strong>kommunen Pollensa<\/strong>&nbsp;, men er den delen av byen som ligger n\u00e6rmest havet.&nbsp;Det er kjent for sin fantastiske havn og den utrolige atmosf\u00e6ren.&nbsp;Det krysses av en vakker promenade hvor du kan spasere og nyte forskjellige barer og restauranter.&nbsp;<\/p>\n\n\n\n<p>Hvis du leter etter&nbsp;<a href=\"https:\/\/blog.nordvillaspollensa.com\/villas-in-majorca-near-the-beach\/\"><strong>villaer p\u00e5 Mallorca n\u00e6r stranden<\/strong><\/a>&nbsp;<strong>er Puerto Pollensa<\/strong>&nbsp;det perfekte stedet.&nbsp;Ogs\u00e5 blant disse typer villaer kan du finne noen av de&nbsp;<a href=\"https:\/\/blog.nordvillaspollensa.com\/best-villas-in-majorca\/\"><strong>beste villaene p\u00e5 Mallorca<\/strong><\/a>&nbsp;.&nbsp;Det er veldig vanlig \u00e5 finne&nbsp;<a href=\"https:\/\/blog.nordvillaspollensa.com\/luxury-villas-in-majorca\/\"><strong>luksusvillaer p\u00e5 Mallorca<\/strong><\/a>&nbsp;og ogs\u00e5&nbsp;<a href=\"https:\/\/blog.nordvillaspollensa.com\/majorca-villas-with-pool\/\"><strong>Mallorcavillaer med basseng<\/strong>&nbsp;.<\/a>&nbsp;<\/p>\n\n\n\n<p><strong>Puerto Pollensa<\/strong>&nbsp;er ogs\u00e5 det perfekte stedet hvis du leter etter et&nbsp;<strong>sted med atmosf\u00e6re p\u00e5 Mallorca<\/strong>&nbsp;.&nbsp;Som vi nevnte f\u00f8r i&nbsp;<strong>Puerto Pollensa<\/strong>&nbsp;er det mange barer og restauranter.&nbsp;Men du vil ogs\u00e5 finne mange strandklubber, puber og diskoteker \u00e5 nyte, b\u00e5de p\u00e5 dagtid og om natten.<\/p>\n\n\n\n<h2 class=\"wp-block-heading\"><strong>Villaer til leie p\u00e5 Mallorca<\/strong><\/h2>\n\n\n\n<p><a href=\"https:\/\/blog.nordvillaspollensa.com\/villas-for-rent-in-majorca\/\"><strong>Villaer \u00e5 leie p\u00e5 Mallorca<\/strong><\/a>&nbsp;er enkelt hvis du vet hvor du skal gj\u00f8re det.&nbsp;Det er vanskelig \u00e5 velge mellom de forskjellige<a href=\"https:\/\/blog.nordvillaspollensa.com\/holiday-villas-mallorca\/\"><strong>&nbsp;ferievillaene p\u00e5 Mallorca<\/strong><\/a>&nbsp;, men lar du deg r\u00e5de av de beste, kan denne oppgaven gj\u00f8res mye enklere.&nbsp;Derfor er<strong>&nbsp;Nord Villas Pollensa<\/strong>&nbsp;det beste alternativet for \u00e5<strong>&nbsp;leie en ferievilla p\u00e5 Mallorca<\/strong>&nbsp;.&nbsp;<\/p>\n\n\n\n<p>Vi er et selskap spesialisert p\u00e5&nbsp;<strong>\u00e5 leie villaer p\u00e5 Mallorca<\/strong>&nbsp;, spesielt i&nbsp;<strong>Pollensa, Alcudia og Puerto Pollensa<\/strong>&nbsp;.&nbsp;S\u00e5 hvis du leter etter&nbsp;<a href=\"https:\/\/blog.nordvillaspollensa.com\/villas-puerto-pollenca\/\"><strong>villaer i Puerto Pollensa<\/strong><\/a>&nbsp;, ikke n\u00f8l med \u00e5 kontakte oss, s\u00e5 hjelper vi deg med alt du trenger.&nbsp;<\/p>\n\n\n\n<p>Vi har ogs\u00e5&nbsp;<a href=\"https:\/\/blog.nordvillaspollensa.com\/villas-to-rent-in-majorca-near-beach\/\"><strong>villaer \u00e5 leie p\u00e5 Mallorca n\u00e6r stranden<\/strong><\/a>&nbsp;og&nbsp;<a href=\"https:\/\/blog.nordvillaspollensa.com\/villas-in-majorca-with-private-pool\/\"><strong>villaer p\u00e5 Mallorca med privat basseng<\/strong><\/a>&nbsp;.&nbsp;Disse to typologiene er noen av de mest etterspurte blant&nbsp;<strong>ferievillaene p\u00e5 Mallorca<\/strong>&nbsp;.<\/p>\n\n\n\n<h2 class=\"wp-block-heading\"><strong>Nord Villas Pollensa<\/strong><\/h2>\n\n\n\n<p>Hos&nbsp;<strong>Nord Villas Pollensa<\/strong>&nbsp;s\u00f8rger vi for \u00e5 tilby deg forskjellige eiendommer slik at du kan velge den som passer best for deg og dine&nbsp;<strong>ferier p\u00e5 Mallorca<\/strong>&nbsp;.&nbsp;S\u00e5 hvis du leter etter&nbsp;<a href=\"https:\/\/blog.nordvillaspollensa.com\/villas-to-rent-in-puerto-pollensa\/\"><strong>villaer til leie i Puerto Pollensa<\/strong><\/a>&nbsp;eller i andre deler av \u00f8ya, ikke n\u00f8l med \u00e5 kontakte oss.&nbsp;<\/p>\n\n\n\n<p><a href=\"https:\/\/blog.nordvillaspollensa.com\/holiday-villas-puerto-pollensa\/\"><strong>Ferievillaene Puerto Pollensa<\/strong><\/a>&nbsp;er et sikkert kort&nbsp;.&nbsp;Men i andre deler av&nbsp;<strong>Mallorca<\/strong>&nbsp;finner du ogs\u00e5 fantastiske&nbsp;<strong>villaer hvor du kan nyte privatlivet og roen p\u00e5 Mallorca<\/strong>&nbsp;.&nbsp;<\/p>\n\n\n\n<p>Enten det er&nbsp;<a href=\"https:\/\/blog.nordvillaspollensa.com\/villas-in-pollensa-majorca\/\"><strong>villaene i Pollensa Mallorca<\/strong>&nbsp;<\/a>du leter etter, eller andre, i dem alle har vi ekstra tjenester.&nbsp;I&nbsp;<strong>Nord Villas Pollensa<\/strong>&nbsp;liker vi \u00e5 ha alt organisert, det er derfor vi tilbyr v\u00e5re kunder en&nbsp;<strong>leiebiltjeneste p\u00e5 Mallorca<\/strong>&nbsp;, men ogs\u00e5 med mulighet for transfer og taxi.&nbsp;<\/p>\n\n\n\n<p>Hos&nbsp;<strong>Nord Villas Pollensa<\/strong>&nbsp;\u00f8nsker vi ogs\u00e5 at&nbsp;<strong>ferien din p\u00e5 Mallorca<\/strong>&nbsp;skal v\u00e6re perfekt.&nbsp;Det er derfor vi tilbyr en utfluktstjeneste for enhver smak: fotturer, sykkelruter, kajakkpadling&#8230; For de mer eventyrlystne er det ogs\u00e5 muligheten til \u00e5&nbsp;<strong>leie b\u00e5ter og bli kjent med Mallorca<\/strong>&nbsp;fra et annet synspunkt.&nbsp;<\/p>\n\n\n\n<p>Er du fortsatt i tvil om hvorfor&nbsp;<strong>Nord Villas Pollensa<\/strong>&nbsp;er det beste alternativet for \u00e5&nbsp;<strong>leie villaer p\u00e5 Mallorca<\/strong>&nbsp;?&nbsp;For alt du trenger, ikke n\u00f8l med \u00e5 kontakte oss.&nbsp;Ferien din&nbsp;<strong>p\u00e5 Mallorca<\/strong>&nbsp;er n\u00e6rmere enn noen gang.<\/p>\n","protected":false},"excerpt":{"rendered":"<p>\u00c5 reise til Mallorca&nbsp;er alltid en god plan.&nbsp;\u00c5 kunne nyte strendene og de forskjellige hj\u00f8rnene er utvilsomt det perfekte alternativet&#8230;<\/p>\n","protected":false},"author":2,"featured_media":845,"comment_status":"open","ping_status":"closed","sticky":false,"template":"","format":"standard","meta":{"footnotes":""},"categories":[20],"tags":[],"class_list":["post-843","post","type-post","status-publish","format-standard","has-post-thumbnail","hentry","category-uncategorized-no"],"yoast_head":"<!-- This site is optimized with the Yoast SEO plugin v27.4 - https:\/\/yoast.com\/product\/yoast-seo-wordpress\/ -->\n<title>Villaer i Pollensa Mallorca - Blog<\/title>\n<meta name=\"description\" content=\"\u00c5 kunne nyte strendene og de forskjellige hj\u00f8rnene er utvilsomt det perfekte alternativet hvis du \u00f8nsker \u00e5 slappe av og koble av.\" \/>\n<meta name=\"robots\" content=\"index, follow, max-snippet:-1, max-image-preview:large, max-video-preview:-1\" \/>\n<link rel=\"canonical\" href=\"https:\/\/blog.nordvillaspollensa.com\/no\/villaer-i-pollensa-mallorca-2\/\" \/>\n<meta property=\"og:locale\" content=\"nb_NO\" \/>\n<meta property=\"og:type\" content=\"article\" \/>\n<meta property=\"og:title\" content=\"Villaer i Pollensa Mallorca - Blog\" \/>\n<meta property=\"og:description\" content=\"\u00c5 kunne nyte strendene og de forskjellige hj\u00f8rnene er utvilsomt det perfekte alternativet hvis du \u00f8nsker \u00e5 slappe av og koble av.\" \/>\n<meta property=\"og:url\" content=\"https:\/\/blog.nordvillaspollensa.com\/no\/villaer-i-pollensa-mallorca-2\/\" \/>\n<meta property=\"og:site_name\" content=\"Blog\" \/>\n<meta property=\"article:published_time\" content=\"2022-05-04T11:56:44+00:00\" \/>\n<meta property=\"article:modified_time\" content=\"2022-05-04T11:56:45+00:00\" \/>\n<meta property=\"og:image\" content=\"https:\/\/blog.nordvillaspollensa.com\/wp-content\/uploads\/2021\/12\/Captura-de-pantalla-2021-12-14-134902.jpg\" \/>\n\t<meta property=\"og:image:width\" content=\"900\" \/>\n\t<meta property=\"og:image:height\" content=\"630\" \/>\n\t<meta property=\"og:image:type\" content=\"image\/jpeg\" \/>\n<meta name=\"author\" content=\"nordvillaspollensa\" \/>\n<meta name=\"twitter:card\" content=\"summary_large_image\" \/>\n<meta name=\"twitter:label1\" content=\"Skrevet av\" \/>\n\t<meta name=\"twitter:data1\" content=\"nordvillaspollensa\" \/>\n\t<meta name=\"twitter:label2\" content=\"Ansl. lesetid\" \/>\n\t<meta name=\"twitter:data2\" content=\"5 minutter\" \/>\n<script type=\"application\/ld+json\" class=\"yoast-schema-graph\">{\"@context\":\"https:\\\/\\\/schema.org\",\"@graph\":[{\"@type\":\"Article\",\"@id\":\"https:\\\/\\\/blog.nordvillaspollensa.com\\\/no\\\/villaer-i-pollensa-mallorca-2\\\/#article\",\"isPartOf\":{\"@id\":\"https:\\\/\\\/blog.nordvillaspollensa.com\\\/no\\\/villaer-i-pollensa-mallorca-2\\\/\"},\"author\":{\"name\":\"nordvillaspollensa\",\"@id\":\"https:\\\/\\\/blog.nordvillaspollensa.com\\\/#\\\/schema\\\/person\\\/bc98f3f935de2b7ef2d8b3e674c7861d\"},\"headline\":\"Villaer i Pollensa Mallorca\",\"datePublished\":\"2022-05-04T11:56:44+00:00\",\"dateModified\":\"2022-05-04T11:56:45+00:00\",\"mainEntityOfPage\":{\"@id\":\"https:\\\/\\\/blog.nordvillaspollensa.com\\\/no\\\/villaer-i-pollensa-mallorca-2\\\/\"},\"wordCount\":1236,\"commentCount\":0,\"image\":{\"@id\":\"https:\\\/\\\/blog.nordvillaspollensa.com\\\/no\\\/villaer-i-pollensa-mallorca-2\\\/#primaryimage\"},\"thumbnailUrl\":\"https:\\\/\\\/blog.nordvillaspollensa.com\\\/wp-content\\\/uploads\\\/2021\\\/12\\\/Captura-de-pantalla-2021-12-14-134902.jpg\",\"articleSection\":[\"Uncategorized @no\"],\"inLanguage\":\"nb-NO\",\"potentialAction\":[{\"@type\":\"CommentAction\",\"name\":\"Comment\",\"target\":[\"https:\\\/\\\/blog.nordvillaspollensa.com\\\/no\\\/villaer-i-pollensa-mallorca-2\\\/#respond\"]}]},{\"@type\":\"WebPage\",\"@id\":\"https:\\\/\\\/blog.nordvillaspollensa.com\\\/no\\\/villaer-i-pollensa-mallorca-2\\\/\",\"url\":\"https:\\\/\\\/blog.nordvillaspollensa.com\\\/no\\\/villaer-i-pollensa-mallorca-2\\\/\",\"name\":\"Villaer i Pollensa Mallorca - Blog\",\"isPartOf\":{\"@id\":\"https:\\\/\\\/blog.nordvillaspollensa.com\\\/#website\"},\"primaryImageOfPage\":{\"@id\":\"https:\\\/\\\/blog.nordvillaspollensa.com\\\/no\\\/villaer-i-pollensa-mallorca-2\\\/#primaryimage\"},\"image\":{\"@id\":\"https:\\\/\\\/blog.nordvillaspollensa.com\\\/no\\\/villaer-i-pollensa-mallorca-2\\\/#primaryimage\"},\"thumbnailUrl\":\"https:\\\/\\\/blog.nordvillaspollensa.com\\\/wp-content\\\/uploads\\\/2021\\\/12\\\/Captura-de-pantalla-2021-12-14-134902.jpg\",\"datePublished\":\"2022-05-04T11:56:44+00:00\",\"dateModified\":\"2022-05-04T11:56:45+00:00\",\"author\":{\"@id\":\"https:\\\/\\\/blog.nordvillaspollensa.com\\\/#\\\/schema\\\/person\\\/bc98f3f935de2b7ef2d8b3e674c7861d\"},\"description\":\"\u00c5 kunne nyte strendene og de forskjellige hj\u00f8rnene er utvilsomt det perfekte alternativet hvis du \u00f8nsker \u00e5 slappe av og koble av.\",\"breadcrumb\":{\"@id\":\"https:\\\/\\\/blog.nordvillaspollensa.com\\\/no\\\/villaer-i-pollensa-mallorca-2\\\/#breadcrumb\"},\"inLanguage\":\"nb-NO\",\"potentialAction\":[{\"@type\":\"ReadAction\",\"target\":[\"https:\\\/\\\/blog.nordvillaspollensa.com\\\/no\\\/villaer-i-pollensa-mallorca-2\\\/\"]}]},{\"@type\":\"ImageObject\",\"inLanguage\":\"nb-NO\",\"@id\":\"https:\\\/\\\/blog.nordvillaspollensa.com\\\/no\\\/villaer-i-pollensa-mallorca-2\\\/#primaryimage\",\"url\":\"https:\\\/\\\/blog.nordvillaspollensa.com\\\/wp-content\\\/uploads\\\/2021\\\/12\\\/Captura-de-pantalla-2021-12-14-134902.jpg\",\"contentUrl\":\"https:\\\/\\\/blog.nordvillaspollensa.com\\\/wp-content\\\/uploads\\\/2021\\\/12\\\/Captura-de-pantalla-2021-12-14-134902.jpg\",\"width\":900,\"height\":630},{\"@type\":\"BreadcrumbList\",\"@id\":\"https:\\\/\\\/blog.nordvillaspollensa.com\\\/no\\\/villaer-i-pollensa-mallorca-2\\\/#breadcrumb\",\"itemListElement\":[{\"@type\":\"ListItem\",\"position\":1,\"name\":\"Home\",\"item\":\"https:\\\/\\\/blog.nordvillaspollensa.com\\\/\"},{\"@type\":\"ListItem\",\"position\":2,\"name\":\"Villaer i Pollensa Mallorca\"}]},{\"@type\":\"WebSite\",\"@id\":\"https:\\\/\\\/blog.nordvillaspollensa.com\\\/#website\",\"url\":\"https:\\\/\\\/blog.nordvillaspollensa.com\\\/\",\"name\":\"Blog\",\"description\":\"\",\"potentialAction\":[{\"@type\":\"SearchAction\",\"target\":{\"@type\":\"EntryPoint\",\"urlTemplate\":\"https:\\\/\\\/blog.nordvillaspollensa.com\\\/?s={search_term_string}\"},\"query-input\":{\"@type\":\"PropertyValueSpecification\",\"valueRequired\":true,\"valueName\":\"search_term_string\"}}],\"inLanguage\":\"nb-NO\"},{\"@type\":\"Person\",\"@id\":\"https:\\\/\\\/blog.nordvillaspollensa.com\\\/#\\\/schema\\\/person\\\/bc98f3f935de2b7ef2d8b3e674c7861d\",\"name\":\"nordvillaspollensa\",\"image\":{\"@type\":\"ImageObject\",\"inLanguage\":\"nb-NO\",\"@id\":\"https:\\\/\\\/secure.gravatar.com\\\/avatar\\\/99197ff27043ec5d46dbc6d45891ee2769f2141cd226b537f17594ef60f82c55?s=96&d=mm&r=g\",\"url\":\"https:\\\/\\\/secure.gravatar.com\\\/avatar\\\/99197ff27043ec5d46dbc6d45891ee2769f2141cd226b537f17594ef60f82c55?s=96&d=mm&r=g\",\"contentUrl\":\"https:\\\/\\\/secure.gravatar.com\\\/avatar\\\/99197ff27043ec5d46dbc6d45891ee2769f2141cd226b537f17594ef60f82c55?s=96&d=mm&r=g\",\"caption\":\"nordvillaspollensa\"},\"url\":\"https:\\\/\\\/blog.nordvillaspollensa.com\\\/no\\\/author\\\/nordvillaspollensa\\\/\"}]}<\/script>\n<!-- \/ Yoast SEO plugin. -->","yoast_head_json":{"title":"Villaer i Pollensa Mallorca - Blog","description":"\u00c5 kunne nyte strendene og de forskjellige hj\u00f8rnene er utvilsomt det perfekte alternativet hvis du \u00f8nsker \u00e5 slappe av og koble av.","robots":{"index":"index","follow":"follow","max-snippet":"max-snippet:-1","max-image-preview":"max-image-preview:large","max-video-preview":"max-video-preview:-1"},"canonical":"https:\/\/blog.nordvillaspollensa.com\/no\/villaer-i-pollensa-mallorca-2\/","og_locale":"nb_NO","og_type":"article","og_title":"Villaer i Pollensa Mallorca - Blog","og_description":"\u00c5 kunne nyte strendene og de forskjellige hj\u00f8rnene er utvilsomt det perfekte alternativet hvis du \u00f8nsker \u00e5 slappe av og koble av.","og_url":"https:\/\/blog.nordvillaspollensa.com\/no\/villaer-i-pollensa-mallorca-2\/","og_site_name":"Blog","article_published_time":"2022-05-04T11:56:44+00:00","article_modified_time":"2022-05-04T11:56:45+00:00","og_image":[{"width":900,"height":630,"url":"https:\/\/blog.nordvillaspollensa.com\/wp-content\/uploads\/2021\/12\/Captura-de-pantalla-2021-12-14-134902.jpg","type":"image\/jpeg"}],"author":"nordvillaspollensa","twitter_card":"summary_large_image","twitter_misc":{"Skrevet av":"nordvillaspollensa","Ansl. lesetid":"5 minutter"},"schema":{"@context":"https:\/\/schema.org","@graph":[{"@type":"Article","@id":"https:\/\/blog.nordvillaspollensa.com\/no\/villaer-i-pollensa-mallorca-2\/#article","isPartOf":{"@id":"https:\/\/blog.nordvillaspollensa.com\/no\/villaer-i-pollensa-mallorca-2\/"},"author":{"name":"nordvillaspollensa","@id":"https:\/\/blog.nordvillaspollensa.com\/#\/schema\/person\/bc98f3f935de2b7ef2d8b3e674c7861d"},"headline":"Villaer i Pollensa Mallorca","datePublished":"2022-05-04T11:56:44+00:00","dateModified":"2022-05-04T11:56:45+00:00","mainEntityOfPage":{"@id":"https:\/\/blog.nordvillaspollensa.com\/no\/villaer-i-pollensa-mallorca-2\/"},"wordCount":1236,"commentCount":0,"image":{"@id":"https:\/\/blog.nordvillaspollensa.com\/no\/villaer-i-pollensa-mallorca-2\/#primaryimage"},"thumbnailUrl":"https:\/\/blog.nordvillaspollensa.com\/wp-content\/uploads\/2021\/12\/Captura-de-pantalla-2021-12-14-134902.jpg","articleSection":["Uncategorized @no"],"inLanguage":"nb-NO","potentialAction":[{"@type":"CommentAction","name":"Comment","target":["https:\/\/blog.nordvillaspollensa.com\/no\/villaer-i-pollensa-mallorca-2\/#respond"]}]},{"@type":"WebPage","@id":"https:\/\/blog.nordvillaspollensa.com\/no\/villaer-i-pollensa-mallorca-2\/","url":"https:\/\/blog.nordvillaspollensa.com\/no\/villaer-i-pollensa-mallorca-2\/","name":"Villaer i Pollensa Mallorca - Blog","isPartOf":{"@id":"https:\/\/blog.nordvillaspollensa.com\/#website"},"primaryImageOfPage":{"@id":"https:\/\/blog.nordvillaspollensa.com\/no\/villaer-i-pollensa-mallorca-2\/#primaryimage"},"image":{"@id":"https:\/\/blog.nordvillaspollensa.com\/no\/villaer-i-pollensa-mallorca-2\/#primaryimage"},"thumbnailUrl":"https:\/\/blog.nordvillaspollensa.com\/wp-content\/uploads\/2021\/12\/Captura-de-pantalla-2021-12-14-134902.jpg","datePublished":"2022-05-04T11:56:44+00:00","dateModified":"2022-05-04T11:56:45+00:00","author":{"@id":"https:\/\/blog.nordvillaspollensa.com\/#\/schema\/person\/bc98f3f935de2b7ef2d8b3e674c7861d"},"description":"\u00c5 kunne nyte strendene og de forskjellige hj\u00f8rnene er utvilsomt det perfekte alternativet hvis du \u00f8nsker \u00e5 slappe av og koble av.","breadcrumb":{"@id":"https:\/\/blog.nordvillaspollensa.com\/no\/villaer-i-pollensa-mallorca-2\/#breadcrumb"},"inLanguage":"nb-NO","potentialAction":[{"@type":"ReadAction","target":["https:\/\/blog.nordvillaspollensa.com\/no\/villaer-i-pollensa-mallorca-2\/"]}]},{"@type":"ImageObject","inLanguage":"nb-NO","@id":"https:\/\/blog.nordvillaspollensa.com\/no\/villaer-i-pollensa-mallorca-2\/#primaryimage","url":"https:\/\/blog.nordvillaspollensa.com\/wp-content\/uploads\/2021\/12\/Captura-de-pantalla-2021-12-14-134902.jpg","contentUrl":"https:\/\/blog.nordvillaspollensa.com\/wp-content\/uploads\/2021\/12\/Captura-de-pantalla-2021-12-14-134902.jpg","width":900,"height":630},{"@type":"BreadcrumbList","@id":"https:\/\/blog.nordvillaspollensa.com\/no\/villaer-i-pollensa-mallorca-2\/#breadcrumb","itemListElement":[{"@type":"ListItem","position":1,"name":"Home","item":"https:\/\/blog.nordvillaspollensa.com\/"},{"@type":"ListItem","position":2,"name":"Villaer i Pollensa Mallorca"}]},{"@type":"WebSite","@id":"https:\/\/blog.nordvillaspollensa.com\/#website","url":"https:\/\/blog.nordvillaspollensa.com\/","name":"Blog","description":"","potentialAction":[{"@type":"SearchAction","target":{"@type":"EntryPoint","urlTemplate":"https:\/\/blog.nordvillaspollensa.com\/?s={search_term_string}"},"query-input":{"@type":"PropertyValueSpecification","valueRequired":true,"valueName":"search_term_string"}}],"inLanguage":"nb-NO"},{"@type":"Person","@id":"https:\/\/blog.nordvillaspollensa.com\/#\/schema\/person\/bc98f3f935de2b7ef2d8b3e674c7861d","name":"nordvillaspollensa","image":{"@type":"ImageObject","inLanguage":"nb-NO","@id":"https:\/\/secure.gravatar.com\/avatar\/99197ff27043ec5d46dbc6d45891ee2769f2141cd226b537f17594ef60f82c55?s=96&d=mm&r=g","url":"https:\/\/secure.gravatar.com\/avatar\/99197ff27043ec5d46dbc6d45891ee2769f2141cd226b537f17594ef60f82c55?s=96&d=mm&r=g","contentUrl":"https:\/\/secure.gravatar.com\/avatar\/99197ff27043ec5d46dbc6d45891ee2769f2141cd226b537f17594ef60f82c55?s=96&d=mm&r=g","caption":"nordvillaspollensa"},"url":"https:\/\/blog.nordvillaspollensa.com\/no\/author\/nordvillaspollensa\/"}]}},"_links":{"self":[{"href":"https:\/\/blog.nordvillaspollensa.com\/no\/wp-json\/wp\/v2\/posts\/843","targetHints":{"allow":["GET"]}}],"collection":[{"href":"https:\/\/blog.nordvillaspollensa.com\/no\/wp-json\/wp\/v2\/posts"}],"about":[{"href":"https:\/\/blog.nordvillaspollensa.com\/no\/wp-json\/wp\/v2\/types\/post"}],"author":[{"embeddable":true,"href":"https:\/\/blog.nordvillaspollensa.com\/no\/wp-json\/wp\/v2\/users\/2"}],"replies":[{"embeddable":true,"href":"https:\/\/blog.nordvillaspollensa.com\/no\/wp-json\/wp\/v2\/comments?post=843"}],"version-history":[{"count":1,"href":"https:\/\/blog.nordvillaspollensa.com\/no\/wp-json\/wp\/v2\/posts\/843\/revisions"}],"predecessor-version":[{"id":844,"href":"https:\/\/blog.nordvillaspollensa.com\/no\/wp-json\/wp\/v2\/posts\/843\/revisions\/844"}],"wp:featuredmedia":[{"embeddable":true,"href":"https:\/\/blog.nordvillaspollensa.com\/no\/wp-json\/wp\/v2\/media\/845"}],"wp:attachment":[{"href":"https:\/\/blog.nordvillaspollensa.com\/no\/wp-json\/wp\/v2\/media?parent=843"}],"wp:term":[{"taxonomy":"category","embeddable":true,"href":"https:\/\/blog.nordvillaspollensa.com\/no\/wp-json\/wp\/v2\/categories?post=843"},{"taxonomy":"post_tag","embeddable":true,"href":"https:\/\/blog.nordvillaspollensa.com\/no\/wp-json\/wp\/v2\/tags?post=843"}],"curies":[{"name":"wp","href":"https:\/\/api.w.org\/{rel}","templated":true}]}}