{"id":846,"date":"2022-05-04T12:04:47","date_gmt":"2022-05-04T12:04:47","guid":{"rendered":"https:\/\/blog.nordvillaspollensa.com\/?p=846"},"modified":"2022-05-04T12:04:48","modified_gmt":"2022-05-04T12:04:48","slug":"villaer-naer-pollensa-mallorca","status":"publish","type":"post","link":"https:\/\/blog.nordvillaspollensa.com\/no\/villaer-naer-pollensa-mallorca\/","title":{"rendered":"Villaer n\u00e6r Pollensa Mallorca"},"content":{"rendered":"\n<p>P\u00e5&nbsp;<strong>Mallorca<\/strong>&nbsp;finner du alle typer villaer, men ingen liker&nbsp;<strong>villaene i n\u00e6rheten av Pollensa Mallorca<\/strong>&nbsp;.&nbsp;Disse villaene vil tillate deg \u00e5 bli kjent med begge sider av Mallorca, b\u00e5de sj\u00f8siden og de vakre&nbsp;<strong>fjellene i Serra de Tramuntana<\/strong>&nbsp;.&nbsp;<\/p>\n\n\n\n<p>\u00c5 velge villaer og ikke de vanlige&nbsp;<strong>hotellene p\u00e5 Mallorca<\/strong>&nbsp;, vil tillate deg \u00e5&nbsp;<strong>nyte Mallorca maksimalt<\/strong>&nbsp;og ha privatlivet som disse stedene tilbyr deg.&nbsp;Freden og roen ved \u00e5 kunne nyte villaen din uten problemer.&nbsp;Dessuten er det ogs\u00e5 en m\u00e5te \u00e5 leve sammen med dine medreisende p\u00e5.&nbsp;<\/p>\n\n\n\n<p>Villaene&nbsp;<strong>i n\u00e6rheten av Pollensa Mallorca<\/strong>&nbsp;, eller i&nbsp;<strong>Pollensa<\/strong>&nbsp;, er det perfekte alternativet for \u00e5 bli kjent med hele historien til dette omr\u00e5det av \u00f8ya og de vakre stedene i denne&nbsp;<strong>mallorcanske byen<\/strong>&nbsp;.&nbsp;<\/p>\n\n\n\n<p>Derfor \u00f8nsker vi i dag \u00e5 fortelle deg alt om&nbsp;<strong>Pollensa<\/strong>&nbsp;, strendene, havnen og&nbsp;<strong>villaene nord p\u00e5 Mallorca<\/strong>&nbsp;.&nbsp;Men vi vil ogs\u00e5 at du skal vite hvor du kan finne og leie de&nbsp;<strong>beste villaene p\u00e5 Mallorca<\/strong>&nbsp;og&nbsp;<strong>villaer i n\u00e6rheten av Pollensa Mallorca<\/strong>&nbsp;, s\u00e5 vi vil anbefale deg&nbsp;<strong>v\u00e5rt firma p\u00e5 Mallorca som spesialiserer seg p\u00e5 eiendomssektoren<\/strong>&nbsp;.<\/p>\n\n\n\n<h2 class=\"wp-block-heading\"><strong>Pollensa<\/strong><\/h2>\n\n\n\n<p><strong>Pollensa<\/strong>&nbsp;er en vakker&nbsp;<strong>landsby nord p\u00e5 Mallorca<\/strong>&nbsp;som grenser til&nbsp;<strong>Escorca<\/strong>&nbsp;,&nbsp;<strong>Campanet<\/strong>&nbsp;og&nbsp;<strong>Alcudia<\/strong>&nbsp;.&nbsp;Det er et omr\u00e5de som kombinerer b\u00e5de fjell- og kystomr\u00e5der, og det er dette som gj\u00f8r&nbsp;<strong>Pollensa<\/strong>&nbsp;s\u00e5 spesiell.&nbsp;Blant mye annet\u2026&nbsp;<\/p>\n\n\n\n<p>Hvis du vil bes\u00f8ke de&nbsp;<strong>mest emblematiske stedene i Pollensa<\/strong>&nbsp;, forteller vi deg hva de er!&nbsp;De&nbsp;<strong>365 trappetrinnene til Calvario de Pollensa<\/strong>&nbsp;er et trygt kort hvis du vil nyte&nbsp;<strong>panoramautsikten over Pollensa<\/strong>&nbsp;.&nbsp;Men du vil ogs\u00e5 elske \u00e5 spasere gjennom gatene og n\u00e5 hovedtorget.&nbsp;<\/p>\n\n\n\n<p>En annen&nbsp;<strong>annen plan \u00e5 gj\u00f8re i Pollensa<\/strong>&nbsp;er \u00e5 dra p\u00e5 en ekskursjon gjennom fjellene.&nbsp;Siden du er s\u00e5 n\u00e6r&nbsp;<strong>Serra de Tramuntana<\/strong>&nbsp;, kan du dra p\u00e5&nbsp;<strong>utflukter fra Pollensa til Lluc<\/strong>&nbsp;eller andre n\u00e6rliggende omr\u00e5der.&nbsp;Dessuten er det utflukter som passer for alle aldre og fysiske forhold.<\/p>\n\n\n\n<p>Av alle disse grunnene er&nbsp;<strong>leie av en av&nbsp;<\/strong><a href=\"https:\/\/www.nordvillaspollensa.com\/\"><strong>Pollensa-villaene<\/strong><\/a>&nbsp;det perfekte alternativet for \u00e5 slappe av i naturen, men alltid omgitt av en unik atmosf\u00e6re.&nbsp;Barene&nbsp;<strong>og restaurantene i Pollensa<\/strong>&nbsp;vil tillate deg \u00e5 ha det g\u00f8y etter en rolig dag i&nbsp;<strong>villaen din n\u00e6r Pollensa Mallorca<\/strong>&nbsp;.&nbsp;<\/p>\n\n\n\n<h2 class=\"wp-block-heading\"><strong>Strendene i Pollensa<\/strong><\/h2>\n\n\n\n<p>En av&nbsp;<strong>hovedattraksjonene i Pollensa<\/strong>&nbsp;er de vakre strendene.&nbsp;Blant&nbsp;<strong>strendene i Pollensa<\/strong>&nbsp;finner du vakre sandstrender, men ogs\u00e5 mer skjulte og uber\u00f8rte steinete viker.&nbsp;Avhengig av hva du har lyst p\u00e5, kan du velge mellom de forskjellige&nbsp;<strong>strendene i Pollensa<\/strong>&nbsp;.&nbsp;<\/p>\n\n\n\n<p>En av&nbsp;<strong>de vakreste vikene i Pollensa<\/strong>&nbsp;er&nbsp;<strong>Cala B\u00f3quer<\/strong>&nbsp;.&nbsp;Navnet kommer fra antallet geiter som rusler langs denne praktfulle stranden.&nbsp;Dette viser ogs\u00e5 hvor uber\u00f8rt denne&nbsp;<strong>viken p\u00e5 Mallorca<\/strong>&nbsp;er.&nbsp;Det er et ideelt sted \u00e5 tilbringe dagen og nyte snorkling og oppdage havbunnen.&nbsp;<\/p>\n\n\n\n<p><strong>Albercuix-stranden<\/strong>&nbsp;er en av de strendene du ikke vil forlate.&nbsp;Den gyldne sanden og det krystallklare vannet vil tillate deg \u00e5 slappe av og miste oversikten over tiden.&nbsp;De er ogs\u00e5 utstyrt med parasoller og solsenger for \u00e5 gj\u00f8re bes\u00f8ket ditt s\u00e5 hyggelig som mulig.&nbsp;<\/p>\n\n\n\n<p>Til slutt anbefaler vi&nbsp;<strong>Cala Murta<\/strong>&nbsp;.&nbsp;Det er en&nbsp;<strong>vakker bukt p\u00e5 Mallorca<\/strong>&nbsp;omgitt av klipper og furulunder.&nbsp;For \u00e5 komme dit m\u00e5 du imidlertid ta en kort tur.&nbsp;Men \u00e5 n\u00e5 det og nyte en dukkert i havet vil gj\u00f8re turen verdt.&nbsp;<\/p>\n\n\n\n<h2 class=\"wp-block-heading\"><strong>Puerto Pollensa&nbsp;<\/strong><\/h2>\n\n\n\n<p>Det&nbsp;<strong>mest kystn\u00e6re omr\u00e5det i byen Pollensa<\/strong>&nbsp;er&nbsp;<strong>Puerto Pollensa<\/strong>&nbsp;.&nbsp;Det er en havn full av atmosf\u00e6re og full av barer og restauranter hvor du kan nyte all slags gastronomi.&nbsp;<\/p>\n\n\n\n<p>Dette er en av grunnene til \u00e5 velge&nbsp;<a href=\"https:\/\/blog.nordvillaspollensa.com\/puerto-pollensa-villas\/\"><strong>Puerto Pollensa-villaer<\/strong>&nbsp;<\/a>som et&nbsp;<strong>sted \u00e5 slappe av p\u00e5 Mallorca<\/strong>&nbsp;.&nbsp;Som et resultat av \u00e5 v\u00e6re et kystomr\u00e5de, er det mange bes\u00f8kende som velger dette omr\u00e5det for \u00e5 leie en av de forskjellige&nbsp;<a href=\"https:\/\/blog.nordvillaspollensa.com\/villas-in-puerto-pollensa\/\"><strong>villaene i Puerto Pollensa<\/strong><\/a>&nbsp;.&nbsp;<\/p>\n\n\n\n<p>Villaene&nbsp;<a href=\"https:\/\/blog.nordvillaspollensa.com\/villas-puerto-pollenca\/\"><strong>Puerto Pollensa<\/strong>&nbsp;<\/a>er fremfor alt komfortable.&nbsp;Beliggenheten deres lar deg g\u00e5 til de fleste steder, men de har ogs\u00e5 alle slags fasiliteter, som&nbsp;<a href=\"https:\/\/blog.nordvillaspollensa.com\/majorca-villas-with-pool\/\"><strong>Mallorca-villaene med bassenger<\/strong><\/a>&nbsp;.&nbsp;<\/p>\n\n\n\n<p>Villaene&nbsp;<a href=\"https:\/\/blog.nordvillaspollensa.com\/villas-to-rent-in-puerto-pollensa\/\"><strong>til leie i Puerto Pollensa<\/strong><\/a>&nbsp;vil tillate deg \u00e5 bli kjent med dette omr\u00e5det av \u00f8ya og&nbsp;<strong>nyte kysten av Mallorca<\/strong>&nbsp;.&nbsp;Dette er grunnen til at det er s\u00e5 mange&nbsp;<a href=\"https:\/\/blog.nordvillaspollensa.com\/holiday-villas-puerto-pollensa\/\"><strong>ferievillaer i Puerto Pollensa<\/strong><\/a>&nbsp;.<\/p>\n\n\n\n<h2 class=\"wp-block-heading\"><strong>Villaer i Pollensa<\/strong><\/h2>\n\n\n\n<p><strong>Villaer i Pollensa<\/strong>&nbsp;er ogs\u00e5 et fantastisk alternativ for&nbsp;<strong>utleie p\u00e5 Mallorca<\/strong>&nbsp;.&nbsp;I tillegg har v\u00e5rt firma&nbsp;<a href=\"https:\/\/blog.nordvillaspollensa.com\/best-villas-in-majorca\/\"><strong>de beste villaene Pollensa<\/strong><\/a>&nbsp;.&nbsp;Dette er villaer med sv\u00f8mmebasseng, n\u00e6r gangstier, n\u00e6r stranden&#8230; De har absolutt alt!<\/p>\n\n\n\n<p>Det er mange&nbsp;<a href=\"https:\/\/blog.nordvillaspollensa.com\/villas-to-rent-in-pollensa\/\"><strong>villaer \u00e5 leie i Pollensa<\/strong><\/a>&nbsp;.&nbsp;Noen av de beste ligger i utkanten, selv om det ogs\u00e5 er noen fantasier i sentrum av byen.&nbsp;Begge er ideelle for \u00e5 slappe av og slappe av til det fulle.&nbsp;<\/p>\n\n\n\n<p>Villaene&nbsp;<a href=\"https:\/\/blog.nordvillaspollensa.com\/villas-in-pollensa-mallorca\/\"><strong>i Pollensa Mallorca<\/strong><\/a>&nbsp;er det perfekte alternativet for \u00e5 bli kjent med&nbsp;<strong>nord p\u00e5 Mallorca<\/strong>&nbsp;og alt som omgir denne lokaliteten.&nbsp;Hvis du ikke vet hvor du skal leie en finca, ikke tvil om at&nbsp;<a href=\"https:\/\/blog.nordvillaspollensa.com\/villas-in-pollensa-majorca\/\"><strong>villaene i Pollensa Mallorca<\/strong><\/a>&nbsp;er et fantastisk alternativ.<\/p>\n\n\n\n<h2 class=\"wp-block-heading\"><strong>Villaer n\u00e6r Pollensa<\/strong><\/h2>\n\n\n\n<p>Det er ogs\u00e5 mulighet for \u00e5&nbsp;<strong>leie en villa i n\u00e6rheten av Pollensa<\/strong>&nbsp;.&nbsp;Enten i utkanten av denne&nbsp;<strong>landsbyen Mallorca<\/strong>&nbsp;, eller i andre landsbyer som&nbsp;<a href=\"https:\/\/blog.nordvillaspollensa.com\/villas-in-alcudia\/\"><strong>villaer i Alcudia<\/strong><\/a>&nbsp;.&nbsp;<strong>Alcudia<\/strong>&nbsp;er et fantastisk alternativ hvis du er interessert i&nbsp;<strong>historien til Mallorca<\/strong>&nbsp;, siden det er en av de&nbsp;<strong>mest historiske byene p\u00e5 Mallorca<\/strong>&nbsp;.&nbsp;<\/p>\n\n\n\n<p>Videre, i utkanten av disse landsbyene kan du finne&nbsp;<a href=\"https:\/\/blog.nordvillaspollensa.com\/luxury-villas-in-majorca\/\"><strong>luksusvillaene p\u00e5 Mallorca<\/strong><\/a>&nbsp;.&nbsp;Omgivelsene rundt&nbsp;<strong>landsbyene p\u00e5 Mallorca<\/strong>&nbsp;gir den perfekte plassen for \u00e5 finne disse husene fulle av fasiliteter.&nbsp;<\/p>\n\n\n\n<p>Villaer med sv\u00f8mmebasseng, mange soverom, eget bad, stuer&#8230; Og mange andre rom!&nbsp;Alt dette gj\u00f8r at&nbsp;<strong>ferien din p\u00e5 Mallorca<\/strong>&nbsp;blir s\u00e5 perfekt som mulig.&nbsp;Komfort er en av de viktigste tingene du finner i alle&nbsp;<strong>villaer p\u00e5 Mallorca<\/strong>&nbsp;.<\/p>\n\n\n\n<h2 class=\"wp-block-heading\"><strong>Nord Villas Pollensa<\/strong><\/h2>\n\n\n\n<p>Hos&nbsp;<strong>Nord Villas Pollensa<\/strong>&nbsp;vil vi at du skal finne den&nbsp;<strong>perfekte fincaen for deg p\u00e5 Mallorca<\/strong>&nbsp;.&nbsp;Derfor er vi spesialisert p\u00e5&nbsp;<a href=\"https:\/\/blog.nordvillaspollensa.com\/villas-for-rent-in-majorca\/\"><strong>villaer til leie p\u00e5 Mallorca<\/strong>&nbsp;.&nbsp;<\/a>Selv om de fleste av dem ligger&nbsp;<strong>nord p\u00e5 Mallorca<\/strong>&nbsp;, har vi&nbsp;<a href=\"https:\/\/blog.nordvillaspollensa.com\/holiday-villas-mallorca\/\"><strong>ferievillaer p\u00e5 Mallorca<\/strong>&nbsp;<\/a>over hele \u00f8ya.&nbsp;<\/p>\n\n\n\n<p>Av disse grunnene, hvis du leter etter noe s\u00e5 spesifikt som&nbsp;<a href=\"https:\/\/blog.nordvillaspollensa.com\/villas-to-rent-in-majorca-near-beach\/\"><strong>villaer \u00e5 leie p\u00e5 Mallorca n\u00e6r stranden<\/strong><\/a>&nbsp;eller&nbsp;<a href=\"https:\/\/blog.nordvillaspollensa.com\/villas-in-majorca-with-private-pool\/\"><strong>villaer p\u00e5 Mallorca med privat basseng<\/strong>&nbsp;<\/a>, vil vi finne den perfekte for deg, alltid med tanke p\u00e5 andre faktorer som antall personer&nbsp;<strong>som reiser til Mallorca<\/strong>&nbsp;.&nbsp;<\/p>\n\n\n\n<p>I tillegg s\u00f8rger vi for at vi har noen av de&nbsp;<a href=\"https:\/\/blog.nordvillaspollensa.com\/the-best-villas-pollensa\/\"><strong>beste villaene p\u00e5 Mallorca<\/strong><\/a>&nbsp;.&nbsp;Derfor har vi b\u00e5de&nbsp;<a href=\"https:\/\/blog.nordvillaspollensa.com\/villas-in-majorca-near-the-beach\/\"><strong>villaer p\u00e5 Mallorca n\u00e6r stranden<\/strong><\/a>&nbsp;og&nbsp;<a href=\"https:\/\/blog.nordvillaspollensa.com\/villas-in-puerto-pollensa-majorca\/\"><strong>villaer i Puerto Pollensa&nbsp;Mallorca<\/strong><\/a>&nbsp;samt&nbsp;<strong>villaer i Serra de Tramuntana<\/strong>&nbsp;.&nbsp;Uansett hvilken villa du trenger, hos&nbsp;<strong>Nord Villas Pollensa<\/strong>&nbsp;finner du den!<\/p>\n","protected":false},"excerpt":{"rendered":"<p>P\u00e5&nbsp;Mallorca&nbsp;finner du alle typer villaer, men ingen liker&nbsp;villaene i n\u00e6rheten av Pollensa Mallorca&nbsp;.&nbsp;Disse villaene vil tillate deg \u00e5 bli kjent&#8230;<\/p>\n","protected":false},"author":2,"featured_media":848,"comment_status":"open","ping_status":"closed","sticky":false,"template":"","format":"standard","meta":{"footnotes":""},"categories":[20],"tags":[],"class_list":["post-846","post","type-post","status-publish","format-standard","has-post-thumbnail","hentry","category-uncategorized-no"],"yoast_head":"<!-- This site is optimized with the Yoast SEO plugin v27.4 - https:\/\/yoast.com\/product\/yoast-seo-wordpress\/ -->\n<title>Villaer n\u00e6r Pollensa Mallorca - Blog<\/title>\n<meta name=\"description\" content=\"P\u00e5 Mallorca finner du alle typer villaer, men ingen liker villaene i n\u00e6rheten av Pollensa Mallorca. Villaer n\u00e6r Pollensa Mallorca\" \/>\n<meta name=\"robots\" content=\"index, follow, max-snippet:-1, max-image-preview:large, max-video-preview:-1\" \/>\n<link rel=\"canonical\" href=\"https:\/\/blog.nordvillaspollensa.com\/no\/villaer-naer-pollensa-mallorca\/\" \/>\n<meta property=\"og:locale\" content=\"nb_NO\" \/>\n<meta property=\"og:type\" content=\"article\" \/>\n<meta property=\"og:title\" content=\"Villaer n\u00e6r Pollensa Mallorca - Blog\" \/>\n<meta property=\"og:description\" content=\"P\u00e5 Mallorca finner du alle typer villaer, men ingen liker villaene i n\u00e6rheten av Pollensa Mallorca. Villaer n\u00e6r Pollensa Mallorca\" \/>\n<meta property=\"og:url\" content=\"https:\/\/blog.nordvillaspollensa.com\/no\/villaer-naer-pollensa-mallorca\/\" \/>\n<meta property=\"og:site_name\" content=\"Blog\" \/>\n<meta property=\"article:published_time\" content=\"2022-05-04T12:04:47+00:00\" \/>\n<meta property=\"article:modified_time\" content=\"2022-05-04T12:04:48+00:00\" \/>\n<meta property=\"og:image\" content=\"https:\/\/blog.nordvillaspollensa.com\/wp-content\/uploads\/2021\/12\/Captura-de-pantalla-2021-12-16-a-las-14.40.28.png\" \/>\n\t<meta property=\"og:image:width\" content=\"902\" \/>\n\t<meta property=\"og:image:height\" content=\"631\" \/>\n\t<meta property=\"og:image:type\" content=\"image\/png\" \/>\n<meta name=\"author\" content=\"nordvillaspollensa\" \/>\n<meta name=\"twitter:card\" content=\"summary_large_image\" \/>\n<meta name=\"twitter:label1\" content=\"Skrevet av\" \/>\n\t<meta name=\"twitter:data1\" content=\"nordvillaspollensa\" \/>\n\t<meta name=\"twitter:label2\" content=\"Ansl. lesetid\" \/>\n\t<meta name=\"twitter:data2\" content=\"5 minutter\" \/>\n<script type=\"application\/ld+json\" class=\"yoast-schema-graph\">{\"@context\":\"https:\\\/\\\/schema.org\",\"@graph\":[{\"@type\":\"Article\",\"@id\":\"https:\\\/\\\/blog.nordvillaspollensa.com\\\/no\\\/villaer-naer-pollensa-mallorca\\\/#article\",\"isPartOf\":{\"@id\":\"https:\\\/\\\/blog.nordvillaspollensa.com\\\/no\\\/villaer-naer-pollensa-mallorca\\\/\"},\"author\":{\"name\":\"nordvillaspollensa\",\"@id\":\"https:\\\/\\\/blog.nordvillaspollensa.com\\\/#\\\/schema\\\/person\\\/bc98f3f935de2b7ef2d8b3e674c7861d\"},\"headline\":\"Villaer n\u00e6r Pollensa Mallorca\",\"datePublished\":\"2022-05-04T12:04:47+00:00\",\"dateModified\":\"2022-05-04T12:04:48+00:00\",\"mainEntityOfPage\":{\"@id\":\"https:\\\/\\\/blog.nordvillaspollensa.com\\\/no\\\/villaer-naer-pollensa-mallorca\\\/\"},\"wordCount\":1292,\"commentCount\":0,\"image\":{\"@id\":\"https:\\\/\\\/blog.nordvillaspollensa.com\\\/no\\\/villaer-naer-pollensa-mallorca\\\/#primaryimage\"},\"thumbnailUrl\":\"https:\\\/\\\/blog.nordvillaspollensa.com\\\/wp-content\\\/uploads\\\/2021\\\/12\\\/Captura-de-pantalla-2021-12-16-a-las-14.40.28.png\",\"articleSection\":[\"Uncategorized @no\"],\"inLanguage\":\"nb-NO\",\"potentialAction\":[{\"@type\":\"CommentAction\",\"name\":\"Comment\",\"target\":[\"https:\\\/\\\/blog.nordvillaspollensa.com\\\/no\\\/villaer-naer-pollensa-mallorca\\\/#respond\"]}]},{\"@type\":\"WebPage\",\"@id\":\"https:\\\/\\\/blog.nordvillaspollensa.com\\\/no\\\/villaer-naer-pollensa-mallorca\\\/\",\"url\":\"https:\\\/\\\/blog.nordvillaspollensa.com\\\/no\\\/villaer-naer-pollensa-mallorca\\\/\",\"name\":\"Villaer n\u00e6r Pollensa Mallorca - Blog\",\"isPartOf\":{\"@id\":\"https:\\\/\\\/blog.nordvillaspollensa.com\\\/#website\"},\"primaryImageOfPage\":{\"@id\":\"https:\\\/\\\/blog.nordvillaspollensa.com\\\/no\\\/villaer-naer-pollensa-mallorca\\\/#primaryimage\"},\"image\":{\"@id\":\"https:\\\/\\\/blog.nordvillaspollensa.com\\\/no\\\/villaer-naer-pollensa-mallorca\\\/#primaryimage\"},\"thumbnailUrl\":\"https:\\\/\\\/blog.nordvillaspollensa.com\\\/wp-content\\\/uploads\\\/2021\\\/12\\\/Captura-de-pantalla-2021-12-16-a-las-14.40.28.png\",\"datePublished\":\"2022-05-04T12:04:47+00:00\",\"dateModified\":\"2022-05-04T12:04:48+00:00\",\"author\":{\"@id\":\"https:\\\/\\\/blog.nordvillaspollensa.com\\\/#\\\/schema\\\/person\\\/bc98f3f935de2b7ef2d8b3e674c7861d\"},\"description\":\"P\u00e5 Mallorca finner du alle typer villaer, men ingen liker villaene i n\u00e6rheten av Pollensa Mallorca. Villaer n\u00e6r Pollensa Mallorca\",\"breadcrumb\":{\"@id\":\"https:\\\/\\\/blog.nordvillaspollensa.com\\\/no\\\/villaer-naer-pollensa-mallorca\\\/#breadcrumb\"},\"inLanguage\":\"nb-NO\",\"potentialAction\":[{\"@type\":\"ReadAction\",\"target\":[\"https:\\\/\\\/blog.nordvillaspollensa.com\\\/no\\\/villaer-naer-pollensa-mallorca\\\/\"]}]},{\"@type\":\"ImageObject\",\"inLanguage\":\"nb-NO\",\"@id\":\"https:\\\/\\\/blog.nordvillaspollensa.com\\\/no\\\/villaer-naer-pollensa-mallorca\\\/#primaryimage\",\"url\":\"https:\\\/\\\/blog.nordvillaspollensa.com\\\/wp-content\\\/uploads\\\/2021\\\/12\\\/Captura-de-pantalla-2021-12-16-a-las-14.40.28.png\",\"contentUrl\":\"https:\\\/\\\/blog.nordvillaspollensa.com\\\/wp-content\\\/uploads\\\/2021\\\/12\\\/Captura-de-pantalla-2021-12-16-a-las-14.40.28.png\",\"width\":902,\"height\":631},{\"@type\":\"BreadcrumbList\",\"@id\":\"https:\\\/\\\/blog.nordvillaspollensa.com\\\/no\\\/villaer-naer-pollensa-mallorca\\\/#breadcrumb\",\"itemListElement\":[{\"@type\":\"ListItem\",\"position\":1,\"name\":\"Home\",\"item\":\"https:\\\/\\\/blog.nordvillaspollensa.com\\\/\"},{\"@type\":\"ListItem\",\"position\":2,\"name\":\"Villaer n\u00e6r Pollensa Mallorca\"}]},{\"@type\":\"WebSite\",\"@id\":\"https:\\\/\\\/blog.nordvillaspollensa.com\\\/#website\",\"url\":\"https:\\\/\\\/blog.nordvillaspollensa.com\\\/\",\"name\":\"Blog\",\"description\":\"\",\"potentialAction\":[{\"@type\":\"SearchAction\",\"target\":{\"@type\":\"EntryPoint\",\"urlTemplate\":\"https:\\\/\\\/blog.nordvillaspollensa.com\\\/?s={search_term_string}\"},\"query-input\":{\"@type\":\"PropertyValueSpecification\",\"valueRequired\":true,\"valueName\":\"search_term_string\"}}],\"inLanguage\":\"nb-NO\"},{\"@type\":\"Person\",\"@id\":\"https:\\\/\\\/blog.nordvillaspollensa.com\\\/#\\\/schema\\\/person\\\/bc98f3f935de2b7ef2d8b3e674c7861d\",\"name\":\"nordvillaspollensa\",\"image\":{\"@type\":\"ImageObject\",\"inLanguage\":\"nb-NO\",\"@id\":\"https:\\\/\\\/secure.gravatar.com\\\/avatar\\\/99197ff27043ec5d46dbc6d45891ee2769f2141cd226b537f17594ef60f82c55?s=96&d=mm&r=g\",\"url\":\"https:\\\/\\\/secure.gravatar.com\\\/avatar\\\/99197ff27043ec5d46dbc6d45891ee2769f2141cd226b537f17594ef60f82c55?s=96&d=mm&r=g\",\"contentUrl\":\"https:\\\/\\\/secure.gravatar.com\\\/avatar\\\/99197ff27043ec5d46dbc6d45891ee2769f2141cd226b537f17594ef60f82c55?s=96&d=mm&r=g\",\"caption\":\"nordvillaspollensa\"},\"url\":\"https:\\\/\\\/blog.nordvillaspollensa.com\\\/no\\\/author\\\/nordvillaspollensa\\\/\"}]}<\/script>\n<!-- \/ Yoast SEO plugin. -->","yoast_head_json":{"title":"Villaer n\u00e6r Pollensa Mallorca - Blog","description":"P\u00e5 Mallorca finner du alle typer villaer, men ingen liker villaene i n\u00e6rheten av Pollensa Mallorca. Villaer n\u00e6r Pollensa Mallorca","robots":{"index":"index","follow":"follow","max-snippet":"max-snippet:-1","max-image-preview":"max-image-preview:large","max-video-preview":"max-video-preview:-1"},"canonical":"https:\/\/blog.nordvillaspollensa.com\/no\/villaer-naer-pollensa-mallorca\/","og_locale":"nb_NO","og_type":"article","og_title":"Villaer n\u00e6r Pollensa Mallorca - Blog","og_description":"P\u00e5 Mallorca finner du alle typer villaer, men ingen liker villaene i n\u00e6rheten av Pollensa Mallorca. Villaer n\u00e6r Pollensa Mallorca","og_url":"https:\/\/blog.nordvillaspollensa.com\/no\/villaer-naer-pollensa-mallorca\/","og_site_name":"Blog","article_published_time":"2022-05-04T12:04:47+00:00","article_modified_time":"2022-05-04T12:04:48+00:00","og_image":[{"width":902,"height":631,"url":"https:\/\/blog.nordvillaspollensa.com\/wp-content\/uploads\/2021\/12\/Captura-de-pantalla-2021-12-16-a-las-14.40.28.png","type":"image\/png"}],"author":"nordvillaspollensa","twitter_card":"summary_large_image","twitter_misc":{"Skrevet av":"nordvillaspollensa","Ansl. lesetid":"5 minutter"},"schema":{"@context":"https:\/\/schema.org","@graph":[{"@type":"Article","@id":"https:\/\/blog.nordvillaspollensa.com\/no\/villaer-naer-pollensa-mallorca\/#article","isPartOf":{"@id":"https:\/\/blog.nordvillaspollensa.com\/no\/villaer-naer-pollensa-mallorca\/"},"author":{"name":"nordvillaspollensa","@id":"https:\/\/blog.nordvillaspollensa.com\/#\/schema\/person\/bc98f3f935de2b7ef2d8b3e674c7861d"},"headline":"Villaer n\u00e6r Pollensa Mallorca","datePublished":"2022-05-04T12:04:47+00:00","dateModified":"2022-05-04T12:04:48+00:00","mainEntityOfPage":{"@id":"https:\/\/blog.nordvillaspollensa.com\/no\/villaer-naer-pollensa-mallorca\/"},"wordCount":1292,"commentCount":0,"image":{"@id":"https:\/\/blog.nordvillaspollensa.com\/no\/villaer-naer-pollensa-mallorca\/#primaryimage"},"thumbnailUrl":"https:\/\/blog.nordvillaspollensa.com\/wp-content\/uploads\/2021\/12\/Captura-de-pantalla-2021-12-16-a-las-14.40.28.png","articleSection":["Uncategorized @no"],"inLanguage":"nb-NO","potentialAction":[{"@type":"CommentAction","name":"Comment","target":["https:\/\/blog.nordvillaspollensa.com\/no\/villaer-naer-pollensa-mallorca\/#respond"]}]},{"@type":"WebPage","@id":"https:\/\/blog.nordvillaspollensa.com\/no\/villaer-naer-pollensa-mallorca\/","url":"https:\/\/blog.nordvillaspollensa.com\/no\/villaer-naer-pollensa-mallorca\/","name":"Villaer n\u00e6r Pollensa Mallorca - Blog","isPartOf":{"@id":"https:\/\/blog.nordvillaspollensa.com\/#website"},"primaryImageOfPage":{"@id":"https:\/\/blog.nordvillaspollensa.com\/no\/villaer-naer-pollensa-mallorca\/#primaryimage"},"image":{"@id":"https:\/\/blog.nordvillaspollensa.com\/no\/villaer-naer-pollensa-mallorca\/#primaryimage"},"thumbnailUrl":"https:\/\/blog.nordvillaspollensa.com\/wp-content\/uploads\/2021\/12\/Captura-de-pantalla-2021-12-16-a-las-14.40.28.png","datePublished":"2022-05-04T12:04:47+00:00","dateModified":"2022-05-04T12:04:48+00:00","author":{"@id":"https:\/\/blog.nordvillaspollensa.com\/#\/schema\/person\/bc98f3f935de2b7ef2d8b3e674c7861d"},"description":"P\u00e5 Mallorca finner du alle typer villaer, men ingen liker villaene i n\u00e6rheten av Pollensa Mallorca. Villaer n\u00e6r Pollensa Mallorca","breadcrumb":{"@id":"https:\/\/blog.nordvillaspollensa.com\/no\/villaer-naer-pollensa-mallorca\/#breadcrumb"},"inLanguage":"nb-NO","potentialAction":[{"@type":"ReadAction","target":["https:\/\/blog.nordvillaspollensa.com\/no\/villaer-naer-pollensa-mallorca\/"]}]},{"@type":"ImageObject","inLanguage":"nb-NO","@id":"https:\/\/blog.nordvillaspollensa.com\/no\/villaer-naer-pollensa-mallorca\/#primaryimage","url":"https:\/\/blog.nordvillaspollensa.com\/wp-content\/uploads\/2021\/12\/Captura-de-pantalla-2021-12-16-a-las-14.40.28.png","contentUrl":"https:\/\/blog.nordvillaspollensa.com\/wp-content\/uploads\/2021\/12\/Captura-de-pantalla-2021-12-16-a-las-14.40.28.png","width":902,"height":631},{"@type":"BreadcrumbList","@id":"https:\/\/blog.nordvillaspollensa.com\/no\/villaer-naer-pollensa-mallorca\/#breadcrumb","itemListElement":[{"@type":"ListItem","position":1,"name":"Home","item":"https:\/\/blog.nordvillaspollensa.com\/"},{"@type":"ListItem","position":2,"name":"Villaer n\u00e6r Pollensa Mallorca"}]},{"@type":"WebSite","@id":"https:\/\/blog.nordvillaspollensa.com\/#website","url":"https:\/\/blog.nordvillaspollensa.com\/","name":"Blog","description":"","potentialAction":[{"@type":"SearchAction","target":{"@type":"EntryPoint","urlTemplate":"https:\/\/blog.nordvillaspollensa.com\/?s={search_term_string}"},"query-input":{"@type":"PropertyValueSpecification","valueRequired":true,"valueName":"search_term_string"}}],"inLanguage":"nb-NO"},{"@type":"Person","@id":"https:\/\/blog.nordvillaspollensa.com\/#\/schema\/person\/bc98f3f935de2b7ef2d8b3e674c7861d","name":"nordvillaspollensa","image":{"@type":"ImageObject","inLanguage":"nb-NO","@id":"https:\/\/secure.gravatar.com\/avatar\/99197ff27043ec5d46dbc6d45891ee2769f2141cd226b537f17594ef60f82c55?s=96&d=mm&r=g","url":"https:\/\/secure.gravatar.com\/avatar\/99197ff27043ec5d46dbc6d45891ee2769f2141cd226b537f17594ef60f82c55?s=96&d=mm&r=g","contentUrl":"https:\/\/secure.gravatar.com\/avatar\/99197ff27043ec5d46dbc6d45891ee2769f2141cd226b537f17594ef60f82c55?s=96&d=mm&r=g","caption":"nordvillaspollensa"},"url":"https:\/\/blog.nordvillaspollensa.com\/no\/author\/nordvillaspollensa\/"}]}},"_links":{"self":[{"href":"https:\/\/blog.nordvillaspollensa.com\/no\/wp-json\/wp\/v2\/posts\/846","targetHints":{"allow":["GET"]}}],"collection":[{"href":"https:\/\/blog.nordvillaspollensa.com\/no\/wp-json\/wp\/v2\/posts"}],"about":[{"href":"https:\/\/blog.nordvillaspollensa.com\/no\/wp-json\/wp\/v2\/types\/post"}],"author":[{"embeddable":true,"href":"https:\/\/blog.nordvillaspollensa.com\/no\/wp-json\/wp\/v2\/users\/2"}],"replies":[{"embeddable":true,"href":"https:\/\/blog.nordvillaspollensa.com\/no\/wp-json\/wp\/v2\/comments?post=846"}],"version-history":[{"count":1,"href":"https:\/\/blog.nordvillaspollensa.com\/no\/wp-json\/wp\/v2\/posts\/846\/revisions"}],"predecessor-version":[{"id":847,"href":"https:\/\/blog.nordvillaspollensa.com\/no\/wp-json\/wp\/v2\/posts\/846\/revisions\/847"}],"wp:featuredmedia":[{"embeddable":true,"href":"https:\/\/blog.nordvillaspollensa.com\/no\/wp-json\/wp\/v2\/media\/848"}],"wp:attachment":[{"href":"https:\/\/blog.nordvillaspollensa.com\/no\/wp-json\/wp\/v2\/media?parent=846"}],"wp:term":[{"taxonomy":"category","embeddable":true,"href":"https:\/\/blog.nordvillaspollensa.com\/no\/wp-json\/wp\/v2\/categories?post=846"},{"taxonomy":"post_tag","embeddable":true,"href":"https:\/\/blog.nordvillaspollensa.com\/no\/wp-json\/wp\/v2\/tags?post=846"}],"curies":[{"name":"wp","href":"https:\/\/api.w.org\/{rel}","templated":true}]}}