{"id":852,"date":"2022-05-04T12:39:16","date_gmt":"2022-05-04T12:39:16","guid":{"rendered":"https:\/\/blog.nordvillaspollensa.com\/?p=852"},"modified":"2022-05-04T12:39:17","modified_gmt":"2022-05-04T12:39:17","slug":"mallorca-pollensa-villaer","status":"publish","type":"post","link":"https:\/\/blog.nordvillaspollensa.com\/no\/mallorca-pollensa-villaer\/","title":{"rendered":"Mallorca Pollensa villaer"},"content":{"rendered":"\n<p><strong>Mallorca<\/strong>&nbsp;er det ideelle stedet \u00e5 slappe av i ferien.&nbsp;Takket v\u00e6re alle hj\u00f8rnene av \u00f8ya, vil du ha en unik ferie p\u00e5 denne paradisiske&nbsp;<strong>\u00f8ya Mallorca<\/strong>&nbsp;.&nbsp;Og hvis du \u00f8nsker \u00e5 tilbringe en uforglemmelig&nbsp;<strong>ferie p\u00e5 Mallorca<\/strong>&nbsp;, ikke n\u00f8l med \u00e5 velge en av&nbsp;<strong>Mallorca Pollensa-villaene<\/strong>&nbsp;som et sted \u00e5 hvile.&nbsp;<\/p>\n\n\n\n<p>Ved \u00e5 velge dette alternativet kan du f\u00e5 en unik frihet og nyte ferien maksimalt.&nbsp;Takket v\u00e6re&nbsp;<strong>Mallorca Pollensa-villaene<\/strong>&nbsp;vil du slappe av p\u00e5 den beste m\u00e5ten, og du vil nyte dine reisef\u00f8lge maksimalt.&nbsp;<\/p>\n\n\n\n<p>Vi vil at du skal vite alle fordelene med&nbsp;<strong>Mallorca Pollensa-villaene<\/strong>&nbsp;og det er derfor vi \u00f8nsker \u00e5 fortelle deg litt om&nbsp;<strong>Mallorca<\/strong>&nbsp;og&nbsp;<strong>villaene p\u00e5 Mallorca<\/strong>&nbsp;.&nbsp;Men ogs\u00e5 om&nbsp;<strong>Pollensa<\/strong>&nbsp;,&nbsp;<strong>Puerto Pollensa<\/strong>&nbsp;og alle villaene som finnes i dette&nbsp;<strong>omr\u00e5det av Mallorca<\/strong>&nbsp;.&nbsp;S\u00e5 hvis du er interessert, ikke n\u00f8l med \u00e5 lese videre!<\/p>\n\n\n\n<p>Vi vil ogs\u00e5 anbefale&nbsp;<strong>Nord Villas Pollensa<\/strong>&nbsp;.&nbsp;Dette er v\u00e5rt&nbsp;<strong>villautleiebyr\u00e5 p\u00e5 Mallorca<\/strong>&nbsp;.&nbsp;Vi er spesialisert p\u00e5&nbsp;<strong>ferievillaer p\u00e5 Mallorc<\/strong>&nbsp;a, spesielt&nbsp;<strong>nord p\u00e5 Mallorca<\/strong>&nbsp;, i&nbsp;<strong>omr\u00e5det Alcudia<\/strong>&nbsp;,&nbsp;<strong>Pollensa<\/strong>&nbsp;og&nbsp;<strong>Puerto Pollensa<\/strong>&nbsp;.<\/p>\n\n\n\n<h2 class=\"wp-block-heading\"><strong>Mallorca<\/strong><\/h2>\n\n\n\n<p><strong>Mallorca<\/strong>&nbsp;er et unikt sted i verden.&nbsp;Det er en \u00f8y med alle slags fordeler.&nbsp;De ber\u00f8mte strendene tiltrekker seg tusenvis av turister hvert \u00e5r, men det gj\u00f8r ogs\u00e5 fjellene.&nbsp;Serra de&nbsp;<strong>Tramuntana<\/strong>&nbsp;er et fantastisk sted hvis du vil nyte alle slags utflukter og sport.&nbsp;<\/p>\n\n\n\n<p>Mange mennesker kommer hvert \u00e5r for \u00e5 nyte de vakre&nbsp;<strong>strendene p\u00e5 Mallorca<\/strong>&nbsp;.&nbsp;I dem alle finner du en avslappet atmosf\u00e6re omgitt av gyllen sand og krystallklart vann.&nbsp;Hvis dette er en av&nbsp;<strong>planene p\u00e5 Mallorca<\/strong>&nbsp;du ikke vil g\u00e5 glipp av, ikke n\u00f8l med \u00e5 leie en av&nbsp;<a href=\"https:\/\/blog.nordvillaspollensa.com\/villas-in-alcudia\/\"><strong>villaene i Alcudia<\/strong><\/a>&nbsp;.&nbsp;P\u00e5 denne m\u00e5ten vil du v\u00e6re n\u00e6r b\u00e5de&nbsp;<strong>Serra de Tramuntana<\/strong>&nbsp;og de&nbsp;<strong>beste strendene p\u00e5 Mallorca<\/strong>&nbsp;.<\/p>\n\n\n\n<p>Hvis du dessuten leier en av disse&nbsp;<strong>villaene nord p\u00e5 Mallorca<\/strong>&nbsp;, vil du ogs\u00e5 v\u00e6re n\u00e6r&nbsp;<strong>Serra de Tramuntana<\/strong>&nbsp;.&nbsp;Disse spektakul\u00e6re fjellene er erkl\u00e6rt som et&nbsp;<strong>UNESCOs verdensarvsted<\/strong>&nbsp;takket v\u00e6re den&nbsp;<strong>t\u00f8rre steinen<\/strong>&nbsp;.&nbsp;Dette er kjent som den typiske m\u00e5ten alle hus, vegger og voller i dette spektakul\u00e6re&nbsp;<strong>omr\u00e5det p\u00e5 Mallorca<\/strong>&nbsp;er bygget p\u00e5.<\/p>\n\n\n\n<h2 class=\"wp-block-heading\"><strong>Villaer p\u00e5 Mallorca<\/strong><\/h2>\n\n\n\n<p>\u00c5 leie en av&nbsp;<a href=\"https:\/\/blog.nordvillaspollensa.com\/luxury-villas-in-majorca\/\"><strong>luksusvillaene p\u00e5 Mallorca<\/strong><\/a>&nbsp;er den perfekte planen for \u00e5, bortsett fra \u00e5 ha maksimalt privatliv, slappe av s\u00e5 mye som mulig under&nbsp;<strong>ferien p\u00e5 Mallorca<\/strong>&nbsp;.&nbsp;Noen av de mest&nbsp;<strong>ettertraktede villaene p\u00e5 Mallorca<\/strong>&nbsp;, for eksempel, er&nbsp;<a href=\"https:\/\/blog.nordvillaspollensa.com\/majorca-villas-with-pool\/\"><strong>Mallorca-villaene med basseng<\/strong><\/a>&nbsp;og&nbsp;<a href=\"https:\/\/blog.nordvillaspollensa.com\/villas-to-rent-in-majorca-near-beach\/\"><strong>villaene til leie p\u00e5 Mallorca n\u00e6r stranden<\/strong><\/a>&nbsp;.&nbsp;<\/p>\n\n\n\n<p>Og det er normalt at med det gode&nbsp;<strong>v\u00e6ret p\u00e5 Mallorca<\/strong>&nbsp;, er denne typen villaer de mest etterspurte.&nbsp;Dette er to fasiliteter og tjenester som vil gj\u00f8re&nbsp;<strong>ferien din p\u00e5 Mallorca<\/strong>&nbsp;unik.&nbsp;Hvis du leter etter&nbsp;<a href=\"https:\/\/blog.nordvillaspollensa.com\/holiday-villas-mallorca\/\"><strong>Feriehus Mallorca<\/strong>&nbsp;<\/a>i&nbsp;<strong>Nord Villas Pollensa<\/strong>&nbsp;vil du finne disse og mange flere!<\/p>\n\n\n\n<p>Villaene&nbsp;<strong>til leie p\u00e5 Mallorca<\/strong>&nbsp;er det enkleste alternativet hvis du \u00f8nsker \u00e5 nyte reisef\u00f8lget maksimalt.&nbsp;P\u00e5 samme plass vil dere bo sammen og nyte&nbsp;<a href=\"https:\/\/blog.nordvillaspollensa.com\/villas-in-majorca-with-private-pool\/\"><strong>villaene p\u00e5 Mallorca med privat basseng<\/strong><\/a>&nbsp;p\u00e5 de&nbsp;<a href=\"https:\/\/blog.nordvillaspollensa.com\/best-villas-in-majorca\/\"><strong>beste villaene p\u00e5 Mallorca<\/strong><\/a>&nbsp;.&nbsp;Men du vil ogs\u00e5 v\u00e6re heldig \u00e5 v\u00e6re i de komfortable&nbsp;<a href=\"https:\/\/blog.nordvillaspollensa.com\/villas-in-majorca-near-the-beach\/\"><strong>villaene p\u00e5 Mallorca n\u00e6r stranden<\/strong>&nbsp;.<\/a><\/p>\n\n\n\n<h2 class=\"wp-block-heading\"><strong>Pollensa<\/strong><\/h2>\n\n\n\n<p><strong>Pollensa<\/strong>&nbsp;er det ideelle stedet \u00e5&nbsp;<strong>leie en villa p\u00e5 Mallorca<\/strong>&nbsp;.&nbsp;Takket v\u00e6re beliggenheten og alle de historiske monumentene den har, vil du nyte en unik atmosf\u00e6re.&nbsp;Men ogs\u00e5 noen av de&nbsp;<strong>beste strendene p\u00e5 Mallorca<\/strong>&nbsp;.<\/p>\n\n\n\n<p><strong>Strendene i Pollensa<\/strong>&nbsp;er preget av det&nbsp;krystallklare vannet og er det perfekte stedet for snorkling.&nbsp;Men hvis du er mer en landelsker enn en sj\u00f8elsker, er tur- eller sykkelruter i&nbsp;<strong>Serra de Tramuntana<\/strong>&nbsp;ikke \u00e5 g\u00e5 glipp av i&nbsp;<strong>Pollensa<\/strong>&nbsp;.<\/p>\n\n\n\n<p><a href=\"https:\/\/blog.nordvillaspollensa.com\/villas-en-pollensa\/\"><strong>Villaer i Pollensa&nbsp;<\/strong><\/a><\/p>\n\n\n\n<p>Pollensa &#8211;&nbsp;<a href=\"https:\/\/www.nordvillaspollensa.com\/\"><strong>villaene<\/strong><\/a>&nbsp;vil tillate deg \u00e5 v\u00e6re midt i naturen, men ogs\u00e5 sv\u00e6rt n\u00e6r et sted med en utmerket atmosf\u00e6re&nbsp;<strong>, de&nbsp;<\/strong><a href=\"https:\/\/blog.nordvillaspollensa.com\/the-best-villas-pollensa\/\"><strong>beste villaene Pollensa<\/strong>&nbsp;<\/a>er bare noen f\u00e5&nbsp;<strong>kilometer unna Pollensa<\/strong>&nbsp;og har unike fasiliteter.&nbsp;<\/p>\n\n\n\n<p>I tillegg er det en rekke&nbsp;<a href=\"https:\/\/blog.nordvillaspollensa.com\/villas-to-rent-in-pollensa\/\"><strong>villaer \u00e5 leie i Pollensa<\/strong><\/a>&nbsp;.&nbsp;B\u00e5de i hjertet av byen, s\u00e5 vel som i&nbsp;<strong>utkanten av Pollensa<\/strong>&nbsp;, vil du finne forskjellige omr\u00e5der \u00e5 leie&nbsp;<a href=\"https:\/\/blog.nordvillaspollensa.com\/villas-in-pollensa-majorca\/\"><strong>villaer i Pollensa Mallorca<\/strong><\/a>&nbsp;.&nbsp;<\/p>\n\n\n\n<p>Hvis du leter etter en av&nbsp;<a href=\"https:\/\/blog.nordvillaspollensa.com\/puerto-pollensa-villas\/\"><strong>Puerto Pollensa-villaene<\/strong><\/a>&nbsp;eller&nbsp;<a href=\"https:\/\/blog.nordvillaspollensa.com\/villas-near-pollensa-majorca\/\"><strong>villaene i n\u00e6rheten av Pollensa Mallorca<\/strong><\/a>&nbsp;, ikke n\u00f8l med \u00e5 s\u00f8ke gjennom alt som&nbsp;<strong>Nord Villas Pollensa<\/strong>&nbsp;har.&nbsp;Dessuten, i hver av villaene&nbsp;<strong>i Pollenca<\/strong>&nbsp;til&nbsp;<strong>Nord Villas Pollensa<\/strong>&nbsp;vil du nyte alle slags ekstratjenester, som vil gj\u00f8re&nbsp;<strong>ferien din p\u00e5 Mallorca uforglemmelig<\/strong>&nbsp;.&nbsp;<\/p>\n\n\n\n<h2 class=\"wp-block-heading\"><strong>Puerto Pollensa<\/strong><\/h2>\n\n\n\n<p><strong>Puerto Pollensa<\/strong>&nbsp;er&nbsp;<strong>kystomr\u00e5det Pollensa<\/strong>&nbsp;.&nbsp;Med en utrolig strandpromenade vil du ha alle slags fasiliteter til din disposisjon og bare noen f\u00e5 meter fra stranden!&nbsp;I tillegg har&nbsp;<strong>Puerto Pollensa<\/strong>&nbsp;en vakker havn hvorfra alle slags b\u00e5ter g\u00e5r.&nbsp;<\/p>\n\n\n\n<p>\u00c5 velge en&nbsp;<strong>b\u00e5ttur med avgang fra Puerto Pollensa<\/strong>&nbsp;vil sikre at du f\u00e5r en&nbsp;<strong>uforglemmelig dag p\u00e5 Mallorca<\/strong>&nbsp;.&nbsp;Det er en perfekt plan for \u00e5 bli kjent med den&nbsp;<strong>mest uber\u00f8rte siden av Mallorca<\/strong>&nbsp;.&nbsp;Med avgang fra denne vakre&nbsp;<strong>havnen p\u00e5 Mallorca<\/strong>&nbsp;vil du bli kjent med&nbsp;<strong>unike strender p\u00e5 Mallorca<\/strong>&nbsp;, som&nbsp;<strong>Aubarca<\/strong>&nbsp;.<\/p>\n\n\n\n<h2 class=\"wp-block-heading\"><strong>Villaer i Puerto Pollensa<\/strong><\/h2>\n\n\n\n<p>Enten du er interessert i&nbsp;<a href=\"https:\/\/blog.nordvillaspollensa.com\/villas-puerto-pollenca\/\"><strong>Villas Puerto Pollensa<\/strong><\/a>&nbsp;eller de tradisjonelle&nbsp;<a href=\"https:\/\/blog.nordvillaspollensa.com\/villas-in-puerto-pollensa\/\"><strong>villaene i Puerto Pollensa<\/strong>&nbsp;,<\/a>&nbsp;velger du komfort og ro.&nbsp;Alt dette, bare noen f\u00e5 meter fra&nbsp;<strong>havet p\u00e5 Mallorca<\/strong>&nbsp;.&nbsp;<\/p>\n\n\n\n<p>Blant alle&nbsp;<a href=\"https:\/\/blog.nordvillaspollensa.com\/villas-to-rent-in-puerto-pollensa\/\"><strong>villaene til leie i Puerto Pollensa<\/strong><\/a>&nbsp;er det noen med en veldig autentisk karakter og som du kan bli kjent med de&nbsp;<strong>typiske mallorcanske husene<\/strong>&nbsp;med .&nbsp;P\u00e5 strandpromenaden i Pollensa finner du noen av de eldste&nbsp;<a href=\"https:\/\/blog.nordvillaspollensa.com\/holiday-villas-puerto-pollensa\/\"><strong>ferievillaene Puerto Pollensa<\/strong><\/a>&nbsp;i omr\u00e5det.<\/p>\n\n\n\n<p>Men alle&nbsp;<a href=\"https:\/\/blog.nordvillaspollensa.com\/villas-in-puerto-pollensa-majorca\/\"><strong>villaer i Puerto Pollensa Mallorca<\/strong><\/a>&nbsp;har fordeler.&nbsp;Hovedsakelig p\u00e5 grunn av deres beliggenhet, men ogs\u00e5 p\u00e5 grunn av alle fasilitetene de har og deres n\u00e6rhet til barene og restaurantene i omr\u00e5det.&nbsp;Hvis du er i tvil om hvor du skal velge en&nbsp;<strong>villa p\u00e5 Mallorca<\/strong>&nbsp;, ikke n\u00f8l med \u00e5 velge&nbsp;<a href=\"https:\/\/blog.nordvillaspollensa.com\/villas-in-pollensa-mallorca\/\"><strong>villaene i Pollensa Mallorca<\/strong><\/a>&nbsp;.<\/p>\n\n\n\n<h2 class=\"wp-block-heading\"><strong>Nord Villas Pollensa<\/strong><\/h2>\n\n\n\n<p>Hos&nbsp;<strong>Nord Villas Pollensa<\/strong>&nbsp;har vi mange&nbsp;<a href=\"https:\/\/blog.nordvillaspollensa.com\/villas-for-rent-in-majorca\/\"><strong>villaer til leie p\u00e5 Mallorca<\/strong><\/a>&nbsp;.&nbsp;Hovedsakelig p\u00e5 den nordlige delen av \u00f8ya, men ogs\u00e5 i andre omr\u00e5der som&nbsp;<strong>Lloseta<\/strong>&nbsp;eller&nbsp;<strong>Sa Pobla<\/strong>&nbsp;.<\/p>\n\n\n\n<p>Uansett hvilken&nbsp;<strong>villa du leter etter p\u00e5 Mallorca<\/strong>&nbsp;, med&nbsp;<strong>Nord Villas Pollensa<\/strong>&nbsp;finner du den.&nbsp;Av alle disse grunnene, ikke n\u00f8l med \u00e5 kontakte oss n\u00e5r du planlegger&nbsp;<strong>reisen til Mallorca<\/strong>&nbsp;.&nbsp;<\/p>\n\n\n\n<p>Vi venter p\u00e5 deg!<\/p>\n","protected":false},"excerpt":{"rendered":"<p>Mallorca&nbsp;er det ideelle stedet \u00e5 slappe av i ferien.&nbsp;Takket v\u00e6re alle hj\u00f8rnene av \u00f8ya, vil du ha en unik ferie&#8230;<\/p>\n","protected":false},"author":2,"featured_media":854,"comment_status":"open","ping_status":"closed","sticky":false,"template":"","format":"standard","meta":{"footnotes":""},"categories":[20],"tags":[],"class_list":["post-852","post","type-post","status-publish","format-standard","has-post-thumbnail","hentry","category-uncategorized-no"],"yoast_head":"<!-- This site is optimized with the Yoast SEO plugin v27.4 - https:\/\/yoast.com\/product\/yoast-seo-wordpress\/ -->\n<title>Mallorca Pollensa villaer - Blog<\/title>\n<meta name=\"description\" content=\"Og hvis du \u00f8nsker \u00e5 tilbringe en uforglemmelig ferie p\u00e5 Mallorca , ikke n\u00f8l med \u00e5 velge en av Mallorca Pollensa-villaene som et sted \u00e5 hvile.\" \/>\n<meta name=\"robots\" content=\"index, follow, max-snippet:-1, max-image-preview:large, max-video-preview:-1\" \/>\n<link rel=\"canonical\" href=\"https:\/\/blog.nordvillaspollensa.com\/no\/mallorca-pollensa-villaer\/\" \/>\n<meta property=\"og:locale\" content=\"nb_NO\" \/>\n<meta property=\"og:type\" content=\"article\" \/>\n<meta property=\"og:title\" content=\"Mallorca Pollensa villaer - Blog\" \/>\n<meta property=\"og:description\" content=\"Og hvis du \u00f8nsker \u00e5 tilbringe en uforglemmelig ferie p\u00e5 Mallorca , ikke n\u00f8l med \u00e5 velge en av Mallorca Pollensa-villaene som et sted \u00e5 hvile.\" \/>\n<meta property=\"og:url\" content=\"https:\/\/blog.nordvillaspollensa.com\/no\/mallorca-pollensa-villaer\/\" \/>\n<meta property=\"og:site_name\" content=\"Blog\" \/>\n<meta property=\"article:published_time\" content=\"2022-05-04T12:39:16+00:00\" \/>\n<meta property=\"article:modified_time\" content=\"2022-05-04T12:39:17+00:00\" \/>\n<meta property=\"og:image\" content=\"https:\/\/blog.nordvillaspollensa.com\/wp-content\/uploads\/2022\/01\/Captura-de-pantalla-2022-01-18-a-las-16.44.17.png\" \/>\n\t<meta property=\"og:image:width\" content=\"1261\" \/>\n\t<meta property=\"og:image:height\" content=\"877\" \/>\n\t<meta property=\"og:image:type\" content=\"image\/png\" \/>\n<meta name=\"author\" content=\"nordvillaspollensa\" \/>\n<meta name=\"twitter:card\" content=\"summary_large_image\" \/>\n<meta name=\"twitter:label1\" content=\"Skrevet av\" \/>\n\t<meta name=\"twitter:data1\" content=\"nordvillaspollensa\" \/>\n\t<meta name=\"twitter:label2\" content=\"Ansl. lesetid\" \/>\n\t<meta name=\"twitter:data2\" content=\"5 minutter\" \/>\n<script type=\"application\/ld+json\" class=\"yoast-schema-graph\">{\"@context\":\"https:\\\/\\\/schema.org\",\"@graph\":[{\"@type\":\"Article\",\"@id\":\"https:\\\/\\\/blog.nordvillaspollensa.com\\\/no\\\/mallorca-pollensa-villaer\\\/#article\",\"isPartOf\":{\"@id\":\"https:\\\/\\\/blog.nordvillaspollensa.com\\\/no\\\/mallorca-pollensa-villaer\\\/\"},\"author\":{\"name\":\"nordvillaspollensa\",\"@id\":\"https:\\\/\\\/blog.nordvillaspollensa.com\\\/#\\\/schema\\\/person\\\/bc98f3f935de2b7ef2d8b3e674c7861d\"},\"headline\":\"Mallorca Pollensa villaer\",\"datePublished\":\"2022-05-04T12:39:16+00:00\",\"dateModified\":\"2022-05-04T12:39:17+00:00\",\"mainEntityOfPage\":{\"@id\":\"https:\\\/\\\/blog.nordvillaspollensa.com\\\/no\\\/mallorca-pollensa-villaer\\\/\"},\"wordCount\":1250,\"commentCount\":0,\"image\":{\"@id\":\"https:\\\/\\\/blog.nordvillaspollensa.com\\\/no\\\/mallorca-pollensa-villaer\\\/#primaryimage\"},\"thumbnailUrl\":\"https:\\\/\\\/blog.nordvillaspollensa.com\\\/wp-content\\\/uploads\\\/2022\\\/01\\\/Captura-de-pantalla-2022-01-18-a-las-16.44.17.png\",\"articleSection\":[\"Uncategorized @no\"],\"inLanguage\":\"nb-NO\",\"potentialAction\":[{\"@type\":\"CommentAction\",\"name\":\"Comment\",\"target\":[\"https:\\\/\\\/blog.nordvillaspollensa.com\\\/no\\\/mallorca-pollensa-villaer\\\/#respond\"]}]},{\"@type\":\"WebPage\",\"@id\":\"https:\\\/\\\/blog.nordvillaspollensa.com\\\/no\\\/mallorca-pollensa-villaer\\\/\",\"url\":\"https:\\\/\\\/blog.nordvillaspollensa.com\\\/no\\\/mallorca-pollensa-villaer\\\/\",\"name\":\"Mallorca Pollensa villaer - Blog\",\"isPartOf\":{\"@id\":\"https:\\\/\\\/blog.nordvillaspollensa.com\\\/#website\"},\"primaryImageOfPage\":{\"@id\":\"https:\\\/\\\/blog.nordvillaspollensa.com\\\/no\\\/mallorca-pollensa-villaer\\\/#primaryimage\"},\"image\":{\"@id\":\"https:\\\/\\\/blog.nordvillaspollensa.com\\\/no\\\/mallorca-pollensa-villaer\\\/#primaryimage\"},\"thumbnailUrl\":\"https:\\\/\\\/blog.nordvillaspollensa.com\\\/wp-content\\\/uploads\\\/2022\\\/01\\\/Captura-de-pantalla-2022-01-18-a-las-16.44.17.png\",\"datePublished\":\"2022-05-04T12:39:16+00:00\",\"dateModified\":\"2022-05-04T12:39:17+00:00\",\"author\":{\"@id\":\"https:\\\/\\\/blog.nordvillaspollensa.com\\\/#\\\/schema\\\/person\\\/bc98f3f935de2b7ef2d8b3e674c7861d\"},\"description\":\"Og hvis du \u00f8nsker \u00e5 tilbringe en uforglemmelig ferie p\u00e5 Mallorca , ikke n\u00f8l med \u00e5 velge en av Mallorca Pollensa-villaene som et sted \u00e5 hvile.\",\"breadcrumb\":{\"@id\":\"https:\\\/\\\/blog.nordvillaspollensa.com\\\/no\\\/mallorca-pollensa-villaer\\\/#breadcrumb\"},\"inLanguage\":\"nb-NO\",\"potentialAction\":[{\"@type\":\"ReadAction\",\"target\":[\"https:\\\/\\\/blog.nordvillaspollensa.com\\\/no\\\/mallorca-pollensa-villaer\\\/\"]}]},{\"@type\":\"ImageObject\",\"inLanguage\":\"nb-NO\",\"@id\":\"https:\\\/\\\/blog.nordvillaspollensa.com\\\/no\\\/mallorca-pollensa-villaer\\\/#primaryimage\",\"url\":\"https:\\\/\\\/blog.nordvillaspollensa.com\\\/wp-content\\\/uploads\\\/2022\\\/01\\\/Captura-de-pantalla-2022-01-18-a-las-16.44.17.png\",\"contentUrl\":\"https:\\\/\\\/blog.nordvillaspollensa.com\\\/wp-content\\\/uploads\\\/2022\\\/01\\\/Captura-de-pantalla-2022-01-18-a-las-16.44.17.png\",\"width\":1261,\"height\":877},{\"@type\":\"BreadcrumbList\",\"@id\":\"https:\\\/\\\/blog.nordvillaspollensa.com\\\/no\\\/mallorca-pollensa-villaer\\\/#breadcrumb\",\"itemListElement\":[{\"@type\":\"ListItem\",\"position\":1,\"name\":\"Home\",\"item\":\"https:\\\/\\\/blog.nordvillaspollensa.com\\\/\"},{\"@type\":\"ListItem\",\"position\":2,\"name\":\"Mallorca Pollensa villaer\"}]},{\"@type\":\"WebSite\",\"@id\":\"https:\\\/\\\/blog.nordvillaspollensa.com\\\/#website\",\"url\":\"https:\\\/\\\/blog.nordvillaspollensa.com\\\/\",\"name\":\"Blog\",\"description\":\"\",\"potentialAction\":[{\"@type\":\"SearchAction\",\"target\":{\"@type\":\"EntryPoint\",\"urlTemplate\":\"https:\\\/\\\/blog.nordvillaspollensa.com\\\/?s={search_term_string}\"},\"query-input\":{\"@type\":\"PropertyValueSpecification\",\"valueRequired\":true,\"valueName\":\"search_term_string\"}}],\"inLanguage\":\"nb-NO\"},{\"@type\":\"Person\",\"@id\":\"https:\\\/\\\/blog.nordvillaspollensa.com\\\/#\\\/schema\\\/person\\\/bc98f3f935de2b7ef2d8b3e674c7861d\",\"name\":\"nordvillaspollensa\",\"image\":{\"@type\":\"ImageObject\",\"inLanguage\":\"nb-NO\",\"@id\":\"https:\\\/\\\/secure.gravatar.com\\\/avatar\\\/99197ff27043ec5d46dbc6d45891ee2769f2141cd226b537f17594ef60f82c55?s=96&d=mm&r=g\",\"url\":\"https:\\\/\\\/secure.gravatar.com\\\/avatar\\\/99197ff27043ec5d46dbc6d45891ee2769f2141cd226b537f17594ef60f82c55?s=96&d=mm&r=g\",\"contentUrl\":\"https:\\\/\\\/secure.gravatar.com\\\/avatar\\\/99197ff27043ec5d46dbc6d45891ee2769f2141cd226b537f17594ef60f82c55?s=96&d=mm&r=g\",\"caption\":\"nordvillaspollensa\"},\"url\":\"https:\\\/\\\/blog.nordvillaspollensa.com\\\/no\\\/author\\\/nordvillaspollensa\\\/\"}]}<\/script>\n<!-- \/ Yoast SEO plugin. -->","yoast_head_json":{"title":"Mallorca Pollensa villaer - Blog","description":"Og hvis du \u00f8nsker \u00e5 tilbringe en uforglemmelig ferie p\u00e5 Mallorca , ikke n\u00f8l med \u00e5 velge en av Mallorca Pollensa-villaene som et sted \u00e5 hvile.","robots":{"index":"index","follow":"follow","max-snippet":"max-snippet:-1","max-image-preview":"max-image-preview:large","max-video-preview":"max-video-preview:-1"},"canonical":"https:\/\/blog.nordvillaspollensa.com\/no\/mallorca-pollensa-villaer\/","og_locale":"nb_NO","og_type":"article","og_title":"Mallorca Pollensa villaer - Blog","og_description":"Og hvis du \u00f8nsker \u00e5 tilbringe en uforglemmelig ferie p\u00e5 Mallorca , ikke n\u00f8l med \u00e5 velge en av Mallorca Pollensa-villaene som et sted \u00e5 hvile.","og_url":"https:\/\/blog.nordvillaspollensa.com\/no\/mallorca-pollensa-villaer\/","og_site_name":"Blog","article_published_time":"2022-05-04T12:39:16+00:00","article_modified_time":"2022-05-04T12:39:17+00:00","og_image":[{"width":1261,"height":877,"url":"https:\/\/blog.nordvillaspollensa.com\/wp-content\/uploads\/2022\/01\/Captura-de-pantalla-2022-01-18-a-las-16.44.17.png","type":"image\/png"}],"author":"nordvillaspollensa","twitter_card":"summary_large_image","twitter_misc":{"Skrevet av":"nordvillaspollensa","Ansl. lesetid":"5 minutter"},"schema":{"@context":"https:\/\/schema.org","@graph":[{"@type":"Article","@id":"https:\/\/blog.nordvillaspollensa.com\/no\/mallorca-pollensa-villaer\/#article","isPartOf":{"@id":"https:\/\/blog.nordvillaspollensa.com\/no\/mallorca-pollensa-villaer\/"},"author":{"name":"nordvillaspollensa","@id":"https:\/\/blog.nordvillaspollensa.com\/#\/schema\/person\/bc98f3f935de2b7ef2d8b3e674c7861d"},"headline":"Mallorca Pollensa villaer","datePublished":"2022-05-04T12:39:16+00:00","dateModified":"2022-05-04T12:39:17+00:00","mainEntityOfPage":{"@id":"https:\/\/blog.nordvillaspollensa.com\/no\/mallorca-pollensa-villaer\/"},"wordCount":1250,"commentCount":0,"image":{"@id":"https:\/\/blog.nordvillaspollensa.com\/no\/mallorca-pollensa-villaer\/#primaryimage"},"thumbnailUrl":"https:\/\/blog.nordvillaspollensa.com\/wp-content\/uploads\/2022\/01\/Captura-de-pantalla-2022-01-18-a-las-16.44.17.png","articleSection":["Uncategorized @no"],"inLanguage":"nb-NO","potentialAction":[{"@type":"CommentAction","name":"Comment","target":["https:\/\/blog.nordvillaspollensa.com\/no\/mallorca-pollensa-villaer\/#respond"]}]},{"@type":"WebPage","@id":"https:\/\/blog.nordvillaspollensa.com\/no\/mallorca-pollensa-villaer\/","url":"https:\/\/blog.nordvillaspollensa.com\/no\/mallorca-pollensa-villaer\/","name":"Mallorca Pollensa villaer - Blog","isPartOf":{"@id":"https:\/\/blog.nordvillaspollensa.com\/#website"},"primaryImageOfPage":{"@id":"https:\/\/blog.nordvillaspollensa.com\/no\/mallorca-pollensa-villaer\/#primaryimage"},"image":{"@id":"https:\/\/blog.nordvillaspollensa.com\/no\/mallorca-pollensa-villaer\/#primaryimage"},"thumbnailUrl":"https:\/\/blog.nordvillaspollensa.com\/wp-content\/uploads\/2022\/01\/Captura-de-pantalla-2022-01-18-a-las-16.44.17.png","datePublished":"2022-05-04T12:39:16+00:00","dateModified":"2022-05-04T12:39:17+00:00","author":{"@id":"https:\/\/blog.nordvillaspollensa.com\/#\/schema\/person\/bc98f3f935de2b7ef2d8b3e674c7861d"},"description":"Og hvis du \u00f8nsker \u00e5 tilbringe en uforglemmelig ferie p\u00e5 Mallorca , ikke n\u00f8l med \u00e5 velge en av Mallorca Pollensa-villaene som et sted \u00e5 hvile.","breadcrumb":{"@id":"https:\/\/blog.nordvillaspollensa.com\/no\/mallorca-pollensa-villaer\/#breadcrumb"},"inLanguage":"nb-NO","potentialAction":[{"@type":"ReadAction","target":["https:\/\/blog.nordvillaspollensa.com\/no\/mallorca-pollensa-villaer\/"]}]},{"@type":"ImageObject","inLanguage":"nb-NO","@id":"https:\/\/blog.nordvillaspollensa.com\/no\/mallorca-pollensa-villaer\/#primaryimage","url":"https:\/\/blog.nordvillaspollensa.com\/wp-content\/uploads\/2022\/01\/Captura-de-pantalla-2022-01-18-a-las-16.44.17.png","contentUrl":"https:\/\/blog.nordvillaspollensa.com\/wp-content\/uploads\/2022\/01\/Captura-de-pantalla-2022-01-18-a-las-16.44.17.png","width":1261,"height":877},{"@type":"BreadcrumbList","@id":"https:\/\/blog.nordvillaspollensa.com\/no\/mallorca-pollensa-villaer\/#breadcrumb","itemListElement":[{"@type":"ListItem","position":1,"name":"Home","item":"https:\/\/blog.nordvillaspollensa.com\/"},{"@type":"ListItem","position":2,"name":"Mallorca Pollensa villaer"}]},{"@type":"WebSite","@id":"https:\/\/blog.nordvillaspollensa.com\/#website","url":"https:\/\/blog.nordvillaspollensa.com\/","name":"Blog","description":"","potentialAction":[{"@type":"SearchAction","target":{"@type":"EntryPoint","urlTemplate":"https:\/\/blog.nordvillaspollensa.com\/?s={search_term_string}"},"query-input":{"@type":"PropertyValueSpecification","valueRequired":true,"valueName":"search_term_string"}}],"inLanguage":"nb-NO"},{"@type":"Person","@id":"https:\/\/blog.nordvillaspollensa.com\/#\/schema\/person\/bc98f3f935de2b7ef2d8b3e674c7861d","name":"nordvillaspollensa","image":{"@type":"ImageObject","inLanguage":"nb-NO","@id":"https:\/\/secure.gravatar.com\/avatar\/99197ff27043ec5d46dbc6d45891ee2769f2141cd226b537f17594ef60f82c55?s=96&d=mm&r=g","url":"https:\/\/secure.gravatar.com\/avatar\/99197ff27043ec5d46dbc6d45891ee2769f2141cd226b537f17594ef60f82c55?s=96&d=mm&r=g","contentUrl":"https:\/\/secure.gravatar.com\/avatar\/99197ff27043ec5d46dbc6d45891ee2769f2141cd226b537f17594ef60f82c55?s=96&d=mm&r=g","caption":"nordvillaspollensa"},"url":"https:\/\/blog.nordvillaspollensa.com\/no\/author\/nordvillaspollensa\/"}]}},"_links":{"self":[{"href":"https:\/\/blog.nordvillaspollensa.com\/no\/wp-json\/wp\/v2\/posts\/852","targetHints":{"allow":["GET"]}}],"collection":[{"href":"https:\/\/blog.nordvillaspollensa.com\/no\/wp-json\/wp\/v2\/posts"}],"about":[{"href":"https:\/\/blog.nordvillaspollensa.com\/no\/wp-json\/wp\/v2\/types\/post"}],"author":[{"embeddable":true,"href":"https:\/\/blog.nordvillaspollensa.com\/no\/wp-json\/wp\/v2\/users\/2"}],"replies":[{"embeddable":true,"href":"https:\/\/blog.nordvillaspollensa.com\/no\/wp-json\/wp\/v2\/comments?post=852"}],"version-history":[{"count":1,"href":"https:\/\/blog.nordvillaspollensa.com\/no\/wp-json\/wp\/v2\/posts\/852\/revisions"}],"predecessor-version":[{"id":853,"href":"https:\/\/blog.nordvillaspollensa.com\/no\/wp-json\/wp\/v2\/posts\/852\/revisions\/853"}],"wp:featuredmedia":[{"embeddable":true,"href":"https:\/\/blog.nordvillaspollensa.com\/no\/wp-json\/wp\/v2\/media\/854"}],"wp:attachment":[{"href":"https:\/\/blog.nordvillaspollensa.com\/no\/wp-json\/wp\/v2\/media?parent=852"}],"wp:term":[{"taxonomy":"category","embeddable":true,"href":"https:\/\/blog.nordvillaspollensa.com\/no\/wp-json\/wp\/v2\/categories?post=852"},{"taxonomy":"post_tag","embeddable":true,"href":"https:\/\/blog.nordvillaspollensa.com\/no\/wp-json\/wp\/v2\/tags?post=852"}],"curies":[{"name":"wp","href":"https:\/\/api.w.org\/{rel}","templated":true}]}}